{"id":326726,"date":"2025-08-18T09:18:09","date_gmt":"2025-08-18T09:18:09","guid":{"rendered":"https:\/\/www.europesays.com\/fr\/326726\/"},"modified":"2025-08-18T09:18:09","modified_gmt":"2025-08-18T09:18:09","slug":"meteo-a-marseille-apres-la-canicule-de-la-pluie-et-des-orages-annonces-les-secteurs-touches","status":"publish","type":"post","link":"https:\/\/www.europesays.com\/fr\/326726\/","title":{"rendered":"M\u00e9t\u00e9o \u00e0 Marseille. Apr\u00e8s la canicule, de la pluie et des orages annonc\u00e9s : les secteurs touch\u00e9s"},"content":{"rendered":"<p>            Par<br \/>\n        <strong><br \/>\n            <a href=\"https:\/\/actu.fr\/auteur\/thibault-nadal-actu-fr\" title=\"Consulter tous les articles de Thibault Nadal\" target=\"_blank\" rel=\"noopener\">Thibault Nadal<\/a><br \/>\n        <\/strong><\/p>\n<p>        Publi\u00e9 le<\/p>\n<p>            18 ao\u00fbt 2025 \u00e0 11h04        <\/p>\n<p>C\u2019est la premi\u00e8re semaine bonne nouvelle de la semaine. Apr\u00e8s neuf jours intenses, <a href=\"https:\/\/actu.fr\/provence-alpes-cote-d-azur\/marseille_13055\/canicule-a-marseille-et-dans-les-bouches-du-rhone-jusqu-a-quand-va-t-on-encore-suffoquer_63033358.html\" target=\"_blank\" rel=\"noopener\">l\u2019\u00e9pisode de canicule<\/a> sur les <a href=\"https:\/\/actu.fr\/provence-alpes-cote-d-azur\/bouches-du-rhone_13\" target=\"_blank\" rel=\"noopener\">Bouches-du-Rh\u00f4ne<\/a> s\u2019appr\u00eate \u00e0 <strong>prendre fin ce mardi 19\u00a0ao\u00fbt<\/strong> 2025, laissant place \u00e0 de la <a href=\"https:\/\/actu.fr\/tag\/pluie\" target=\"_blank\" rel=\"noopener\">pluie<\/a> et \u00e0 des <a href=\"https:\/\/actu.fr\/tag\/orages\" target=\"_blank\" rel=\"noopener\">orages<\/a>.<\/p>\n<p class=\" wall-content\">Voici les pr\u00e9visions des prochains jours.<\/p>\n<p>Une chute drastique des temp\u00e9ratures<\/p>\n<p class=\" wall-content\">Le week-end a \u00e9t\u00e9 particuli\u00e8rement dur sur Marseille avec des temp\u00e9ratures atteignant les 35\u00b0C la journ\u00e9e et <strong>sup\u00e9rieures \u00e0 25\u00b0C la nuit<\/strong>. Mais cette vague de canicule s\u2019appr\u00eate \u00e0 prendre fin. \u00ab\u2009Fin de canicule confirm\u00e9e dans le Sud-Est \u00e0 partir du mardi 19\u00a0ao\u00fbt\u2009\u00bb, s\u2019exclame sur X, Paul Marquis, fondateur de <a href=\"https:\/\/www.facebook.com\/lameteodu13\/\" target=\"_blank\" rel=\"noopener\">La M\u00e9t\u00e9o du 13<\/a>.<\/p>\n<p class=\" wall-content\">Apr\u00e8s les pics des derniers jours, le mercure va progressivement chuter pour passer sous la barre des 30\u00b0C d\u00e8s ce mardi. Et encore plus en fin de semaine. <strong>\u00ab\u2009Le thermom\u00e8tre va largement baisser pour se retrouver 2 \u00e0 3\u00b0 sous les moyennes de saison d\u00e8s jeudi\u2009\u00bb<\/strong>, poursuit le m\u00e9t\u00e9orologue ind\u00e9pendant.<\/p>\n<p class=\" wall-content\">\n<p class=\" wall-content\">En effet, en fin de semaine, les temp\u00e9ratures se situeront autour des 25\u00b0C sur l\u2019ensemble du d\u00e9partement. <strong>Un \u00e9cart de 10\u00b0C en seulement en quelques jours<\/strong>.<\/p>\n<p>Des orages et de la pluie mardi et mercredi<\/p>\n<p class=\" wall-content\">Mais avant de profiter du soleil et de temp\u00e9ratures agr\u00e9ables, des orages et de la pluie vont s\u2019abattre sur les Bouches-du-Rh\u00f4ne. \u00ab\u2009Le temps sera de plus en plus instable et orageux entre mardi soir et mercredi soir notamment\u2009\u00bb, explique Paul Marquis.<\/p>\n<p>    <a href=\"https:\/\/www.facebook.com\/plugins\/post.php?href=https%3A%2F%2Fwww.facebook.com%2Flameteodu13%2Fposts%2Fpfbid02m9pwAcR4AkpUdQ9YSECzsrDzt4PbwhPt1XNRMArHGrkKQRvENVAJLiygxQCojoM2l&amp;show_text=true&amp;width=350\" title=\"Ouvrie le lien\" target=\"_blank\" rel=\"noopener\">Cliquez ici pour visualiser le contenu<\/a><\/p>\n<p class=\" wall-content\">Ce mardi, le d\u00e9partement a \u00e9t\u00e9 plac\u00e9 en vigilance jaune orages par <a href=\"https:\/\/actu.fr\/tag\/meteo-france\" target=\"_blank\" rel=\"noopener\">M\u00e9t\u00e9o-France<\/a>. D\u00e8s ce mardi, les habitants se l\u00e8veront avec des averses de pluie, sauf \u00e0 Marseille o\u00f9 elle devrait faire son apparition dans le milieu de l\u2019apr\u00e8s-midi.<\/p>\n<p class=\" wall-content\">Les premiers coups de tonnerre, eux, feront <strong>leurs apparitions dans la soir\u00e9e<\/strong>, plut\u00f4t dans le nord des Bouches-du-Rh\u00f4ne, au niveau d\u2019Arles et de Peyrolles-en-Provence. La journ\u00e9e de mercredi sera encore plus instable avec <strong>des averses orageuses<\/strong> sur l\u2019ensemble du d\u00e9partement.<\/p>\n<p class=\" wall-content\">Suivez toute l\u2019actualit\u00e9 de vos villes et m\u00e9dias favoris en vous inscrivant \u00e0 <a href=\"https:\/\/moncompte.actu.fr\" title=\"D\u00e9couvez Mon Actu\" rel=\"nofollow noopener\" data-trk=\"{&quot;cta&quot;:{&quot;action&quot;:&quot;https:\\\/\\\/moncompte.actu.fr&quot;,&quot;category&quot;:&quot;mon compte&quot;,&quot;from&quot;:&quot;article footer&quot;,&quot;name&quot;:&quot;Mon actu&quot;,&quot;type&quot;:&quot;cta&quot;}}\" target=\"_blank\">Mon Actu<\/a>.<\/p>\n","protected":false},"excerpt":{"rendered":"Par Thibault Nadal Publi\u00e9 le 18 ao\u00fbt 2025 \u00e0 11h04 C\u2019est la premi\u00e8re semaine bonne nouvelle de la&hellip;\n","protected":false},"author":2,"featured_media":17892,"comment_status":"","ping_status":"","sticky":false,"template":"","format":"standard","meta":{"footnotes":""},"categories":[2814],"tags":[1111,11,6698,1777,674,1011,27,884,2487,2357,12,4594,882,25],"class_list":{"0":"post-326726","1":"post","2":"type-post","3":"status-publish","4":"format-standard","5":"has-post-thumbnail","7":"category-marseille","8":"tag-actu","9":"tag-actualites","10":"tag-canicule","11":"tag-eu","12":"tag-europe","13":"tag-fr","14":"tag-france","15":"tag-marseille","16":"tag-meteo","17":"tag-meteo-france","18":"tag-news","19":"tag-orages","20":"tag-provence-alpes-cote-dazur","21":"tag-republique-francaise"},"share_on_mastodon":{"url":"https:\/\/pubeurope.com\/@fr\/115049024992298255","error":""},"_links":{"self":[{"href":"https:\/\/www.europesays.com\/fr\/wp-json\/wp\/v2\/posts\/326726","targetHints":{"allow":["GET"]}}],"collection":[{"href":"https:\/\/www.europesays.com\/fr\/wp-json\/wp\/v2\/posts"}],"about":[{"href":"https:\/\/www.europesays.com\/fr\/wp-json\/wp\/v2\/types\/post"}],"author":[{"embeddable":true,"href":"https:\/\/www.europesays.com\/fr\/wp-json\/wp\/v2\/users\/2"}],"replies":[{"embeddable":true,"href":"https:\/\/www.europesays.com\/fr\/wp-json\/wp\/v2\/comments?post=326726"}],"version-history":[{"count":0,"href":"https:\/\/www.europesays.com\/fr\/wp-json\/wp\/v2\/posts\/326726\/revisions"}],"wp:featuredmedia":[{"embeddable":true,"href":"https:\/\/www.europesays.com\/fr\/wp-json\/wp\/v2\/media\/17892"}],"wp:attachment":[{"href":"https:\/\/www.europesays.com\/fr\/wp-json\/wp\/v2\/media?parent=326726"}],"wp:term":[{"taxonomy":"category","embeddable":true,"href":"https:\/\/www.europesays.com\/fr\/wp-json\/wp\/v2\/categories?post=326726"},{"taxonomy":"post_tag","embeddable":true,"href":"https:\/\/www.europesays.com\/fr\/wp-json\/wp\/v2\/tags?post=326726"}],"curies":[{"name":"wp","href":"https:\/\/api.w.org\/{rel}","templated":true}]}}