{"id":326729,"date":"2025-08-18T09:20:09","date_gmt":"2025-08-18T09:20:09","guid":{"rendered":"https:\/\/www.europesays.com\/fr\/326729\/"},"modified":"2025-08-18T09:20:09","modified_gmt":"2025-08-18T09:20:09","slug":"ce-magasin-de-sports-de-la-part-dieu-en-liquidation-totale-pourquoi-il-va-etre-pris-dassaut-cette-semaine","status":"publish","type":"post","link":"https:\/\/www.europesays.com\/fr\/326729\/","title":{"rendered":"ce magasin de sports de la Part-Dieu en liquidation totale, pourquoi il va \u00eatre pris d&rsquo;assaut cette semaine"},"content":{"rendered":"<p itemprop=\"description\"><strong>Les amateurs de sport vont pouvoir profiter de remises int\u00e9ressantes.<\/strong><\/p>\n<p>D\u00e8s le 8 septembre prochain, le magasin de la c\u00e9l\u00e8bre enseigne d\u2019\u00e9quipements sportifs, Intersport, sera en travaux au centre commercial Westfield Part-Dieu.<\/p>\n<p>\u00ab\u00a0Le magasin sera refait dans son int\u00e9gralit\u00e9 pour \u00eatre au dernier concept de l\u2019enseigne Intersport. Les travaux s\u2019effectuant de nuit, le magasin restera ouvert durant toute la dur\u00e9e des travaux\u00a0\u00bb, pr\u00e9cise l\u2019enseigne dans un communiqu\u00e9.<\/p>\n<p>De fait, \u00e0 compter de ce mercredi, \u00e0 8h30, le magasin sera en liquidation totale. Tous les articles d\u2019Intersport Lyon Part-Dieu (situ\u00e9 niveau 0 et 1) seront remis\u00e9s. Certains produits pourront b\u00e9n\u00e9ficier d\u2019une r\u00e9duction allant jusqu\u2019\u00e0 -60%. La liquidation s\u2019ach\u00e8vera le 8 septembre, lorsque le chantier d\u00e9butera.<\/p>\n<p>Les travaux, quant \u00e0 eux, s&rsquo;\u00e9tendront jusqu\u2019au mercredi 29 octobre prochain, date de r\u00e9ouverture programm\u00e9e.<\/p>\n","protected":false},"excerpt":{"rendered":"Les amateurs de sport vont pouvoir profiter de remises int\u00e9ressantes. D\u00e8s le 8 septembre prochain, le magasin de&hellip;\n","protected":false},"author":2,"featured_media":326730,"comment_status":"","ping_status":"","sticky":false,"template":"","format":"standard","meta":{"footnotes":""},"categories":[1889],"tags":[1111,11,2813,2190,2430,1109,251,1112,2811,1777,674,118,1011,27,1922,1110,1114,2428,2810,12,241,316,25,2812,517,800],"class_list":{"0":"post-326729","1":"post","2":"type-post","3":"status-publish","4":"format-standard","5":"has-post-thumbnail","7":"category-lyon","8":"tag-actu","9":"tag-actualites","10":"tag-article","11":"tag-asvel","12":"tag-auvergne-rhone-alpes","13":"tag-breves","14":"tag-culture","15":"tag-depeches","16":"tag-economique","17":"tag-eu","18":"tag-europe","19":"tag-faits-divers","20":"tag-fr","21":"tag-france","22":"tag-info","23":"tag-informations","24":"tag-infos","25":"tag-lyon","26":"tag-lyonmag","27":"tag-news","28":"tag-ol","29":"tag-politique","30":"tag-republique-francaise","31":"tag-sociale","32":"tag-sport","33":"tag-transports"},"share_on_mastodon":{"url":"https:\/\/pubeurope.com\/@fr\/115049032856483155","error":""},"_links":{"self":[{"href":"https:\/\/www.europesays.com\/fr\/wp-json\/wp\/v2\/posts\/326729","targetHints":{"allow":["GET"]}}],"collection":[{"href":"https:\/\/www.europesays.com\/fr\/wp-json\/wp\/v2\/posts"}],"about":[{"href":"https:\/\/www.europesays.com\/fr\/wp-json\/wp\/v2\/types\/post"}],"author":[{"embeddable":true,"href":"https:\/\/www.europesays.com\/fr\/wp-json\/wp\/v2\/users\/2"}],"replies":[{"embeddable":true,"href":"https:\/\/www.europesays.com\/fr\/wp-json\/wp\/v2\/comments?post=326729"}],"version-history":[{"count":0,"href":"https:\/\/www.europesays.com\/fr\/wp-json\/wp\/v2\/posts\/326729\/revisions"}],"wp:featuredmedia":[{"embeddable":true,"href":"https:\/\/www.europesays.com\/fr\/wp-json\/wp\/v2\/media\/326730"}],"wp:attachment":[{"href":"https:\/\/www.europesays.com\/fr\/wp-json\/wp\/v2\/media?parent=326729"}],"wp:term":[{"taxonomy":"category","embeddable":true,"href":"https:\/\/www.europesays.com\/fr\/wp-json\/wp\/v2\/categories?post=326729"},{"taxonomy":"post_tag","embeddable":true,"href":"https:\/\/www.europesays.com\/fr\/wp-json\/wp\/v2\/tags?post=326729"}],"curies":[{"name":"wp","href":"https:\/\/api.w.org\/{rel}","templated":true}]}}