{"id":326731,"date":"2025-08-18T09:21:11","date_gmt":"2025-08-18T09:21:11","guid":{"rendered":"https:\/\/www.europesays.com\/fr\/326731\/"},"modified":"2025-08-18T09:21:11","modified_gmt":"2025-08-18T09:21:11","slug":"un-chien-meurt-apres-avoir-ete-frappe-en-pleine-rue","status":"publish","type":"post","link":"https:\/\/www.europesays.com\/fr\/326731\/","title":{"rendered":"un chien meurt apr\u00e8s avoir \u00e9t\u00e9 frapp\u00e9 en pleine rue"},"content":{"rendered":"<p>            Par<br \/>\n        <strong><br \/>\n            <a href=\"https:\/\/actu.fr\/auteur\/ludivine-caporal\" title=\"Consulter tous les articles de Ludivine Caporal\" target=\"_blank\" rel=\"noopener\">Ludivine Caporal<\/a><br \/>\n        <\/strong><\/p>\n<p>        Publi\u00e9 le<\/p>\n<p>            18 ao\u00fbt 2025 \u00e0 11h10        <\/p>\n<p>C\u2019est un lieu bien connu des propri\u00e9taires de chiens, nombreux \u00e0 se retrouver matin et soir pour faire jouer leurs animaux ensemble et passer un moment agr\u00e9able.\u00a0<br \/>Mais cette fois-ci, la <strong>place Mar\u00e9chal Lyautey<\/strong>, dans le 6e arrondissement de <a href=\"https:\/\/actu.fr\/auvergne-rhone-alpes\/lyon_69123\" target=\"_blank\" rel=\"noopener\">Lyon<\/a>, a \u00e9t\u00e9 le th\u00e9\u00e2tre d\u2019une dramatique agression. Mercredi 13 ao\u00fbt, vers 22h30, un chien Husky a \u00e9t\u00e9 violemment frapp\u00e9 par un passant alors qu\u2019il avait \u00e9chapp\u00e9 \u00e0 son ma\u00eetre. Il en est d\u00e9c\u00e9d\u00e9 quelques heures plus tard.<\/p>\n<p>\u00ab\u00a0Des coups de pieds tr\u00e8s violents\u00a0\u00bb<\/p>\n<p class=\" wall-content\">Selon un t\u00e9moin, qui n\u2019a vu qu\u2019une partie de la sc\u00e8ne, l\u2019agresseur \u00e9tait un homme \u00ab\u00a0tr\u00e8s \u00e9nerv\u00e9\u00a0\u00bb qui aurait expliqu\u00e9 vouloir \u00ab\u00a0d\u00e9fendre son chien qui se faisait attaquer\u00a0\u00bb par le Husky. Il aurait ainsi ass\u00e9n\u00e9 \u00ab\u00a0des coups de pieds tr\u00e8s violents\u00a0\u00bb \u00e0 l\u2019animal.\u00a0<\/p>\n<p class=\" wall-content\">Apr\u00e8s avoir \u00e9t\u00e9 violent\u00e9, le chien est tr\u00e8s vite apparu <strong>totalement d\u00e9sorient\u00e9<\/strong> et s\u2019est allong\u00e9 calmement. \u00ab\u00a0Il ne r\u00e9pondait plus aux stimulus\u00a0\u00bb, raconte le t\u00e9moin, qui a attendu une heure \u00e0 ses c\u00f4t\u00e9s apr\u00e8s avoir appel\u00e9 la police, qui a elle-m\u00eame contact\u00e9 la fourri\u00e8re.\u00a0<\/p>\n<p class=\" wall-content\">\u00ab\u00a0Lorsque la personne de la fourri\u00e8re est arriv\u00e9e, elle a tout de suite dit qu\u2019il y avait quelque chose d\u2019anormal (dans les r\u00e9actions du Husky, ndlr),\u00a0\u00bb poursuit-il.\u00a0<\/p>\n<p>    <a href=\"https:\/\/www.google.com\/maps\/embed?pb=!1m18!1m12!1m3!1d2783.1283066919727!2d4.84033077661957!3d45.76861881307542!2m3!1f0!2f0!3f0!3m2!1i1024!2i768!4f13.1!3m3!1m2!1s0x47f4eaf0b389f631%3A0xf4c47f4f2c6ff621!2sPl.%20Mar%C3%A9chal%20Lyautey%2C%2069006%20Lyon!5e0!3m2!1sfr!2sfr!4v1755507238263!5m2!1sfr!2sfr\" title=\"Ouvrie le lien\" target=\"_blank\" rel=\"noopener\">Cliquez ici pour visualiser le contenu<\/a><\/p>\n<p>Une plainte d\u00e9pos\u00e9e pour actes de cruaut\u00e9<\/p>\n<p class=\" wall-content\">Quelques heures plus tard, le chien a finalement \u00e9t\u00e9 rendu \u00e0 ses propri\u00e9taires, des habitants du 6e arrondissement de Lyon. Mais, trop mal en point, le pauvre animal n\u2019a pas surv\u00e9cu \u00e0 ses blessures \u00ab\u00a0invisibles\u00a0\u00bb. Il est finalement d\u00e9c\u00e9d\u00e9 durant la nuit d\u2019une <strong>h\u00e9morragie interne<\/strong> alors que ses ma\u00eetres \u00e9taient en train de l\u2019amener aux urgences.<\/p>\n<p class=\" wall-content\">Le samedi 16 ao\u00fbt, ses propri\u00e9taires ont ainsi d\u00e9pos\u00e9 plainte pour \u00ab\u00a0actes de cruaut\u00e9 envers un animal domestique ayant entra\u00een\u00e9 la mort\u00a0\u00bb, confirme <a href=\"https:\/\/actu.fr\/tag\/police\" target=\"_blank\" rel=\"noopener\">la police<\/a> \u00e0 actu Lyon.<\/p>\n<p class=\" wall-content\"><strong>Une enqu\u00eate est en cours<\/strong> pour retrouver l\u2019agresseur du Husky et faire toute la lumi\u00e8re sur ce drame.<\/p>\n<p class=\" wall-content\">Suivez toute l\u2019actualit\u00e9 de vos villes et m\u00e9dias favoris en vous inscrivant \u00e0 <a href=\"https:\/\/moncompte.actu.fr\" title=\"D\u00e9couvez Mon Actu\" rel=\"nofollow noopener\" data-trk=\"{&quot;cta&quot;:{&quot;action&quot;:&quot;https:\\\/\\\/moncompte.actu.fr&quot;,&quot;category&quot;:&quot;mon compte&quot;,&quot;from&quot;:&quot;article footer&quot;,&quot;name&quot;:&quot;Mon actu&quot;,&quot;type&quot;:&quot;cta&quot;}}\" target=\"_blank\">Mon Actu<\/a>.<\/p>\n","protected":false},"excerpt":{"rendered":"Par Ludivine Caporal Publi\u00e9 le 18 ao\u00fbt 2025 \u00e0 11h10 C\u2019est un lieu bien connu des propri\u00e9taires de&hellip;\n","protected":false},"author":2,"featured_media":326732,"comment_status":"","ping_status":"","sticky":false,"template":"","format":"standard","meta":{"footnotes":""},"categories":[1889],"tags":[1111,11,1867,2430,1777,674,118,1011,27,2428,6795,12,1072,25],"class_list":{"0":"post-326731","1":"post","2":"type-post","3":"status-publish","4":"format-standard","5":"has-post-thumbnail","7":"category-lyon","8":"tag-actu","9":"tag-actualites","10":"tag-animaux","11":"tag-auvergne-rhone-alpes","12":"tag-eu","13":"tag-europe","14":"tag-faits-divers","15":"tag-fr","16":"tag-france","17":"tag-lyon","18":"tag-maltraitance-animale","19":"tag-news","20":"tag-police","21":"tag-republique-francaise"},"share_on_mastodon":{"url":"https:\/\/pubeurope.com\/@fr\/115049036761162105","error":""},"_links":{"self":[{"href":"https:\/\/www.europesays.com\/fr\/wp-json\/wp\/v2\/posts\/326731","targetHints":{"allow":["GET"]}}],"collection":[{"href":"https:\/\/www.europesays.com\/fr\/wp-json\/wp\/v2\/posts"}],"about":[{"href":"https:\/\/www.europesays.com\/fr\/wp-json\/wp\/v2\/types\/post"}],"author":[{"embeddable":true,"href":"https:\/\/www.europesays.com\/fr\/wp-json\/wp\/v2\/users\/2"}],"replies":[{"embeddable":true,"href":"https:\/\/www.europesays.com\/fr\/wp-json\/wp\/v2\/comments?post=326731"}],"version-history":[{"count":0,"href":"https:\/\/www.europesays.com\/fr\/wp-json\/wp\/v2\/posts\/326731\/revisions"}],"wp:featuredmedia":[{"embeddable":true,"href":"https:\/\/www.europesays.com\/fr\/wp-json\/wp\/v2\/media\/326732"}],"wp:attachment":[{"href":"https:\/\/www.europesays.com\/fr\/wp-json\/wp\/v2\/media?parent=326731"}],"wp:term":[{"taxonomy":"category","embeddable":true,"href":"https:\/\/www.europesays.com\/fr\/wp-json\/wp\/v2\/categories?post=326731"},{"taxonomy":"post_tag","embeddable":true,"href":"https:\/\/www.europesays.com\/fr\/wp-json\/wp\/v2\/tags?post=326731"}],"curies":[{"name":"wp","href":"https:\/\/api.w.org\/{rel}","templated":true}]}}