{"id":326735,"date":"2025-08-18T09:23:09","date_gmt":"2025-08-18T09:23:09","guid":{"rendered":"https:\/\/www.europesays.com\/fr\/326735\/"},"modified":"2025-08-18T09:23:09","modified_gmt":"2025-08-18T09:23:09","slug":"apres-un-siecle-dabsence-le-loup-est-de-retour-en-ile-de-france-et-ca-ne-plait-pas-a-tout-le-monde","status":"publish","type":"post","link":"https:\/\/www.europesays.com\/fr\/326735\/","title":{"rendered":"Apr\u00e8s un si\u00e8cle d\u2019absence, le loup est de retour en \u00cele-de-France\u2026 et \u00e7a ne pla\u00eet pas \u00e0 tout le monde"},"content":{"rendered":"<p>S\u00e9rie\u00c9pisode 1On l\u2019a photographi\u00e9 dans un champ \u00e0 la fronti\u00e8re de l\u2019Eure et des Yvelines ou retrouv\u00e9 tu\u00e9 par une voiture en Seine-et-Marne. Et probablement abattu en for\u00eat de Rambouillet au mois de mars. Cet \u00e9t\u00e9, Le Parisien revient sur une dr\u00f4le de saga\u00a0: l\u2019\u00cele-de-France confront\u00e9e \u00e0 son (ses) loup(s).<\/p>\n<p class=\"lp-f-ui-04-strong lp-mt-03 lp-mb-01\">Par\u00a0<a href=\"https:\/\/www.leparisien.fr\/auteur\/elisabeth-gardet\/\" class=\"lp-link lp-link--underline lp-link--text lp-link--size-ui-04-strong\" rel=\"nofollow noopener\" target=\"_blank\">Elisabeth Gardet<\/a><\/p>\n<p class=\"lp-f-ui-05 lp-color-text-muted\">Le 18 ao\u00fbt 2025 \u00e0 11h11, modifi\u00e9 le 18 ao\u00fbt 2025 \u00e0 11h11<\/p>\n","protected":false},"excerpt":{"rendered":"S\u00e9rie\u00c9pisode 1On l\u2019a photographi\u00e9 dans un champ \u00e0 la fronti\u00e8re de l\u2019Eure et des Yvelines ou retrouv\u00e9 tu\u00e9&hellip;\n","protected":false},"author":2,"featured_media":326736,"comment_status":"","ping_status":"","sticky":false,"template":"","format":"standard","meta":{"footnotes":""},"categories":[1592],"tags":[1111,11,1867,1777,674,1011,27,662,1944,12,626,25,1938],"class_list":{"0":"post-326735","1":"post","2":"type-post","3":"status-publish","4":"format-standard","5":"has-post-thumbnail","7":"category-ile-de-france","8":"tag-actu","9":"tag-actualites","10":"tag-animaux","11":"tag-eu","12":"tag-europe","13":"tag-fr","14":"tag-france","15":"tag-ile-de-france","16":"tag-ma-ville","17":"tag-news","18":"tag-paris","19":"tag-republique-francaise","20":"tag-yvelines"},"share_on_mastodon":{"url":"https:\/\/pubeurope.com\/@fr\/115049044623580898","error":""},"_links":{"self":[{"href":"https:\/\/www.europesays.com\/fr\/wp-json\/wp\/v2\/posts\/326735","targetHints":{"allow":["GET"]}}],"collection":[{"href":"https:\/\/www.europesays.com\/fr\/wp-json\/wp\/v2\/posts"}],"about":[{"href":"https:\/\/www.europesays.com\/fr\/wp-json\/wp\/v2\/types\/post"}],"author":[{"embeddable":true,"href":"https:\/\/www.europesays.com\/fr\/wp-json\/wp\/v2\/users\/2"}],"replies":[{"embeddable":true,"href":"https:\/\/www.europesays.com\/fr\/wp-json\/wp\/v2\/comments?post=326735"}],"version-history":[{"count":0,"href":"https:\/\/www.europesays.com\/fr\/wp-json\/wp\/v2\/posts\/326735\/revisions"}],"wp:featuredmedia":[{"embeddable":true,"href":"https:\/\/www.europesays.com\/fr\/wp-json\/wp\/v2\/media\/326736"}],"wp:attachment":[{"href":"https:\/\/www.europesays.com\/fr\/wp-json\/wp\/v2\/media?parent=326735"}],"wp:term":[{"taxonomy":"category","embeddable":true,"href":"https:\/\/www.europesays.com\/fr\/wp-json\/wp\/v2\/categories?post=326735"},{"taxonomy":"post_tag","embeddable":true,"href":"https:\/\/www.europesays.com\/fr\/wp-json\/wp\/v2\/tags?post=326735"}],"curies":[{"name":"wp","href":"https:\/\/api.w.org\/{rel}","templated":true}]}}