{"id":326737,"date":"2025-08-18T09:24:18","date_gmt":"2025-08-18T09:24:18","guid":{"rendered":"https:\/\/www.europesays.com\/fr\/326737\/"},"modified":"2025-08-18T09:24:18","modified_gmt":"2025-08-18T09:24:18","slug":"aux-etats-unis-des-americains-sceptiques-sur-le-rapprochement-entre-washington-et-moscou","status":"publish","type":"post","link":"https:\/\/www.europesays.com\/fr\/326737\/","title":{"rendered":"aux Etats-Unis, des Am\u00e9ricains sceptiques sur le rapprochement entre Washington et Moscou"},"content":{"rendered":"\n<p class=\"c-chapo \">\n  Une r\u00e9union a lieu lundi \u00e0 la Maison Blanche, autour de Donald Trump, Volodymyr Zelensky et des dirigeants europ\u00e9ens. Des habitants rencontr\u00e9s \u00e0 Washington confient ne pas dig\u00e9rer la proximit\u00e9 affich\u00e9e entre le pr\u00e9sident am\u00e9ricain et le chef du Kremlin.\n<\/p>\n<p>            lire plus tard<\/p>\n<p id=\"dialog__title\" class=\"dialog__title\">Pour sauvegarder cet article, connectez-vous ou cr\u00e9ez un compte franceinfo<\/p>\n<p class=\"dialog__description\">Sans paiement. Sans abonnement.<\/p>\n<p>        Fermer la fen\u00eatre d\u2019activation des notifications France Info<\/p>\n<p>            cr\u00e9er votre compte<\/p>\n<p>            se connecter<\/p>\n<p>        Fermer la fen\u00eatre de pr\u00e9sentation<\/p>\n<p>    <img loading=\"lazy\" decoding=\"async\" class=\"signature__image lazyload\" width=\"100\" height=\"100\" data- alt=\"\" src=\"https:\/\/www.europesays.com\/fr\/wp-content\/uploads\/2025\/05\/64a7df4c5fe71_placeholder-36b69ec8.png\"\/><\/p>\n<p>    Publi\u00e9 le 18\/08\/2025 08:57<\/p>\n<p>        Temps de lecture : 2min<\/p>\n<p>    <img decoding=\"async\"  alt=\"Le pr\u00e9sident am\u00e9ricain, Donald Trump, au c\u00f4t\u00e9 du pr\u00e9sident russe, Vladimir Poutine, le 15 ao\u00fbt 2025 \u00e0 Anchorage, en Alaska (Etats-Unis). (DREW ANGERER \/ AFP)\" width=\"432\" height=\"243\" src=\"https:\/\/www.europesays.com\/fr\/wp-content\/uploads\/2025\/08\/000-69nj8ev-68a2caa5cddaa896628181.jpg\" fetchpriority=\"high\"\/><\/p>\n<p>      Le pr\u00e9sident am\u00e9ricain, Donald Trump, au c\u00f4t\u00e9 du pr\u00e9sident russe, Vladimir Poutine, le 15 ao\u00fbt 2025 \u00e0 Anchorage, en Alaska (Etats-Unis). (DREW ANGERER \/ AFP)<\/p>\n<p>Apr\u00e8s le sommet en Alaska de vendredi 15 ao\u00fbt, une nouvelle s\u00e9quence diplomatique s\u2019ouvre lundi \u00e0 Washington sur la guerre en Ukraine. <a href=\"https:\/\/www.franceinfo.fr\/monde\/europe\/manifestations-en-ukraine\/guerre-en-ukraine-quels-sont-les-enjeux-de-la-rencontre-avec-donald-trump-pour-volodymyr-zelensky-et-les-principaux-dirigeants-europeens_7439824.html\" rel=\"nofollow noopener\" target=\"_blank\">Volodymyr Zelensky est re\u00e7u dans la soir\u00e9e<\/a> par Donald Trump \u00e0 la Maison Blanche. Ils seront ensuite rejoints par les alli\u00e9s europ\u00e9ens du pr\u00e9sident ukrainien : <a href=\"https:\/\/www.franceinfo.fr\/replay-radio\/l-edito-politique\/edito-guerre-en-ukraine-quel-role-pour-emmanuel-macron-lors-de-la-reunion-a-washington_7404076.html\" rel=\"nofollow noopener\" target=\"_blank\">Emmanuel Macron<\/a>, le Premier ministre britannique Keir Starmer ou encore le chancelier allemand Friedrich Merz, qui font le d\u00e9placement \u00e0 Washington pour venir l\u2019\u00e9pauler.<\/p>\n<p>Apr\u00e8s avoir r\u00e9p\u00e9t\u00e9 vouloir un cessez-le-feu, Donald Trump s&rsquo;est align\u00e9 sur les exigences de Vladimir Poutine parle aujourd\u2019hui d\u2019un accord de paix \u00e0 trouver. Les images du spectaculaire rapprochement des pr\u00e9sidents am\u00e9ricain et russe en Alaska ont \u00e9t\u00e9 vertement critiqu\u00e9es par plusieurs figures d\u00e9mocrates. Elles font aussi r\u00e9agir les Am\u00e9ricains rencontr\u00e9s, qu\u2019ils soient r\u00e9publicains ou non.<\/p>\n<p>Que la Russie soit redevenue un interlocuteur sur la sc\u00e8ne diplomatique, Bob ne le dig\u00e8re pas : \u00ab\u00a0Quand je pense \u00e0 la diff\u00e9rence, la mani\u00e8re dont il a trait\u00e9 Zelensky la derni\u00e8re fois qu\u2019il est venu \u00e0 la Maison Blanche, c\u2019\u00e9tait scandaleux, j\u2019ai eu honte pour mon pays. Zelensky est tr\u00e8s courageux, son peuple aussi.\u00a0\u00bb\u00a0Ce qui d\u00e9sole ce retrait\u00e9, c\u2019est que, selon lui, Donald Trump ait adopt\u00e9 le discours de Vladimir Poutine sur la r\u00e9solution du conflit. \u00ab\u00a0Trump s\u2019agenouille devant Poutine, mais la Russie n\u2019est pas notre alli\u00e9e, c\u2019est notre ennemie !\u00a0\u00bb<\/p>\n<p>Bill, un r\u00e9publicain pur jus, abonde : \u00ab\u00a0Il ne peut pas y avoir de relation d\u2019\u00e9gal \u00e0 \u00e9gal avec ce pays. Je pense que les sanctions contre la Russie doivent continuer, qu\u2019il ne faut pas lui c\u00e9der de territoires ukrainiens. Mais en m\u00eame temps, si c\u2019est ce qu\u2019il faut pour arr\u00eater les massacres, alors c\u2019est une bonne chose.\u00a0\u00bb<\/p>\n<p>Idem, poursuit J.D., un jeune militaire : \u00ab\u00a0Je suis d\u2019accord, mais il faut que \u00e7a fasse consensus, c\u2019est au peuple de d\u00e9cider.\u00a0\u00bb Et Tommy, un garagiste, d\u2019interroger : \u00ab\u00a0Si vous aviez une maison et que votre voisin vous disait : &lsquo;Tu me la donnes et ton terrain aussi, contre la paix&rsquo;, vous diriez oui ?\u00a0\u00bb Tout en avouant ne pas avoir la r\u00e9ponse \u00e0 cette question.<\/p>\n","protected":false},"excerpt":{"rendered":"Une r\u00e9union a lieu lundi \u00e0 la Maison Blanche, autour de Donald Trump, Volodymyr Zelensky et des dirigeants&hellip;\n","protected":false},"author":2,"featured_media":326738,"comment_status":"","ping_status":"","sticky":false,"template":"","format":"standard","meta":{"footnotes":""},"categories":[1888],"tags":[1111,1928,11,1927,1777,674,1011,27,12,1926,626,1925,25],"class_list":{"0":"post-326737","1":"post","2":"type-post","3":"status-publish","4":"format-standard","5":"has-post-thumbnail","7":"category-paris","8":"tag-actu","9":"tag-actu-paris","10":"tag-actualites","11":"tag-actualites-paris","12":"tag-eu","13":"tag-europe","14":"tag-fr","15":"tag-france","16":"tag-news","17":"tag-news-paris","18":"tag-paris","19":"tag-paris-news","20":"tag-republique-francaise"},"share_on_mastodon":{"url":"https:\/\/pubeurope.com\/@fr\/115049048627795726","error":""},"_links":{"self":[{"href":"https:\/\/www.europesays.com\/fr\/wp-json\/wp\/v2\/posts\/326737","targetHints":{"allow":["GET"]}}],"collection":[{"href":"https:\/\/www.europesays.com\/fr\/wp-json\/wp\/v2\/posts"}],"about":[{"href":"https:\/\/www.europesays.com\/fr\/wp-json\/wp\/v2\/types\/post"}],"author":[{"embeddable":true,"href":"https:\/\/www.europesays.com\/fr\/wp-json\/wp\/v2\/users\/2"}],"replies":[{"embeddable":true,"href":"https:\/\/www.europesays.com\/fr\/wp-json\/wp\/v2\/comments?post=326737"}],"version-history":[{"count":0,"href":"https:\/\/www.europesays.com\/fr\/wp-json\/wp\/v2\/posts\/326737\/revisions"}],"wp:featuredmedia":[{"embeddable":true,"href":"https:\/\/www.europesays.com\/fr\/wp-json\/wp\/v2\/media\/326738"}],"wp:attachment":[{"href":"https:\/\/www.europesays.com\/fr\/wp-json\/wp\/v2\/media?parent=326737"}],"wp:term":[{"taxonomy":"category","embeddable":true,"href":"https:\/\/www.europesays.com\/fr\/wp-json\/wp\/v2\/categories?post=326737"},{"taxonomy":"post_tag","embeddable":true,"href":"https:\/\/www.europesays.com\/fr\/wp-json\/wp\/v2\/tags?post=326737"}],"curies":[{"name":"wp","href":"https:\/\/api.w.org\/{rel}","templated":true}]}}