{"id":326739,"date":"2025-08-18T09:25:16","date_gmt":"2025-08-18T09:25:16","guid":{"rendered":"https:\/\/www.europesays.com\/fr\/326739\/"},"modified":"2025-08-18T09:25:16","modified_gmt":"2025-08-18T09:25:16","slug":"paris-montceau-news-linformation-de-montceau-les-mines-et-sa-region","status":"publish","type":"post","link":"https:\/\/www.europesays.com\/fr\/326739\/","title":{"rendered":"Paris \u00ab Montceau News | L&rsquo;information de Montceau les Mines et sa region"},"content":{"rendered":"<p>\t\t\tlundi 18 ao\u00fbt 2025 \u00e0 06:20<\/p>\n<p>\t\t\t\tC\u2019est un peu du Creusot qui s\u2019\u00e9l\u00e8ve et \u00e9merveille, chaque soir, dans le ciel de la capitale<\/p>\n<p> <b>\u00a0<\/b><\/p>\n<p>Les Jeux Olympiques et Paralympiques de Paris 2024 c\u2019\u00e9tait il y a un an. Ils avaient suscit\u00e9 un engouement exceptionnel. Un an apr\u00e8s, les belles images sont toujours dans les t\u00eates.\u00a0<\/p>\n<p>\u00a0<\/p>\n<p><strong>Pour lire la suite :<\/strong><\/p>\n<p>\u00a0<\/p>\n<p><a href=\"https:\/\/www.creusot-infos.com\/news\/bourgogne-franche-comte\/bourgogne-franche-comte\/paris-c-est-un-peu-du-creusot-et-de-la-bourgogne-qui-s-eleve-et-emerveille-chaque-soir-dans-le-ciel-de-la-capitale.html\" target=\"_blank\" rel=\"noopener nofollow\"><strong>https:\/\/www.creusot-infos.com\/news\/bourgogne-franche-comte\/bourgogne-franche-comte\/paris-c-est-un-peu-du-creusot-et-de-la-bourgogne-qui-s-eleve-et-emerveille-chaque-soir-dans-le-ciel-de-la-capitale.html<\/strong><\/a><\/p>\n<p>\u00a0<\/p>\n<p>\u00a0<\/p>\n<p><img fetchpriority=\"high\" decoding=\"async\" class=\"aligncenter size-full wp-image-845595\" src=\"https:\/\/www.europesays.com\/fr\/wp-content\/uploads\/2025\/08\/le-creusot-180825.webp.webp\" alt=\"le-creusot-180825\" width=\"700\" height=\"525\"  \/><\/p>\n","protected":false},"excerpt":{"rendered":"lundi 18 ao\u00fbt 2025 \u00e0 06:20 C\u2019est un peu du Creusot qui s\u2019\u00e9l\u00e8ve et \u00e9merveille, chaque soir, dans&hellip;\n","protected":false},"author":2,"featured_media":326740,"comment_status":"","ping_status":"","sticky":false,"template":"","format":"standard","meta":{"footnotes":""},"categories":[1888],"tags":[1111,1928,11,1927,1777,674,1011,27,12,1926,626,1925,25],"class_list":{"0":"post-326739","1":"post","2":"type-post","3":"status-publish","4":"format-standard","5":"has-post-thumbnail","7":"category-paris","8":"tag-actu","9":"tag-actu-paris","10":"tag-actualites","11":"tag-actualites-paris","12":"tag-eu","13":"tag-europe","14":"tag-fr","15":"tag-france","16":"tag-news","17":"tag-news-paris","18":"tag-paris","19":"tag-paris-news","20":"tag-republique-francaise"},"share_on_mastodon":{"url":"https:\/\/pubeurope.com\/@fr\/115049052489839628","error":""},"_links":{"self":[{"href":"https:\/\/www.europesays.com\/fr\/wp-json\/wp\/v2\/posts\/326739","targetHints":{"allow":["GET"]}}],"collection":[{"href":"https:\/\/www.europesays.com\/fr\/wp-json\/wp\/v2\/posts"}],"about":[{"href":"https:\/\/www.europesays.com\/fr\/wp-json\/wp\/v2\/types\/post"}],"author":[{"embeddable":true,"href":"https:\/\/www.europesays.com\/fr\/wp-json\/wp\/v2\/users\/2"}],"replies":[{"embeddable":true,"href":"https:\/\/www.europesays.com\/fr\/wp-json\/wp\/v2\/comments?post=326739"}],"version-history":[{"count":0,"href":"https:\/\/www.europesays.com\/fr\/wp-json\/wp\/v2\/posts\/326739\/revisions"}],"wp:featuredmedia":[{"embeddable":true,"href":"https:\/\/www.europesays.com\/fr\/wp-json\/wp\/v2\/media\/326740"}],"wp:attachment":[{"href":"https:\/\/www.europesays.com\/fr\/wp-json\/wp\/v2\/media?parent=326739"}],"wp:term":[{"taxonomy":"category","embeddable":true,"href":"https:\/\/www.europesays.com\/fr\/wp-json\/wp\/v2\/categories?post=326739"},{"taxonomy":"post_tag","embeddable":true,"href":"https:\/\/www.europesays.com\/fr\/wp-json\/wp\/v2\/tags?post=326739"}],"curies":[{"name":"wp","href":"https:\/\/api.w.org\/{rel}","templated":true}]}}