{"id":326741,"date":"2025-08-18T09:26:09","date_gmt":"2025-08-18T09:26:09","guid":{"rendered":"https:\/\/www.europesays.com\/fr\/326741\/"},"modified":"2025-08-18T09:26:09","modified_gmt":"2025-08-18T09:26:09","slug":"deprogrammation-de-barbie-a-noisy-le-sec-le-maire-denonce-une-deferlante-mediatique-et-annonce-une-nouvelle-projection","status":"publish","type":"post","link":"https:\/\/www.europesays.com\/fr\/326741\/","title":{"rendered":"D\u00e9programmation de Barbie \u00e0 Noisy-le-Sec\u00a0: le maire d\u00e9nonce une \u00ab\u00a0d\u00e9ferlante m\u00e9diatique\u00a0\u00bb et annonce une nouvelle projection"},"content":{"rendered":"<p>Apr\u00e8s un premier communiqu\u00e9 annon\u00e7ant la d\u00e9programmation du film Barbie des s\u00e9ances de cin\u00e9ma en plein air, suite \u00e0 des pressions d\u2019un groupe de personnes qui consid\u00e9raient que le film faisait l\u2019apologie de l\u2019homosexualit\u00e9, le maire communiste de Noisy-le-Sec, Olivier Sarrabeyrouse, a pris la parole face cam\u00e9ra pour d\u00e9noncer une r\u00e9cup\u00e9ration \u201cpar la droite et l\u2019extr\u00eame droite\u201d tout en annon\u00e7ant la reprogrammation du film \u201cdans un mois\u201d, dans le cadre d\u2019un cin\u00e9-d\u00e9bat.<\/p>\n<p>Tout en condamnant les personnes qui avaient fait pression sur la ville pour qu\u2019elle d\u00e9programme la projection en plein air de Barbie, pr\u00e9vue le vendredi 8 ao\u00fbt, car, d\u00e9clarait le maire<a href=\"https:\/\/94.citoyens.com\/2025\/lannulation-de-la-projection-en-plein-air-de-barbie-a-noisy-le-sec-nourrit-la-polemique,14-08-2025.html\" target=\"_blank\" rel=\"noopener\">, selon eux, le film fait l\u2019apologie de l\u2019homosexualit\u00e9 et porte atteinte \u00e0 l\u2019int\u00e9grit\u00e9 de la femme\u201c, <\/a>l\u2019\u00e9dile a pris la parole dans une vid\u00e9o diffus\u00e9e sur le site de la ville et les r\u00e9seaux sociaux, pour r\u00e9agir aux r\u00e9actions suscit\u00e9es par cette annulation. L\u2019\u00e9lu PCF y d\u00e9plore un \u201cd\u00e9ferlement m\u00e9diatique\u201d, une r\u00e9cup\u00e9ration par la droite et l\u2019extr\u00eame-droite et un \u201cd\u00e9ferlement de haine raciste et islamophobe\u201d alors qu\u2019il n\u2019\u00e9tait pas question de religion dans son communiqu\u00e9.<\/p>\n<p>Concernant le film de Greta Gerwig, il en promet la reprogrammation dans une salle municipale d\u2019ici un mois, assortie d\u2019un d\u00e9bat citoyen.<\/p>\n<p>Voir la vid\u00e9o<\/p><\/p>\n","protected":false},"excerpt":{"rendered":"Apr\u00e8s un premier communiqu\u00e9 annon\u00e7ant la d\u00e9programmation du film Barbie des s\u00e9ances de cin\u00e9ma en plein air, suite&hellip;\n","protected":false},"author":2,"featured_media":326742,"comment_status":"","ping_status":"","sticky":false,"template":"","format":"standard","meta":{"footnotes":""},"categories":[1888],"tags":[11,1777,674,1011,27,12,21674,626,1062,316,25],"class_list":{"0":"post-326741","1":"post","2":"type-post","3":"status-publish","4":"format-standard","5":"has-post-thumbnail","7":"category-paris","8":"tag-actualites","9":"tag-eu","10":"tag-europe","11":"tag-fr","12":"tag-france","13":"tag-news","14":"tag-noisy-le-sec","15":"tag-paris","16":"tag-polemique","17":"tag-politique","18":"tag-republique-francaise"},"share_on_mastodon":{"url":"https:\/\/pubeurope.com\/@fr\/115049056487072735","error":""},"_links":{"self":[{"href":"https:\/\/www.europesays.com\/fr\/wp-json\/wp\/v2\/posts\/326741","targetHints":{"allow":["GET"]}}],"collection":[{"href":"https:\/\/www.europesays.com\/fr\/wp-json\/wp\/v2\/posts"}],"about":[{"href":"https:\/\/www.europesays.com\/fr\/wp-json\/wp\/v2\/types\/post"}],"author":[{"embeddable":true,"href":"https:\/\/www.europesays.com\/fr\/wp-json\/wp\/v2\/users\/2"}],"replies":[{"embeddable":true,"href":"https:\/\/www.europesays.com\/fr\/wp-json\/wp\/v2\/comments?post=326741"}],"version-history":[{"count":0,"href":"https:\/\/www.europesays.com\/fr\/wp-json\/wp\/v2\/posts\/326741\/revisions"}],"wp:featuredmedia":[{"embeddable":true,"href":"https:\/\/www.europesays.com\/fr\/wp-json\/wp\/v2\/media\/326742"}],"wp:attachment":[{"href":"https:\/\/www.europesays.com\/fr\/wp-json\/wp\/v2\/media?parent=326741"}],"wp:term":[{"taxonomy":"category","embeddable":true,"href":"https:\/\/www.europesays.com\/fr\/wp-json\/wp\/v2\/categories?post=326741"},{"taxonomy":"post_tag","embeddable":true,"href":"https:\/\/www.europesays.com\/fr\/wp-json\/wp\/v2\/tags?post=326741"}],"curies":[{"name":"wp","href":"https:\/\/api.w.org\/{rel}","templated":true}]}}