{"id":326749,"date":"2025-08-18T09:30:15","date_gmt":"2025-08-18T09:30:15","guid":{"rendered":"https:\/\/www.europesays.com\/fr\/326749\/"},"modified":"2025-08-18T09:30:15","modified_gmt":"2025-08-18T09:30:15","slug":"le-wegovy-autorise-pour-une-nouvelle-indication-aux-etats-unis","status":"publish","type":"post","link":"https:\/\/www.europesays.com\/fr\/326749\/","title":{"rendered":"le Wegovy autoris\u00e9 pour une nouvelle indication aux \u00c9tats-Unis"},"content":{"rendered":"<p>        <img decoding=\"async\" src=\"https:\/\/www.europesays.com\/fr\/wp-content\/uploads\/2025\/08\/730-c.jpg\" alt=\"bourse Novo Nordisk A\/S\"\/><\/p>\n<p>(AOF) &#8211; Novo Nordisk (+5,81%, \u00e0 344,83 couronnes danoises), est entour\u00e9 en Bourse gr\u00e2ce \u00e0 l\u2019approbation, par les autorit\u00e9s sanitaires am\u00e9ricaines, d\u2019une indication suppl\u00e9mentaire pour son produit Wegovy. Ce dernier peut d\u00e9sormais \u00eatre utilis\u00e9 aux \u00c9tats-Unis pour le traitement de la st\u00e9atoh\u00e9patite associ\u00e9e \u00e0 un dysfonctionnement m\u00e9tabolique non cirrhotique (MASH) chez les adultes atteints de fibrose h\u00e9patique mod\u00e9r\u00e9e \u00e0 avanc\u00e9e, en association avec un r\u00e9gime hypocalorique et une activit\u00e9 physique accrue. <\/p>\n<p>Lors de la publication des r\u00e9sultats d&rsquo;un essai clinique, Wegovy a d\u00e9montr\u00e9 une am\u00e9lioration statistiquement significative et sup\u00e9rieure de la fibrose h\u00e9patique sans aggravation de la st\u00e9atoh\u00e9patite, ainsi qu&rsquo;une r\u00e9solution de la st\u00e9atoh\u00e9patite sans aggravation de la fibrose h\u00e9patique, par rapport au placebo.<\/p>\n<p>La MASH repr\u00e9sente un fardeau sanitaire important, avec pr\u00e8s d&rsquo;une personne sur trois en surpoids ou ob\u00e8se atteinte de cette maladie. Rien qu&rsquo;aux \u00c9tats-Unis, on estime que 22 millions de personnes vivent avec ce syndrome.<\/p>\n<p>Cette nouvelle encourageante pour le Danois Novo Nordisk va permettre de l\u00e9g\u00e8rement contrebalancer le flot de mauvaises nouvelles enregistr\u00e9 depuis le d\u00e9but de l&rsquo;ann\u00e9e. Le laboratoire a lanc\u00e9 deux avertissements sur r\u00e9sultats depuis le 1er janvier car il fait face \u00e0 une rude concurrence pour ses traitements contre l&rsquo;ob\u00e9sit\u00e9 (Wegovy) et contre le diab\u00e8te (Ozempic) et s&rsquo;attend \u00e0 des ventes plus faibles que pr\u00e9vu aux \u00c9tats-Unis pour ces deux m\u00e9dicaments et \u00e0 une p\u00e9n\u00e9tration plus faible qu&rsquo;escompt\u00e9e pour Wegovy sur certains march\u00e9s.<\/p>\n<p>En outre, Novo Nordisk a annonc\u00e9 l&rsquo;arriv\u00e9e de Maziar Mike Doustdar en tant que PDG \u00e0 partir du 7 ao\u00fbt. Il a succ\u00e9d\u00e9 \u00e0 Lars Fruergaard J\u00f8rgensen. Mike Doustdar, \u00e9tait auparavant vice-pr\u00e9sident ex\u00e9cutif des op\u00e9rations internationales du groupe, poste qu&rsquo;il occupait depuis septembre 2016.<\/p>\n<p>Lors de la publication de ses r\u00e9sultats du deuxi\u00e8me trimestre le 6 ao\u00fbt dernier, la soci\u00e9t\u00e9 avait d\u00e9clar\u00e9 un b\u00e9n\u00e9fice net en progression de 32%, \u00e0 26,503 milliards de couronnes danoises (environ 3,55 milliards d&rsquo;euros). Sur la m\u00eame p\u00e9riode, le chiffre d&rsquo;affaires net a augment\u00e9 de 13%, \u00e0 76,857 milliards de couronnes danoises (10,3 milliards d&rsquo;euros). <\/p>\n<p>Sur le premier semestre, le b\u00e9n\u00e9fice s&rsquo;est ainsi \u00e9lev\u00e9 \u00e0 55,537 milliards de couronnes danoises, en hausse de 22%, tandis que le chiffre d&rsquo;affaires a atteint 154,944 milliards de couronnes danoises, soit une croissance de 16%.<\/p>\n<p>La soci\u00e9t\u00e9 de Bourse All Invest Securities avait qualifi\u00e9 ces r\u00e9sultats de \u00a0\u00bb globalement en ligne avec les attentes sur le chiffre d&rsquo;affaires \u00ab\u00a0. Elle s&rsquo;attend toutefois \u00e0 une baisse des revenus au cours du deuxi\u00e8me semestre et rappelle que c&rsquo;est pour cette raison que la soci\u00e9t\u00e9 a d\u00e9cid\u00e9 de changer de pr\u00e9sident-directeur g\u00e9n\u00e9ral \u00e0 la fin du premier trimestre.<\/p>\n<p>\u00a9 2025 Agence Option Finance (AOF) &#8211; Tous droits de reproduction r\u00e9serv\u00e9s par AOF. AOF collecte ses donn\u00e9es aupr\u00e8s des sources qu&rsquo;elle consid\u00e8re les plus s\u00fbres. Toutefois, le lecteur reste seul responsable de leur interpr\u00e9tation et de l&rsquo;utilisation des informations mises \u00e0 sa disposition. Ainsi le lecteur devra tenir AOF et ses contributeurs indemnes de toute r\u00e9clamation r\u00e9sultant de cette utilisation. Agence Option Finance (AOF) est une marque du groupe Option Finance<\/p>\n<p>Vous avez aim\u00e9 cet article ? Partagez-le avec vos amis avec les boutons ci-dessous.<\/p>\n<p>        <a target=\"_blank\" title=\"Twitter\" href=\"https:\/\/twitter.com\/share?url=https:\/\/www.abcbourse.com\/marches\/novo-nordisk-le-wegovy-autorise-pour-une-nouvelle-indication-aux-etats-unis_672427&amp;text=Novo Nordisk : le Wegovy autoris\u00e9 pour une nouvelle indication aux \u00c9tats-Unis&amp;via=abcbourse\" rel=\"nofollow noopener\">&#13;<br \/>\n            <img decoding=\"async\" src=\"https:\/\/www.europesays.com\/fr\/wp-content\/uploads\/2025\/04\/share_twitter.png\" class=\"mr10\" alt=\"Twitter\"\/>&#13;<br \/>\n        <\/a><br \/>\n        <a target=\"_blank\" title=\"Facebook\" href=\"https:\/\/www.facebook.com\/sharer.php?u=https:\/\/www.abcbourse.com\/marches\/novo-nordisk-le-wegovy-autorise-pour-une-nouvelle-indication-aux-etats-unis_672427&amp;t=Novo Nordisk : le Wegovy autoris\u00e9 pour une nouvelle indication aux \u00c9tats-Unis\" rel=\"nofollow noopener\">&#13;<br \/>\n            <img decoding=\"async\" src=\"https:\/\/www.europesays.com\/fr\/wp-content\/uploads\/2025\/04\/share_fb.png\" alt=\"Facebook\" class=\"mr10\"\/>&#13;<br \/>\n        <\/a><br \/>\n        <a target=\"_blank\" title=\"Linkedin\" href=\"https:\/\/www.linkedin.com\/shareArticle?mini=true&amp;url=https:\/\/www.abcbourse.com\/marches\/novo-nordisk-le-wegovy-autorise-pour-une-nouvelle-indication-aux-etats-unis_672427&amp;title=Novo Nordisk : le Wegovy autoris\u00e9 pour une nouvelle indication aux \u00c9tats-Unis\" rel=\"nofollow noopener\">&#13;<br \/>\n            <img decoding=\"async\" src=\"https:\/\/www.europesays.com\/fr\/wp-content\/uploads\/2025\/04\/share_linkedin.png\" alt=\"Linkedin\" class=\"mr10\"\/>&#13;<br \/>\n        <\/a><br \/>\n        <a target=\"_blank\" title=\"Envoyer par mail\" href=\"mailto:?subject=Novo Nordisk : le Wegovy autoris\u00e9 pour une nouvelle indication aux \u00c9tats-Unis&amp;body=https:\/\/www.abcbourse.com\/marches\/novo-nordisk-le-wegovy-autorise-pour-une-nouvelle-indication-aux-etats-unis_672427\" rel=\"nofollow\">&#13;<br \/>\n            <img decoding=\"async\" src=\"https:\/\/www.europesays.com\/fr\/wp-content\/uploads\/2025\/04\/share_email.png\" alt=\"email\"\/>&#13;<br \/>\n        <\/a><br \/>\n    <script async src=\"https:\/\/platform.twitter.com\/widgets.js\" charset=\"utf-8\"><\/script><\/p>\n","protected":false},"excerpt":{"rendered":"(AOF) &#8211; Novo Nordisk (+5,81%, \u00e0 344,83 couronnes danoises), est entour\u00e9 en Bourse gr\u00e2ce \u00e0 l\u2019approbation, par les&hellip;\n","protected":false},"author":2,"featured_media":326750,"comment_status":"","ping_status":"","sticky":false,"template":"","format":"standard","meta":{"footnotes":""},"categories":[1589],"tags":[11,73,1866,12,1864,1865,1863,308],"class_list":{"0":"post-326749","1":"post","2":"type-post","3":"status-publish","4":"format-standard","5":"has-post-thumbnail","7":"category-etats-unis","8":"tag-actualites","9":"tag-etats-unis","10":"tag-etats-unis-damerique","11":"tag-news","12":"tag-united-states","13":"tag-united-states-of-america","14":"tag-us","15":"tag-usa"},"share_on_mastodon":{"url":"https:\/\/pubeurope.com\/@fr\/115049072364019224","error":""},"_links":{"self":[{"href":"https:\/\/www.europesays.com\/fr\/wp-json\/wp\/v2\/posts\/326749","targetHints":{"allow":["GET"]}}],"collection":[{"href":"https:\/\/www.europesays.com\/fr\/wp-json\/wp\/v2\/posts"}],"about":[{"href":"https:\/\/www.europesays.com\/fr\/wp-json\/wp\/v2\/types\/post"}],"author":[{"embeddable":true,"href":"https:\/\/www.europesays.com\/fr\/wp-json\/wp\/v2\/users\/2"}],"replies":[{"embeddable":true,"href":"https:\/\/www.europesays.com\/fr\/wp-json\/wp\/v2\/comments?post=326749"}],"version-history":[{"count":0,"href":"https:\/\/www.europesays.com\/fr\/wp-json\/wp\/v2\/posts\/326749\/revisions"}],"wp:featuredmedia":[{"embeddable":true,"href":"https:\/\/www.europesays.com\/fr\/wp-json\/wp\/v2\/media\/326750"}],"wp:attachment":[{"href":"https:\/\/www.europesays.com\/fr\/wp-json\/wp\/v2\/media?parent=326749"}],"wp:term":[{"taxonomy":"category","embeddable":true,"href":"https:\/\/www.europesays.com\/fr\/wp-json\/wp\/v2\/categories?post=326749"},{"taxonomy":"post_tag","embeddable":true,"href":"https:\/\/www.europesays.com\/fr\/wp-json\/wp\/v2\/tags?post=326749"}],"curies":[{"name":"wp","href":"https:\/\/api.w.org\/{rel}","templated":true}]}}