{"id":326753,"date":"2025-08-18T09:32:11","date_gmt":"2025-08-18T09:32:11","guid":{"rendered":"https:\/\/www.europesays.com\/fr\/326753\/"},"modified":"2025-08-18T09:32:11","modified_gmt":"2025-08-18T09:32:11","slug":"le-chef-de-la-diplomatie-allemande-critique-une-chine-de-plus-en-plus-agressive-dans-la-region-asie-pacifique","status":"publish","type":"post","link":"https:\/\/www.europesays.com\/fr\/326753\/","title":{"rendered":"Le chef de la diplomatie allemande critique une Chine \u00abde plus en plus agressive\u00bb dans la r\u00e9gion Asie-Pacifique"},"content":{"rendered":"<p>Depuis dimanche, le ministre allemand des Affaires \u00e9trang\u00e8res Johann Wadephul a multipli\u00e9 les d\u00e9clarations envers la Chine et sa volont\u00e9 d\u2019affirmer \u00absa supr\u00e9matie r\u00e9gionale\u00bb.<\/p>\n<p class=\"fig-paragraph\">Le ministre allemand des Affaires \u00e9trang\u00e8res a accus\u00e9 ce lundi la\u00a0<a href=\"http:\/\/www.lefigaro.fr\/international\/mer-de-chine-meridionale-pekin-affirme-avoir-chasse-un-destroyer-americain-20250814\" target=\"_blank\" data-fig-type=\"Article\" rel=\"noopener nofollow\" data-gtm-custom-categorie=\"navigation\" data-gtm-custom-action=\"crossclick\" data-gtm-custom-label=\"Contextuel\" data-gtm-event=\"customEventSPE\" data-fig-domain=\"LEFIGARO\">Chine\u00a0<\/a>de \u00abmodifier unilat\u00e9ralement\u00bb les fronti\u00e8res dans la r\u00e9gion\u00a0<a href=\"http:\/\/www.lefigaro.fr\/vox\/monde\/sophie-boisseau-du-rocher-l-asie-pacifique-est-elle-en-train-de-declasser-l-occident-20250709\" target=\"_blank\" data-fig-type=\"Article\" rel=\"noopener nofollow\" data-gtm-custom-categorie=\"navigation\" data-gtm-custom-action=\"crossclick\" data-gtm-custom-label=\"Contextuel\" data-gtm-event=\"customEventSPE\" data-fig-domain=\"LEFIGARO\">Asie-Pacifique<\/a>, jugeant P\u00e9kin \u00abde plus en plus agressif\u00bb. \u00abLa Chine menace r\u00e9guli\u00e8rement, plus ou moins ouvertement, de modifier unilat\u00e9ralement le statu quo et de d\u00e9placer les fronti\u00e8res en sa faveur\u00bb, a d\u00e9clar\u00e9 Johann Wadephul lors d&rsquo;un d\u00e9placement au Japon, pointant le comportement de P\u00e9kin dans le d\u00e9troit de Ta\u00efwan et les mers de Chine orientale et m\u00e9ridionale.<\/p>\n<p class=\"fig-paragraph\">\u00abToute escalade dans cette plaque tournante sensible du commerce international aurait de graves cons\u00e9quences pour la s\u00e9curit\u00e9 et l&rsquo;\u00e9conomie mondiales\u00bb, a ajout\u00e9 le ministre apr\u00e8s un entretien avec son homologue japonais Takeshi Iwaya.<\/p>\n<p>                                    <a class=\"fig-a11y-skip a11y-hidden\" href=\"#fig-a11y-skip-main-inarticle\"><br \/>\n        Passer la publicit\u00e9<br \/>\n    <\/a><\/p>\n<p>\u00abLa Chine remet en question les principes du droit international\u00bb<\/p>\n<p class=\"fig-paragraph\">Une d\u00e9claration publi\u00e9e dimanche avant la visite de John Wadephul au Japon, avant de se rendre en\u00a0<a href=\"http:\/\/www.lefigaro.fr\/flash-eco\/l-indonesie-et-la-chine-s-engagent-a-renforcer-leurs-relations-avant-un-sommet-de-l-asean-20250525\" target=\"_blank\" data-fig-type=\"NewsFlash\" rel=\"noopener nofollow\" data-gtm-custom-categorie=\"navigation\" data-gtm-custom-action=\"crossclick\" data-gtm-custom-label=\"Contextuel\" data-gtm-event=\"customEventSPE\" data-fig-domain=\"LEFIGARO\">Indon\u00e9sie<\/a>, indique que la Chine \u00abaffirme de plus en plus sa supr\u00e9matie r\u00e9gionale et, ce faisant, remet \u00e9galement en question les principes du droit international\u00bb. \u00abLe comportement de plus en plus agressif de la Chine (&#8230;) a \u00e9galement des implications pour nous en Europe: les principes fondamentaux de notre coexistence mondiale sont en jeu ici\u00bb, a encore d\u00e9clar\u00e9 le ministre selon le communiqu\u00e9.<\/p>\n<p class=\"fig-paragraph\">Il a \u00e9galement critiqu\u00e9 \u00able soutien de la Chine \u00e0 la machine de guerre russe\u00bb en Ukraine. \u00abSans ce soutien, la guerre d&rsquo;agression contre l&rsquo;Ukraine ne serait pas possible. La Chine est le plus grand fournisseur de biens \u00e0 double usage de la Russie et son meilleur client pour le p\u00e9trole et le gaz\u00bb, a d\u00e9clar\u00e9 John Wadephul.<\/p>\n<p>\u00abRespecter les pays de la r\u00e9gion\u00bb<\/p>\n<p class=\"fig-paragraph\">Une porte-parole du minist\u00e8re chinois des Affaires \u00e9trang\u00e8res, Mao Ning, a r\u00e9agi lundi lors d\u2019une conf\u00e9rence de presse r\u00e9guli\u00e8re, affirmant que la situation en mers de Chine orientale et m\u00e9ridionale \u00abrestait globalement stable\u00bb.<\/p>\n<p class=\"fig-paragraph\">\u00abNous exhortons les parties concern\u00e9es \u00e0 respecter les pays de la r\u00e9gion, \u00e0 r\u00e9soudre les probl\u00e8mes par le dialogue et la consultation, et \u00e0 pr\u00e9server les int\u00e9r\u00eats communs de paix et de stabilit\u00e9, plut\u00f4t que de susciter des confrontations et d\u2019exag\u00e9rer les tensions\u00bb, a-t-elle soulign\u00e9. \u00abLa question de\u00a0<a href=\"http:\/\/www.lefigaro.fr\/international\/taiwan-la-chine-estime-que-taipei-veut-faire-de-son-peuple-de-la-chair-a-canon-20250730\" target=\"_blank\" data-fig-type=\"NewsFlash\" rel=\"noopener nofollow\" data-gtm-custom-categorie=\"navigation\" data-gtm-custom-action=\"crossclick\" data-gtm-custom-label=\"Contextuel\" data-gtm-event=\"customEventSPE\" data-fig-domain=\"LEFIGARO\">Ta\u00efwan\u00a0<\/a> fait partie des affaires int\u00e9rieures de la Chine\u00bb, a-t-elle \u00e9galement ajout\u00e9.<\/p>\n","protected":false},"excerpt":{"rendered":"Depuis dimanche, le ministre allemand des Affaires \u00e9trang\u00e8res Johann Wadephul a multipli\u00e9 les d\u00e9clarations envers la Chine et&hellip;\n","protected":false},"author":2,"featured_media":326754,"comment_status":"","ping_status":"","sticky":false,"template":"","format":"standard","meta":{"footnotes":""},"categories":[1587],"tags":[11,672,1804,309,1805,1803,1777,674,1801,12,1802],"class_list":{"0":"post-326753","1":"post","2":"type-post","3":"status-publish","4":"format-standard","5":"has-post-thumbnail","7":"category-allemagne","8":"tag-actualites","9":"tag-allemagne","10":"tag-bundesrepublik-deutschland","11":"tag-chine","12":"tag-de","13":"tag-deutschland","14":"tag-eu","15":"tag-europe","16":"tag-germany","17":"tag-news","18":"tag-republique-federale-dallemagne"},"share_on_mastodon":{"url":"https:\/\/pubeurope.com\/@fr\/115049079986216285","error":""},"_links":{"self":[{"href":"https:\/\/www.europesays.com\/fr\/wp-json\/wp\/v2\/posts\/326753","targetHints":{"allow":["GET"]}}],"collection":[{"href":"https:\/\/www.europesays.com\/fr\/wp-json\/wp\/v2\/posts"}],"about":[{"href":"https:\/\/www.europesays.com\/fr\/wp-json\/wp\/v2\/types\/post"}],"author":[{"embeddable":true,"href":"https:\/\/www.europesays.com\/fr\/wp-json\/wp\/v2\/users\/2"}],"replies":[{"embeddable":true,"href":"https:\/\/www.europesays.com\/fr\/wp-json\/wp\/v2\/comments?post=326753"}],"version-history":[{"count":0,"href":"https:\/\/www.europesays.com\/fr\/wp-json\/wp\/v2\/posts\/326753\/revisions"}],"wp:featuredmedia":[{"embeddable":true,"href":"https:\/\/www.europesays.com\/fr\/wp-json\/wp\/v2\/media\/326754"}],"wp:attachment":[{"href":"https:\/\/www.europesays.com\/fr\/wp-json\/wp\/v2\/media?parent=326753"}],"wp:term":[{"taxonomy":"category","embeddable":true,"href":"https:\/\/www.europesays.com\/fr\/wp-json\/wp\/v2\/categories?post=326753"},{"taxonomy":"post_tag","embeddable":true,"href":"https:\/\/www.europesays.com\/fr\/wp-json\/wp\/v2\/tags?post=326753"}],"curies":[{"name":"wp","href":"https:\/\/api.w.org\/{rel}","templated":true}]}}