{"id":326755,"date":"2025-08-18T09:33:10","date_gmt":"2025-08-18T09:33:10","guid":{"rendered":"https:\/\/www.europesays.com\/fr\/326755\/"},"modified":"2025-08-18T09:33:10","modified_gmt":"2025-08-18T09:33:10","slug":"europe-debut-de-semaine-terne-pour-les-bourses","status":"publish","type":"post","link":"https:\/\/www.europesays.com\/fr\/326755\/","title":{"rendered":"Europe : d\u00e9but de semaine terne pour les Bourses"},"content":{"rendered":"<p>                    Les Bourses europ\u00e9ennes tendent \u00e0 c\u00e9der du terrain ce lundi (stabilit\u00e9 \u00e0 Londres, -0,2% \u00e0 Francfort, -0,3% \u00e0 Madrid, -0,5% \u00e0 Paris), le sommet russo-am\u00e9ricain de ce weekend n&rsquo;ayant d\u00e9bouch\u00e9 sur aucune avanc\u00e9e tangible dans le dossier ukrainien.<\/p>\n<p>&lsquo;La rencontre entre Trump et Poutine n&rsquo;a pas encore abouti \u00e0 un accord, mais un cessez-le-feu nous semble n&rsquo;\u00eatre qu&rsquo;une question de temps&rsquo;, temp\u00e8re Panmure Liberum, qui voit le th\u00e8me de la reconstruction de l&rsquo;Ukraine &lsquo;prendre de l&rsquo;ampleur&rsquo;.<\/p>\n<p>Dans cette optique, la soci\u00e9t\u00e9 de gestion britannique sugg\u00e8re d&rsquo;ailleurs de s&rsquo;int\u00e9resser de plus pr\u00e8s \u00e0 Strabag, groupe autrichien de construction susceptible de profiter de ce th\u00e8me, ainsi que de celui du boom des infrastructures allemandes.<\/p>\n<p>Outre les d\u00e9veloppements sur la question ukrainienne, les investisseurs devraient rester attentifs, dans les prochains jours, \u00e0 toute nouvelle indication en rapport avec les politiques mon\u00e9taires des grandes banques centrales.<\/p>\n<p>&lsquo;Le symposium de Jackson Hole, qui se tiendra du 21 au 23 ao\u00fbt, sera l&rsquo;\u00e9v\u00e9nement principal de la semaine&rsquo;, met ainsi en avant Deutsche Bank, qui pointe aussi la publication mercredi du proc\u00e8s-verbal de la derni\u00e8re r\u00e9union du FOMC.<\/p>\n<p>La deuxi\u00e8me partie de la semaine sera aussi marqu\u00e9e par la parution de nombreux indicateurs \u00e9conomiques, notamment l&rsquo;inflation au Royaume-Uni, les indicateurs avanc\u00e9s du Conference Board et surtout les indices PMI flash pour le mois d&rsquo;ao\u00fbt.<\/p>\n<p>&lsquo;Nous pr\u00e9voyons que l&rsquo;indice PMI composite flash dans la zone euro baissera l\u00e9g\u00e8rement \u00e0 50,7, tandis que ceux des services et de l&rsquo;industrie manufacturi\u00e8re s&rsquo;\u00e9tabliront \u00e0 51,1 et 49,5, respectivement&rsquo;, pronostique Bank of America.<\/p>\n<p>Seule donn\u00e9e de la matin\u00e9e, le surplus commercial de la zone euro a plong\u00e9 \u00e0 2,8 milliards d&rsquo;euros (contre 15,6 milliards en mai), du fait \u00e0 la fois d&rsquo;une diminution de 2,4% des exportations et d&rsquo;une augmentation de 3,1% des importations.<\/p>\n<p>Au chapitre des publications d&rsquo;entreprise, la semaine sera domin\u00e9e par celles d&rsquo;acteurs de la distribution aux Etats-Unis, dont Walmart, Home Depot et Target, qui aideront plus largement \u00e0 jauger la sant\u00e9 de l&rsquo;\u00e9conomie am\u00e9ricaine.<\/p>\n<p>Concernant les valeurs en Europe, Novo Nordisk grimpe de plus de 5% \u00e0 Copenhague, entour\u00e9 apr\u00e8s l&rsquo;approbation par la FDA des Etats-Unis, d&rsquo;une indication suppl\u00e9mentaire pour son Wegovy, pour le traitement de la MASH.<\/p>\n","protected":false},"excerpt":{"rendered":"Les Bourses europ\u00e9ennes tendent \u00e0 c\u00e9der du terrain ce lundi (stabilit\u00e9 \u00e0 Londres, -0,2% \u00e0 Francfort, -0,3% \u00e0&hellip;\n","protected":false},"author":2,"featured_media":326756,"comment_status":"","ping_status":"","sticky":false,"template":"","format":"standard","meta":{"footnotes":""},"categories":[1586],"tags":[11,340,1777,674,1011,27,12,25],"class_list":{"0":"post-326755","1":"post","2":"type-post","3":"status-publish","4":"format-standard","5":"has-post-thumbnail","7":"category-europe","8":"tag-actualites","9":"tag-bourse","10":"tag-eu","11":"tag-europe","12":"tag-fr","13":"tag-france","14":"tag-news","15":"tag-republique-francaise"},"share_on_mastodon":{"url":"https:\/\/pubeurope.com\/@fr\/115049083973398012","error":""},"_links":{"self":[{"href":"https:\/\/www.europesays.com\/fr\/wp-json\/wp\/v2\/posts\/326755","targetHints":{"allow":["GET"]}}],"collection":[{"href":"https:\/\/www.europesays.com\/fr\/wp-json\/wp\/v2\/posts"}],"about":[{"href":"https:\/\/www.europesays.com\/fr\/wp-json\/wp\/v2\/types\/post"}],"author":[{"embeddable":true,"href":"https:\/\/www.europesays.com\/fr\/wp-json\/wp\/v2\/users\/2"}],"replies":[{"embeddable":true,"href":"https:\/\/www.europesays.com\/fr\/wp-json\/wp\/v2\/comments?post=326755"}],"version-history":[{"count":0,"href":"https:\/\/www.europesays.com\/fr\/wp-json\/wp\/v2\/posts\/326755\/revisions"}],"wp:featuredmedia":[{"embeddable":true,"href":"https:\/\/www.europesays.com\/fr\/wp-json\/wp\/v2\/media\/326756"}],"wp:attachment":[{"href":"https:\/\/www.europesays.com\/fr\/wp-json\/wp\/v2\/media?parent=326755"}],"wp:term":[{"taxonomy":"category","embeddable":true,"href":"https:\/\/www.europesays.com\/fr\/wp-json\/wp\/v2\/categories?post=326755"},{"taxonomy":"post_tag","embeddable":true,"href":"https:\/\/www.europesays.com\/fr\/wp-json\/wp\/v2\/tags?post=326755"}],"curies":[{"name":"wp","href":"https:\/\/api.w.org\/{rel}","templated":true}]}}