{"id":326759,"date":"2025-08-18T09:35:11","date_gmt":"2025-08-18T09:35:11","guid":{"rendered":"https:\/\/www.europesays.com\/fr\/326759\/"},"modified":"2025-08-18T09:35:11","modified_gmt":"2025-08-18T09:35:11","slug":"bruno-retailleau-met-en-garde-kneecap-avant-leur-passage-a-rock-en-seine","status":"publish","type":"post","link":"https:\/\/www.europesays.com\/fr\/326759\/","title":{"rendered":"Bruno Retailleau met en garde Kneecap avant leur passage \u00e0 Rock en Seine"},"content":{"rendered":"<p>Accus\u00e9 de soutenir des organisations terroristes, le groupe irlandais suscite des inqui\u00e9tudes, notamment de la part des d\u00e9put\u00e9s, qui demandent une d\u00e9programmation. Le ministre de l\u2019Int\u00e9rieur rappelle son intransigeance face \u00e0 tout d\u00e9bordement.<\/p>\n<p class=\"fig-paragraph\">\u00ab\u00a0Tout d\u00e9bordement sera imm\u00e9diatement judiciaris\u00e9\u00a0\u00bb, pr\u00e9vient le ministre de l\u2019Int\u00e9rieur. La venue du trio nord-irlandais\u00a0<a href=\"http:\/\/www.lefigaro.fr\/musique\/la-presence-du-groupe-kneecap-a-glastonbury-est-inappropriee-selon-keir-starmer-20250623\" target=\"_blank\" data-fig-type=\"Article\" rel=\"noopener\" data-gtm-custom-categorie=\"navigation\" data-gtm-custom-action=\"crossclick\" data-gtm-custom-label=\"Contextuel\" data-gtm-event=\"customEventSPE\" data-fig-domain=\"LEFIGARO\">Kneecap<\/a>, \u00e0 l\u2019occasion du festival Rock en Seine dimanche 24 ao\u00fbt, fait l\u2019objet d\u2019une tr\u00e8s grande surveillance. L\u2019inqui\u00e9tude monte autour de la pr\u00e9sence\u00a0<a href=\"http:\/\/www.lefigaro.fr\/musique\/un-des-rappeurs-de-kneecap-comparait-au-tribunal-pour-avoir-brandi-un-drapeau-du-hezbollah-en-concert-20250618\" target=\"_blank\" data-fig-type=\"NewsFlash\" rel=\"noopener\" data-gtm-custom-categorie=\"navigation\" data-gtm-custom-action=\"crossclick\" data-gtm-custom-label=\"Contextuel\" data-gtm-event=\"customEventSPE\" data-fig-domain=\"LEFIGARO\">de ce groupe\u00a0<\/a>aux engagements propalestiniens, qui est dans la tourmente depuis ces derni\u00e8res semaines. Un des rappeurs s\u2019est retrouv\u00e9 en juin devant un tribunal de Londres pour\u00a0\u00ab\u00a0infraction terroriste\u00a0\u00bb pour avoir brandi un drapeau du mouvement pro-iranien Hezbollah lors d\u2019un concert londonien en novembre. Le soutien manifeste \u00e0 des organisations terroristes est un d\u00e9lit au Royaume-Uni, mais Mo Chara a \u00e9t\u00e9 lib\u00e9r\u00e9 sans condition en juin, au moins jusqu\u2019au 20 ao\u00fbt, date \u00e0 laquelle il doit \u00e0 nouveau compara\u00eetre devant le tribunal. En avril, ils avaient diffus\u00e9 sur la\u00a0<a href=\"http:\/\/www.lefigaro.fr\/musique\/malgre-la-polemique-le-groupe-kneecap-maintient-ses-messages-anti-israeliens-proferes-a-coachella-20250425\" target=\"_blank\" data-fig-type=\"NewsFlash\" rel=\"noopener\" data-gtm-custom-categorie=\"navigation\" data-gtm-custom-action=\"crossclick\" data-gtm-custom-label=\"Contextuel\" data-gtm-event=\"customEventSPE\" data-fig-domain=\"LEFIGARO\">sc\u00e8ne de Coachella<\/a>\u00a0des messages accusant Isra\u00ebl de commettre \u00ab\u00a0un g\u00e9nocide contre le peuple palestinien\u00a0\u00bb.\u00a0 Certains d\u00e9put\u00e9s craignent que l\u2019histoire se r\u00e9p\u00e8te et pensent qu\u2019il serait pr\u00e9f\u00e9rable de d\u00e9programmer le groupe.<\/p>\n<p class=\"fig-paragraph\">C\u2019est le cas de Caroline Yadan, d\u00e9put\u00e9e de la 8e circonscription des Fran\u00e7ais de l\u2019\u00e9tranger, qui a formul\u00e9 par \u00e9crit sa demande \u00e0 Bruno Retailleau, en expliquant ses \u00ab\u00a0inqui\u00e9tudes relatives au respect du contrat d\u2019engagement r\u00e9publicain au regard des prises de position dudit groupe\u00a0\u00bb. Le ministre de l\u2019int\u00e9rieur n\u2019a pas tard\u00e9 \u00e0 lui r\u00e9pondre, dans une lettre partag\u00e9e sur les r\u00e9seaux sociaux par Caroline Yadan. Pour l\u2019instant, aucune annulation n\u2019est pr\u00e9vue. La \u00ab\u00a0demande d\u2019interdiction\u00a0\u00bb n\u2019est donc pas \u00e0 l\u2019ordre du jour. Bruno Retailleau explique cette d\u00e9cision en affirmant que le groupe a respect\u00e9 ses engagements \u00ab\u00a0de bonne conduite\u00a0\u00bb lors de leur venue aux Eurock\u00e9ennes le 6 juillet. Le trio avait \u00e9t\u00e9 vis\u00e9 par une \u00ab\u00a0proc\u00e9dure d\u2019interdiction\u00a0\u00bb, mais avait pu monter sur sc\u00e8ne en ayant respect\u00e9 leur engagement.<\/p>\n<p>                                    <a class=\"fig-a11y-skip a11y-hidden\" href=\"#fig-a11y-skip-main-inarticle\"><br \/>\n        Passer la publicit\u00e9<br \/>\n    <\/a><\/p>\n<p>Subventions annul\u00e9es pour Rock en Seine<\/p>\n<p class=\"fig-paragraph\">Si tout s\u2019est bien d\u00e9roul\u00e9 d\u00e9but juillet, Bruno Retailleau pr\u00e9cise toutefois surveiller de tr\u00e8s pr\u00e8s le groupe. Il a m\u00eame demand\u00e9 \u00e0 ses \u00ab\u00a0services d\u2019\u00eatre tr\u00e8s attentifs \u00e0 leur expression\u00a0\u00bb lors de leur concert qui s\u2019est d\u00e9roul\u00e9 dimanche 17 ao\u00fbt \u00e0 Charleville-M\u00e9zi\u00e8res. Aucun d\u00e9bordement n\u2019a pour l\u2019instant \u00e9t\u00e9 not\u00e9. Le ministre de l\u2019int\u00e9rieur en profite pour rappeler son \u00abintransigeance envers tout propos \u00e0 caract\u00e8re antis\u00e9mite, d\u2019apologie du terrorisme ou appelant la haine qui feront directement l\u2019objet de poursuites judiciaires\u00a0\u00bb.<\/p>\n<p class=\"fig-paragraph\">La pr\u00e9sence de Kneecap est donc tr\u00e8s contest\u00e9e. Raison pour laquelle la ville de Saint-Cloud, organisatrice de Rock en Seine, a d\u00e9cid\u00e9 il y a quelques semaines, de retirer sa subvention de 40\u00a0000\u00a0euros en raison de la programmation du groupe \u00e0 Rock en Seine.<\/p>\n","protected":false},"excerpt":{"rendered":"Accus\u00e9 de soutenir des organisations terroristes, le groupe irlandais suscite des inqui\u00e9tudes, notamment de la part des d\u00e9put\u00e9s,&hellip;\n","protected":false},"author":2,"featured_media":326760,"comment_status":"","ping_status":"","sticky":false,"template":"","format":"standard","meta":{"footnotes":""},"categories":[2],"tags":[11,1013,3259,1011,27,12,25,36376],"class_list":{"0":"post-326759","1":"post","2":"type-post","3":"status-publish","4":"format-standard","5":"has-post-thumbnail","7":"category-actualites","8":"tag-actualites","9":"tag-bruno-retailleau","10":"tag-conflit-israelo-palestinien","11":"tag-fr","12":"tag-france","13":"tag-news","14":"tag-republique-francaise","15":"tag-rock-en-seine"},"share_on_mastodon":{"url":"https:\/\/pubeurope.com\/@fr\/115049091852501862","error":""},"_links":{"self":[{"href":"https:\/\/www.europesays.com\/fr\/wp-json\/wp\/v2\/posts\/326759","targetHints":{"allow":["GET"]}}],"collection":[{"href":"https:\/\/www.europesays.com\/fr\/wp-json\/wp\/v2\/posts"}],"about":[{"href":"https:\/\/www.europesays.com\/fr\/wp-json\/wp\/v2\/types\/post"}],"author":[{"embeddable":true,"href":"https:\/\/www.europesays.com\/fr\/wp-json\/wp\/v2\/users\/2"}],"replies":[{"embeddable":true,"href":"https:\/\/www.europesays.com\/fr\/wp-json\/wp\/v2\/comments?post=326759"}],"version-history":[{"count":0,"href":"https:\/\/www.europesays.com\/fr\/wp-json\/wp\/v2\/posts\/326759\/revisions"}],"wp:featuredmedia":[{"embeddable":true,"href":"https:\/\/www.europesays.com\/fr\/wp-json\/wp\/v2\/media\/326760"}],"wp:attachment":[{"href":"https:\/\/www.europesays.com\/fr\/wp-json\/wp\/v2\/media?parent=326759"}],"wp:term":[{"taxonomy":"category","embeddable":true,"href":"https:\/\/www.europesays.com\/fr\/wp-json\/wp\/v2\/categories?post=326759"},{"taxonomy":"post_tag","embeddable":true,"href":"https:\/\/www.europesays.com\/fr\/wp-json\/wp\/v2\/tags?post=326759"}],"curies":[{"name":"wp","href":"https:\/\/api.w.org\/{rel}","templated":true}]}}