{"id":326761,"date":"2025-08-18T09:36:14","date_gmt":"2025-08-18T09:36:14","guid":{"rendered":"https:\/\/www.europesays.com\/fr\/326761\/"},"modified":"2025-08-18T09:36:14","modified_gmt":"2025-08-18T09:36:14","slug":"ces-images-epoustouflantes-ont-litteralement-ete-tournees-dans-loeil-du-cyclone","status":"publish","type":"post","link":"https:\/\/www.europesays.com\/fr\/326761\/","title":{"rendered":"ces images \u00e9poustouflantes ont (litt\u00e9ralement) \u00e9t\u00e9 tourn\u00e9es dans l\u2019\u0153il du cyclone"},"content":{"rendered":"<p>        <img decoding=\"async\" loading=\"lazy\" src=\"https:\/\/www.europesays.com\/fr\/wp-content\/uploads\/2025\/08\/44440b8_upload-1-cmzvedcmgcr2-afp-20250816-69pk7cq-v2-highres-usweatherhurricaneerin.jpg\"  width=\"728\" height=\"410\" alt=\"Cette image satellite fournie par la National Oceanic and Atmospheric Administration (NOAA) montre l\u2019ouragan Erin se formant dans l\u2019oc\u00e9an Atlantique le 16\u00a0ao\u00fbt 2025.\"\/>  <\/p>\n<p>HANDOUT \/ AFP<\/p>\n<p>Cette image satellite fournie par la National Oceanic and Atmospheric Administration (NOAA) montre l\u2019ouragan Erin se formant dans l\u2019oc\u00e9an Atlantique le 16\u00a0ao\u00fbt 2025.<\/p>\n<p class=\"asset asset-text\">CLIMAT &#8211; Les images sont spectaculaires, et t\u00e9moignent des risques extr\u00eames qu\u2019ils prennent pour leur m\u00e9tier et la s\u00e9curit\u00e9 de la r\u00e9gion. Les chasseurs d\u2019ouragans de la <a href=\"https:\/\/www.huffingtonpost.fr\/international\/video\/ouragan-milton-en-floride-ces-scientifiques-ont-vole-au-c-ur-du-phenomene_240665.html\" target=\"_blank\" rel=\"noopener\">NOAA<\/a>, l\u2019Agence am\u00e9ricaine d\u2019observation oc\u00e9anique et atmosph\u00e9rique, ont film\u00e9 leur passage dans l\u2019\u0153il de l\u2019ouragan Erin apr\u00e8s son passage en <a href=\"https:\/\/www.huffingtonpost.fr\/environnement\/article\/tempete-kirk-ouragan-milton-comment-des-oceans-plus-chauds-provoquent-des-evenements-meteo-plus-extremes-clx1_240386.html\" target=\"_blank\" rel=\"noopener\">cat\u00e9gorie maximale 5<\/a>\u00a0samedi 16\u00a0juillet. D\u00e9sormais en cat\u00e9gorie 4, la d\u00e9pression se dirige ce lundi 18\u00a0ao\u00fbt vers les Bahamas, o\u00f9 des d\u00e9g\u00e2ts importants sont redout\u00e9s.<\/p>\n<p class=\"asset asset-text\">Alors que les vents atteignaient plus de 255\u00a0km\/h, les m\u00e9t\u00e9orologues sont ainsi all\u00e9s directement recueillir des donn\u00e9es au c\u0153ur de ce premier ouragan de la saison au-dessus de l\u2019Atlantique nord. Comme le montrent les images qu\u2019ils ont post\u00e9es sur leur compte Instagram, ils ont pu observer un ph\u00e9nom\u00e8ne splendide, tr\u00e8s commun pour ce genre de ph\u00e9nom\u00e8nes climatiques mais que l\u2019on a davantage l\u2019habitude de voir depuis l\u2019ext\u00e9rieur que dans le c\u0153ur de la temp\u00eate\u00a0: le \u00ab\u00a0stadium effect\u00a0\u00bb (effet de stade en fran\u00e7ais).<\/p>\n<p class=\"asset asset-text\">Ainsi, on peut parfaitement observer le contraste entre le mur impressionnant de nuages et le cercle de ciel bleu au-dessus de l\u2019\u0153il du cyclone. Mais aussi la diff\u00e9rence entre le calme de l\u2019\u0153il et le tumulte d\u00e8s lors qu\u2019ils rentrent \u00e0 nouveau au c\u0153ur de l\u2019\u00e9paisse paroi nuageuse.<\/p>\n<p> La lecture de ce contenu est susceptible d\u2019entra\u00eener un d\u00e9p\u00f4t de cookies de la part de l\u2019op\u00e9rateur tiers qui l\u2019h\u00e9berge. Compte-tenu des choix que vous avez exprim\u00e9s en mati\u00e8re de d\u00e9p\u00f4t de cookies, nous avons bloqu\u00e9 l\u2019affichage de ce contenu. Si vous souhaitez y acc\u00e9der, vous devez accepter la cat\u00e9gorie de cookies \u201cContenus tiers\u201d en cliquant sur le bouton ci-dessous. <\/p>\n<p> Lire la Vid\u00e9o        <\/p>\n<p class=\"asset asset-text\">Cette mission n\u2019\u00e9tait n\u00e9anmoins pas du tout seulement pour poster de belles vid\u00e9os sur les r\u00e9seaux sociaux. Ces op\u00e9rations sont en effet cruciales pour la pr\u00e9vision m\u00e9t\u00e9orologique et la s\u00e9curit\u00e9 globale de la r\u00e9gion. \u00ab\u00a0L\u2019objectif principal de ces missions est de localiser le centre de la temp\u00eate, et de mesurer la pression centrale et les vents de surface autour de l\u2019\u0153il. Les informations recueillies lors des vols de recherche et de reconnaissance contribuent directement \u00e0 la s\u00e9curit\u00e9 des personnes qui vivent et se rendent sur les c\u00f4tes vuln\u00e9rables de l\u2019Atlantique et du golfe du Mexique\u00a0\u00bb, rappelle ainsi le NOAA sur son site web.<\/p>\n<p>                     Un ouragan \u00ab\u00a0catastrophique\u00a0\u00bb    <\/p>\n<p class=\"asset asset-text\">L\u2019ouragan Erin s\u2019est renforc\u00e9 samedi jusqu\u2019\u00e0 atteindre la cat\u00e9gorie maximale 5, qualifi\u00e9e de \u00ab\u00a0catastrophique\u00a0\u00bb par le centre am\u00e9ricain des ouragans (NHC), qui d\u00e9pend grandement des donn\u00e9es recueillies par la NOAA. \u00ab\u00a0Lorsque l\u2019ouragan Erin est pass\u00e9 en cat\u00e9gorie 5, nous \u00e9tions l\u00e0. C\u2019\u00e9tait le dernier passage de ce vol, mais notre mission n\u2019est pas termin\u00e9e\u00a0: nous continuons \u00e0 prot\u00e9ger le peuple am\u00e9ricain, comme toujours\u00a0!\u00a0\u00bb, a \u00e9crit l\u2019agence am\u00e9ricaine sur leur compte Instagram.<\/p>\n<p class=\"asset asset-text\">La vitesse des vents a ensuite diminu\u00e9, l\u2019ouragan \u00e9tant r\u00e9trograd\u00e9 en cat\u00e9gorie 3. Avant que dimanche soir vers 23h (ce lundi matin \u00e0 5\u00a0h, heure de Paris), le NHC n\u2019\u00e9crive qu\u2019Erin s\u2019\u00e9tait \u00ab\u00a0de nouveau renforc\u00e9 en ouragan de cat\u00e9gorie 4\u00a0\u00bb, mettant en garde contre \u00ab\u00a0des vagues et des courants potentiellement mortels sur la c\u00f4te Est\u00a0\u00bb des \u00c9tats-Unis.<\/p>\n<p> La lecture de ce contenu est susceptible d\u2019entra\u00eener un d\u00e9p\u00f4t de cookies de la part de l\u2019op\u00e9rateur tiers qui l\u2019h\u00e9berge. Compte-tenu des choix que vous avez exprim\u00e9s en mati\u00e8re de d\u00e9p\u00f4t de cookies, nous avons bloqu\u00e9 l\u2019affichage de ce contenu. Si vous souhaitez y acc\u00e9der, vous devez accepter la cat\u00e9gorie de cookies \u201cContenus tiers\u201d en cliquant sur le bouton ci-dessous. <\/p>\n<p> Lire la Vid\u00e9o        <\/p>\n<p class=\"asset asset-text\">Il se situait d\u00e9sormais \u00e0 environ 205 kilom\u00e8tres de l\u2019\u00eele Grand-Turk, dans les Turques-et-Ca\u00efques, soufflant des vents mesur\u00e9s \u00e0 215\u00a0km\/h au maximum. \u00ab\u00a0L\u2019\u0153il d\u2019Erin devrait passer \u00e0 l\u2019est et au nord-est\u00a0\u00bb de cet archipel, et au \u00ab\u00a0sud-est des Bahamas dans la nuit de dimanche \u00e0 lundi\u00a0\u00bb, a encore pr\u00e9venu le NHC dans son dernier bulletin. Avant d\u2019ajouter que \u00ab\u00a0des fluctuations d\u2019intensit\u00e9 sont attendues dans les prochains jours en raison de changements dans la structure interne du syst\u00e8me. Erin devient un syst\u00e8me plus vaste\u00a0\u00bb.<\/p>\n<p class=\"asset asset-text\">L\u2019ouragan Erin avait atteint le niveau maximal de l\u2019\u00e9chelle de Saffir-Simpson un peu plus de 24\u00a0heures apr\u00e8s avoir \u00e9t\u00e9 class\u00e9 en cat\u00e9gorie 1 &#8211; une intensification rapide que les scientifiques associent de plus en plus au r\u00e9chauffement climatique.<\/p>\n<p>    Des coupes massives de l\u2019administration Trump    <\/p>\n<p class=\"asset asset-text\">Mais la NOAA tout comme le NHC sont confront\u00e9s \u00e0 un probl\u00e8me majeur\u00a0: les coupes budg\u00e9taires voulues et impos\u00e9es par la Maison Blanche. En mai dernier, Rick Spinrad, ancien administrateur de l\u2019agence, avait fait part \u00e0 l\u2019AFP de ses inqui\u00e9tudes concernant la capacit\u00e9 de la NOAA \u00e0 assurer sa mission alors que pr\u00e8s de 900 m\u00e9t\u00e9orologues, techniciens et d\u2019autres membres du personnel ont \u00e9t\u00e9 limog\u00e9s par l\u2019administration Trump quelques semaines seulement apr\u00e8s le retour au pouvoir du pr\u00e9sident r\u00e9publicain.<\/p>\n<p class=\"asset asset-text\">Le gouvernement compte \u00e9galement couper 1,3\u00a0milliard de dollars du budget de l\u2019agence l\u2019an prochain, soit 27\u00a0% de son enveloppe totale, car elle est accus\u00e9e d\u2019\u00eatre \u00ab\u00a0alarmiste sur le climat\u00a0\u00bb par le groupe de r\u00e9flexion d\u2019extr\u00eame droite Projet 2025 dont l\u2019administration semble suivre les pr\u00e9ceptes.<\/p>\n<p class=\"asset asset-text\">La NOAA a en effet l\u2019outrecuidance de pr\u00e9voir une saison des ouragans de nouveau plus intense que la normale. Et ce, en raison de temp\u00e9ratures oc\u00e9aniques plus chaudes que la moyenne, des pr\u00e9visions de faible cisaillement du vent (une variation brusque de la vitesse et\/ou de la direction du vent sur une courte distance, qui peut casser la formation de cyclones) et une activit\u00e9 potentiellement accrue de la mousson d\u2019Afrique de l\u2019ouest, point de d\u00e9part des ouragans de l\u2019Atlantique. Un ph\u00e9nom\u00e8ne qui semble d\u00e9j\u00e0 s\u2019observer avec Erin, et qui pourrait marquer une saison des cyclones particuli\u00e8rement violente sur l\u2019Atlantique.<\/p>\n","protected":false},"excerpt":{"rendered":"HANDOUT \/ AFP Cette image satellite fournie par la National Oceanic and Atmospheric Administration (NOAA) montre l\u2019ouragan Erin&hellip;\n","protected":false},"author":2,"featured_media":326762,"comment_status":"","ping_status":"","sticky":false,"template":"","format":"standard","meta":{"footnotes":""},"categories":[2],"tags":[11,1129,75,436,73,1011,27,12,46266,25],"class_list":{"0":"post-326761","1":"post","2":"type-post","3":"status-publish","4":"format-standard","5":"has-post-thumbnail","7":"category-actualites","8":"tag-actualites","9":"tag-climat","10":"tag-donald-trump","11":"tag-environnement","12":"tag-etats-unis","13":"tag-fr","14":"tag-france","15":"tag-news","16":"tag-ouragan","17":"tag-republique-francaise"},"share_on_mastodon":{"url":"https:\/\/pubeurope.com\/@fr\/115049095926633739","error":""},"_links":{"self":[{"href":"https:\/\/www.europesays.com\/fr\/wp-json\/wp\/v2\/posts\/326761","targetHints":{"allow":["GET"]}}],"collection":[{"href":"https:\/\/www.europesays.com\/fr\/wp-json\/wp\/v2\/posts"}],"about":[{"href":"https:\/\/www.europesays.com\/fr\/wp-json\/wp\/v2\/types\/post"}],"author":[{"embeddable":true,"href":"https:\/\/www.europesays.com\/fr\/wp-json\/wp\/v2\/users\/2"}],"replies":[{"embeddable":true,"href":"https:\/\/www.europesays.com\/fr\/wp-json\/wp\/v2\/comments?post=326761"}],"version-history":[{"count":0,"href":"https:\/\/www.europesays.com\/fr\/wp-json\/wp\/v2\/posts\/326761\/revisions"}],"wp:featuredmedia":[{"embeddable":true,"href":"https:\/\/www.europesays.com\/fr\/wp-json\/wp\/v2\/media\/326762"}],"wp:attachment":[{"href":"https:\/\/www.europesays.com\/fr\/wp-json\/wp\/v2\/media?parent=326761"}],"wp:term":[{"taxonomy":"category","embeddable":true,"href":"https:\/\/www.europesays.com\/fr\/wp-json\/wp\/v2\/categories?post=326761"},{"taxonomy":"post_tag","embeddable":true,"href":"https:\/\/www.europesays.com\/fr\/wp-json\/wp\/v2\/tags?post=326761"}],"curies":[{"name":"wp","href":"https:\/\/api.w.org\/{rel}","templated":true}]}}