{"id":326763,"date":"2025-08-18T09:37:12","date_gmt":"2025-08-18T09:37:12","guid":{"rendered":"https:\/\/www.europesays.com\/fr\/326763\/"},"modified":"2025-08-18T09:37:12","modified_gmt":"2025-08-18T09:37:12","slug":"ce-nest-pas-la-confiance-qui-regne-entre-la-france-et-la-russie-des-relations-tendues","status":"publish","type":"post","link":"https:\/\/www.europesays.com\/fr\/326763\/","title":{"rendered":"\u00ab\u00a0Ce n&rsquo;est pas la confiance qui r\u00e8gne\u00a0\u00bb : entre la France et la Russie, des relations tendues"},"content":{"rendered":"<ul class=\"jsx-862013697 ArticleChapo__List\">\n<li class=\"jsx-862013697 ArticleChapo__List_Item flex\">Emmanuel Macron est en route pour Washington, dans le but de soutenir l&rsquo;Ukraine dans les n\u00e9gociations de paix.<\/li>\n<li class=\"jsx-862013697 ArticleChapo__List_Item flex\">Le pr\u00e9sident fran\u00e7ais pr\u00f4ne le maintien de la pression sur la Russie tant qu&rsquo;un cessez-le-feu n&rsquo;a pas \u00e9t\u00e9 sign\u00e9.<\/li>\n<li class=\"jsx-862013697 ArticleChapo__List_Item flex\">Sa posture place-t-elle la France en ennemi principale de la Russie en Europe ?<\/li>\n<\/ul>\n<p><a href=\"https:\/\/www.tf1info.fr\/actualite\/invasion-de-l-ukraine-par-la-russie-une-guerre-qui-dure-12951\/\" rel=\"noopener\" class=\"jsx-484472199 Link jsx-1428418400 jsx-554215408\" target=\"_blank\"><\/p>\n<p style=\"font-weight:400\" class=\"jsx-1837267516\">Suivez la couverture compl\u00e8te<\/p>\n<p style=\"font-weight:800\" class=\"jsx-1837267516\">Ukraine : 4\u1d49 ann\u00e9e de guerre<\/p>\n<p><\/a><\/p>\n<p data-module=\"article-paragraph\" class=\"jsx-3046738180 Paragraph\">Lors de la r\u00e9union de la \u00ab\u00a0coalition des volontaires\u00a0\u00bb, alli\u00e9s de l&rsquo;<a href=\"https:\/\/www.tf1info.fr\/international\/guerre-en-ukraine-russie-il-est-impossible-d-abandonner-ou-de-ceder-des-territoires-reaffirme-zelensky-depuis-bruxelles-2389200.html\" target=\"_blank\" rel=\"noopener\">Ukraine<\/a>, Emmanuel Macron a martel\u00e9 le besoin de maintenir la pression sur la <a href=\"https:\/\/www.tf1info.fr\/international\/video-lci-guerre-ukraine-sanctions-contre-la-russie-trump-epargne-poutine-l-europe-maintient-la-pression-2389174.html\" target=\"_blank\" rel=\"noopener\">Russie<\/a>. Une nouvelle illustration de la m\u00e9sentente ces derni\u00e8res ann\u00e9es entre les deux acteurs, alors que Paris a longtemps maintenu le dialogue avec Moscou ? \u00ab\u00a0Il faut dire que dans la relation bilat\u00e9rale entre la France et la Russie, ce n&rsquo;est pas forc\u00e9ment la confiance qui r\u00e8gne entre ces deux pays\u00a0\u00bb, explique Baptiste Garguy-Cartier, journaliste politique LCI, dans la vid\u00e9o en t\u00eate de cet article.<\/p>\n<p data-module=\"article-paragraph\" class=\"jsx-3046738180 Paragraph Paragraph__End\">Selon le g\u00e9n\u00e9ral Thierry Burkhard le 11 juillet dernier, la Russie a \u00ab\u00a0ouvertement d\u00e9sign\u00e9 la France comme son premier adversaire en Europe\u00a0\u00bb et fait de l&rsquo;Hexagone une \u00ab\u00a0cible prioritaire\u00a0\u00bb dans le cadre d&rsquo;une \u00ab\u00a0guerre hybride\u00a0\u00bb, avait-il affirm\u00e9. Le minist\u00e8re des Arm\u00e9es, contact\u00e9 par les <a href=\"https:\/\/www.tf1info.fr\/international\/guerre-ukraine-russie-vladimir-poutine-a-t-il-vraiment-designe-la-france-comme-son-adversaire-principal-en-europe-2382776.html\" target=\"_blank\" rel=\"noopener\">V\u00e9rificateurs de TF1<\/a>, a indiqu\u00e9 que le g\u00e9n\u00e9ral faisait r\u00e9f\u00e9rence \u00e0 un sondage VTsIOM aupr\u00e8s de la population russe, qui indique que 48% des sond\u00e9s placent la France comme pays entretenant des relations les plus tendues et hostiles avec la Russie.<\/p>\n<p><a href=\"https:\/\/www.tf1info.fr\/international\/front-uni-garanties-de-securite-ce-qu-a-dit-emmanuel-macron-a-la-veille-de-la-reunion-a-washington-sur-ukraine-russie-trump-zelensky-2389209.html\" rel=\"noopener\" class=\"jsx-3308031228 Link flex\" target=\"_blank\"><img decoding=\"async\" src=\"https:\/\/www.europesays.com\/fr\/wp-content\/uploads\/2025\/08\/emmanuel-macron-bormes-les-mimosas-17-aout-2025-623289-0@1x.jpeg\" alt=\"AFP\" loading=\"lazy\" importance=\"low\" fetchpriority=\"low\" class=\"\" aria-hidden=\"true\"\/><\/p>\n<p class=\"jsx-3657663356 ReadMoreArticle__Title\">Lire aussi<\/p>\n<p class=\"jsx-3657663356\">\u00ab\u00a0Front uni\u00a0\u00bb, garanties de s\u00e9curit\u00e9\u2026 Ce qu&rsquo;a dit Emmanuel Macron \u00e0 la veille de la r\u00e9union \u00e0 Washington<\/p>\n<p><\/a><\/p>\n<p data-module=\"article-paragraph\" class=\"jsx-3046738180 Paragraph Paragraph__End\">La France a, en effet, \u00e9t\u00e9 cibl\u00e9e par la Russie \u00e0 travers des compagnes de d\u00e9sinformation, d&rsquo;espionnage, \u00ab\u00a0des cyberattaques visant des entreprises ou des sites fran\u00e7ais\u00a0\u00bb, explique le journaliste. En mars dernier, Emmanuel Macron avait propos\u00e9 d&rsquo;utiliser l&rsquo;arsenal nucl\u00e9aire fran\u00e7ais comme parapluie pour prot\u00e9ger l&rsquo;Europe, ce qui n&rsquo;avait pas \u00e9t\u00e9 du go\u00fbt de Vladimir Poutine. \u00ab\u00a0Contrairement \u00e0 ses pr\u00e9d\u00e9cesseurs, qui ont \u00e9galement cherch\u00e9 \u00e0 combattre la Russie &#8211; Napol\u00e9on et Hitler -, M. Macron n&rsquo;agit pas de mani\u00e8re tr\u00e8s diplomatique\u00a0\u00bb, avait-il d\u00e9clar\u00e9, faisant r\u00e9f\u00e9rence \u00e0 la campagne militaire de Napol\u00e9on Bonaparte en 1812, qui s&rsquo;\u00e9tait sold\u00e9e par un \u00e9chec d\u00e9sastreux.<\/p>\n<p>Ga\u00eblle SHEEHAN<\/p>\n","protected":false},"excerpt":{"rendered":"Emmanuel Macron est en route pour Washington, dans le but de soutenir l&rsquo;Ukraine dans les n\u00e9gociations de paix.&hellip;\n","protected":false},"author":2,"featured_media":326764,"comment_status":"","ping_status":"","sticky":false,"template":"","format":"standard","meta":{"footnotes":""},"categories":[4],"tags":[1111,11,1921,1073,1011,27,28083,1922,2496,12,25,132,1917,133,1920,135],"class_list":{"0":"post-326763","1":"post","2":"type-post","3":"status-publish","4":"format-standard","5":"has-post-thumbnail","7":"category-france","8":"tag-actu","9":"tag-actualites","10":"tag-article-video","11":"tag-emmanuel-macron","12":"tag-fr","13":"tag-france","14":"tag-guerre-en-ukraine-une-treve-sera-t-elle-possible","15":"tag-info","16":"tag-le-6-9-avec-jean-baptiste-boursier","17":"tag-news","18":"tag-republique-francaise","19":"tag-russie","20":"tag-ukraine-4-annee-de-guerre","21":"tag-video","22":"tag-video-international","23":"tag-vladimir-poutine"},"share_on_mastodon":{"url":"https:\/\/pubeurope.com\/@fr\/115049100321977286","error":""},"_links":{"self":[{"href":"https:\/\/www.europesays.com\/fr\/wp-json\/wp\/v2\/posts\/326763","targetHints":{"allow":["GET"]}}],"collection":[{"href":"https:\/\/www.europesays.com\/fr\/wp-json\/wp\/v2\/posts"}],"about":[{"href":"https:\/\/www.europesays.com\/fr\/wp-json\/wp\/v2\/types\/post"}],"author":[{"embeddable":true,"href":"https:\/\/www.europesays.com\/fr\/wp-json\/wp\/v2\/users\/2"}],"replies":[{"embeddable":true,"href":"https:\/\/www.europesays.com\/fr\/wp-json\/wp\/v2\/comments?post=326763"}],"version-history":[{"count":0,"href":"https:\/\/www.europesays.com\/fr\/wp-json\/wp\/v2\/posts\/326763\/revisions"}],"wp:featuredmedia":[{"embeddable":true,"href":"https:\/\/www.europesays.com\/fr\/wp-json\/wp\/v2\/media\/326764"}],"wp:attachment":[{"href":"https:\/\/www.europesays.com\/fr\/wp-json\/wp\/v2\/media?parent=326763"}],"wp:term":[{"taxonomy":"category","embeddable":true,"href":"https:\/\/www.europesays.com\/fr\/wp-json\/wp\/v2\/categories?post=326763"},{"taxonomy":"post_tag","embeddable":true,"href":"https:\/\/www.europesays.com\/fr\/wp-json\/wp\/v2\/tags?post=326763"}],"curies":[{"name":"wp","href":"https:\/\/api.w.org\/{rel}","templated":true}]}}