{"id":326766,"date":"2025-08-18T09:39:10","date_gmt":"2025-08-18T09:39:10","guid":{"rendered":"https:\/\/www.europesays.com\/fr\/326766\/"},"modified":"2025-08-18T09:39:10","modified_gmt":"2025-08-18T09:39:10","slug":"volleyball-de-plage-brandie-wilkerson-et-melissa-humana-paredes-championnes-a-montreal","status":"publish","type":"post","link":"https:\/\/www.europesays.com\/fr\/326766\/","title":{"rendered":"Volleyball de plage : Brandie Wilkerson et Melissa Humana-Paredes championnes \u00e0 Montr\u00e9al"},"content":{"rendered":"<p style=\"margin:0cm 0cm 8pt\">Les Canadiennes Brandie Wilkerson et Melissa Humana-Paredes sont une fois de plus les reines du volleyball de plage \u00e0 Montr\u00e9al.<\/p>\n<p style=\"margin:0cm 0cm 8pt\">Sous les applaudissement bruyants de la foule, le duo canadien a remport\u00e9 la finale du Beach Pro Tour Elite 16 contre les Allemandes Svenja M\u00fcller et Cinja Tillman, deuxi\u00e8mes au monde, en deux manches de 21-15 et 22-20.<\/p>\n<p style=\"margin:0cm 0cm 8pt\">La paire Wilkerson\/Humana-Paredes est championne de l&rsquo;\u00e9preuve montr\u00e9alaise pour la deuxi\u00e8me fois en autant d&rsquo;\u00e9ditions. En 2023, elles avaient remport\u00e9 une premi\u00e8re m\u00e9daille d&rsquo;or ensemble devant leurs partisans.<\/p>\n<p>\u00ab C&rsquo;est le r\u00eave de tout athl\u00e8te d&rsquo;\u00eatre sur le terrain et de ressentir autant d&rsquo;amour et de soutien \u00bb, a r\u00e9agi Wilkerson au sujet de l&rsquo;ambiance.<\/p>\n<p>\u00ab Merci d&rsquo;avoir partag\u00e9 ce moment avec nous, a-t-elle ajout\u00e9 en fran\u00e7ais. C&rsquo;est vraiment sp\u00e9cial. Montr\u00e9al, tu es incroyable. Let&rsquo;s go Canada! \u00bb<\/p>\n<p>Les Canadiennes ont combl\u00e9 un retard de quatre points au deuxi\u00e8me set pour coller \u00e0 16-16 apr\u00e8s une mauvaise communication entre les Allemandes, qui ont laiss\u00e9 tomber un service entre elles, en plus d&rsquo;une faute pour transport peu apr\u00e8s.<\/p>\n<p style=\"margin:0cm 0cm 8pt\">Wilkerson a mis le point d&rsquo;exclamation en fin de match en bloquant une frappe de M\u00fcller au filet.<\/p>\n<p>Le duo a \u00e9t\u00e9 une v\u00e9ritable machine d\u00e9fensive, Melissa ayant \u00e9t\u00e9 la meneuse du tournoi en r\u00e9cup\u00e9ration (digs) et Brandie la meneuse pour les contres.<\/p>\n<p>\u00ab Notre \u00e9quipe a fait beaucoup d&rsquo;effort sur le plan d\u00e9fensif durant la premi\u00e8re moiti\u00e9 de saison, mais nous avons travaill\u00e9 tous les aspects et je pense que vous avez pu le voir cette semaine \u00bb, a indiqu\u00e9 Humana-Paredes.<\/p>\n<p>\u00ab Et bien s\u00fbr, vous nous avez aid\u00e9es un peu \u00bb, a-t-elle ajout\u00e9 en s&rsquo;adressant directement \u00e0 la foule. Merci de votre amour! \u00bb<\/p>\n<p style=\"margin:0cm 0cm 8pt\">Les Canadiennes s&rsquo;\u00e9taient qualifi\u00e9es en finale en remportant un match revanche lors de la demi-finale.<\/p>\n<p style=\"margin:0cm 0cm 8pt\">Elles ont vaincu Ana Patricia et Duda Lisboa, du Br\u00e9sil, qui avaient battu les Canadiennes en finale aux Jeux olympiques de Paris, l&rsquo;\u00e9t\u00e9 dernier. Celles-ci ont termin\u00e9 sur la troisi\u00e8me marche du podium.\u00a0<\/p>\n<p style=\"margin:0cm 0cm 8pt\">Wilkerson et Humana-Paredes avaient domin\u00e9 leurs adversaires lors de la premi\u00e8re manche 21-11 avant de gagner la deuxi\u00e8me 22-20.<\/p>\n<p>Wilkerson \u00e9tait ravie du r\u00e9sultat final apr\u00e8s un tournoi difficile.<\/p>\n<p>\u00ab Nous savions que ce serait difficile. Je pense que certaines \u00e9quipes ont essay\u00e9 de profiter de la pression et de l&rsquo;attention qui \u00e9taient concentr\u00e9es sur nous, mais nous en avons profit\u00e9 pour cr\u00e9er une dynamique, a-t-elle indiqu\u00e9.<\/p>\n<p>\u00ab Ce sont des athl\u00e8tes incroyables qui font ressortir le meilleur de nous-m\u00eames. Les matchs \u00e9taient vraiment passionnants et c&rsquo;\u00e9tait formidable de gagner. \u00bb<\/p>\n<p style=\"margin:0cm 0cm 8pt\">\u00a0<\/p>\n","protected":false},"excerpt":{"rendered":"Les Canadiennes Brandie Wilkerson et Melissa Humana-Paredes sont une fois de plus les reines du volleyball de plage&hellip;\n","protected":false},"author":2,"featured_media":326767,"comment_status":"","ping_status":"","sticky":false,"template":"","format":"standard","meta":{"footnotes":""},"categories":[1417],"tags":[1011,27,60,1470,1469],"class_list":{"0":"post-326766","1":"post","2":"type-post","3":"status-publish","4":"format-standard","5":"has-post-thumbnail","7":"category-volley","8":"tag-fr","9":"tag-france","10":"tag-sports","11":"tag-volley","12":"tag-volleyball"},"share_on_mastodon":{"url":"","error":""},"_links":{"self":[{"href":"https:\/\/www.europesays.com\/fr\/wp-json\/wp\/v2\/posts\/326766","targetHints":{"allow":["GET"]}}],"collection":[{"href":"https:\/\/www.europesays.com\/fr\/wp-json\/wp\/v2\/posts"}],"about":[{"href":"https:\/\/www.europesays.com\/fr\/wp-json\/wp\/v2\/types\/post"}],"author":[{"embeddable":true,"href":"https:\/\/www.europesays.com\/fr\/wp-json\/wp\/v2\/users\/2"}],"replies":[{"embeddable":true,"href":"https:\/\/www.europesays.com\/fr\/wp-json\/wp\/v2\/comments?post=326766"}],"version-history":[{"count":0,"href":"https:\/\/www.europesays.com\/fr\/wp-json\/wp\/v2\/posts\/326766\/revisions"}],"wp:featuredmedia":[{"embeddable":true,"href":"https:\/\/www.europesays.com\/fr\/wp-json\/wp\/v2\/media\/326767"}],"wp:attachment":[{"href":"https:\/\/www.europesays.com\/fr\/wp-json\/wp\/v2\/media?parent=326766"}],"wp:term":[{"taxonomy":"category","embeddable":true,"href":"https:\/\/www.europesays.com\/fr\/wp-json\/wp\/v2\/categories?post=326766"},{"taxonomy":"post_tag","embeddable":true,"href":"https:\/\/www.europesays.com\/fr\/wp-json\/wp\/v2\/tags?post=326766"}],"curies":[{"name":"wp","href":"https:\/\/api.w.org\/{rel}","templated":true}]}}