{"id":326768,"date":"2025-08-18T09:40:10","date_gmt":"2025-08-18T09:40:10","guid":{"rendered":"https:\/\/www.europesays.com\/fr\/326768\/"},"modified":"2025-08-18T09:40:10","modified_gmt":"2025-08-18T09:40:10","slug":"vers-la-fin-du-rugby-championship-tel-quon-le-connait","status":"publish","type":"post","link":"https:\/\/www.europesays.com\/fr\/326768\/","title":{"rendered":"Vers la fin du Rugby Championship tel qu&rsquo;on le connait ?"},"content":{"rendered":"<p>La comp\u00e9tition qui rassemble les quatre g\u00e9ants de l\u2019h\u00e9misph\u00e8re sud pourrait conna\u00eetre un coup d\u2019arr\u00eat \u00e0 court terme. Le Rugby Championship, institution du calendrier international, ne devrait pas avoir lieu en 2026, 2028 et 2030, selon plusieurs m\u00e9dias argentins et australiens.<\/p>\n<p>Si l\u2019information n\u2019a pas encore \u00e9t\u00e9 officialis\u00e9e, elle semble in\u00e9vitable. Les tourn\u00e9es traditionnelles devraient refaire surface, sous l\u2019impulsion des All Blacks et des Springboks, d\u00e9sireux de multiplier les confrontations directes. L\u2019Australie qui a renvers\u00e9 les Sud-africains ce week-end, appr\u00e9ciera.<\/p>\n<p>Objectif : renouer avec une formule qui s\u00e9duit les supporters et, surtout, g\u00e9n\u00e8re d\u2019importantes recettes.<\/p>\n<p>Concr\u00e8tement, la saison prochaine et en 2028, la Nouvelle-Z\u00e9lande et l\u2019Afrique du Sud se d\u00e9fieront dans ce format.<\/p>\n<p>L\u2019Australie et l\u2019Argentine, de leur c\u00f4t\u00e9, s\u2019activent pour construire leur propre calendrier, avec la perspective d\u2019affrontements bilat\u00e9raux.<\/p>\n<p>\u00c0 cela s\u2019ajoute une autre contrainte : le Rugby Championship 2027 sera condens\u00e9, Coupe du monde oblige. De fait, il faudra patienter jusqu\u2019en 2029 pour retrouver la version classique du \u201cFour Nations\u201d et revoir les quatre mastodontes sudistes r\u00e9unis dans une m\u00eame comp\u00e9tition.<\/p>\n<p>De fait ? m\u00eame chose en 2031 et ainsi de suite.<\/p>\n<p>Le \u00ab\u00a0vrai\u00a0\u00bb Rugby Championship n\u2019aura donc lieu que tous les 4 ans\u2026<\/p>\n","protected":false},"excerpt":{"rendered":"La comp\u00e9tition qui rassemble les quatre g\u00e9ants de l\u2019h\u00e9misph\u00e8re sud pourrait conna\u00eetre un coup d\u2019arr\u00eat \u00e0 court terme.&hellip;\n","protected":false},"author":2,"featured_media":326769,"comment_status":"","ping_status":"","sticky":false,"template":"","format":"standard","meta":{"footnotes":""},"categories":[1416],"tags":[1011,27,479,1468,60],"class_list":{"0":"post-326768","1":"post","2":"type-post","3":"status-publish","4":"format-standard","5":"has-post-thumbnail","7":"category-rugby","8":"tag-fr","9":"tag-france","10":"tag-rugby","11":"tag-rugby-football","12":"tag-sports"},"share_on_mastodon":{"url":"https:\/\/pubeurope.com\/@fr\/115049111499238991","error":""},"_links":{"self":[{"href":"https:\/\/www.europesays.com\/fr\/wp-json\/wp\/v2\/posts\/326768","targetHints":{"allow":["GET"]}}],"collection":[{"href":"https:\/\/www.europesays.com\/fr\/wp-json\/wp\/v2\/posts"}],"about":[{"href":"https:\/\/www.europesays.com\/fr\/wp-json\/wp\/v2\/types\/post"}],"author":[{"embeddable":true,"href":"https:\/\/www.europesays.com\/fr\/wp-json\/wp\/v2\/users\/2"}],"replies":[{"embeddable":true,"href":"https:\/\/www.europesays.com\/fr\/wp-json\/wp\/v2\/comments?post=326768"}],"version-history":[{"count":0,"href":"https:\/\/www.europesays.com\/fr\/wp-json\/wp\/v2\/posts\/326768\/revisions"}],"wp:featuredmedia":[{"embeddable":true,"href":"https:\/\/www.europesays.com\/fr\/wp-json\/wp\/v2\/media\/326769"}],"wp:attachment":[{"href":"https:\/\/www.europesays.com\/fr\/wp-json\/wp\/v2\/media?parent=326768"}],"wp:term":[{"taxonomy":"category","embeddable":true,"href":"https:\/\/www.europesays.com\/fr\/wp-json\/wp\/v2\/categories?post=326768"},{"taxonomy":"post_tag","embeddable":true,"href":"https:\/\/www.europesays.com\/fr\/wp-json\/wp\/v2\/tags?post=326768"}],"curies":[{"name":"wp","href":"https:\/\/api.w.org\/{rel}","templated":true}]}}