{"id":326776,"date":"2025-08-18T09:45:10","date_gmt":"2025-08-18T09:45:10","guid":{"rendered":"https:\/\/www.europesays.com\/fr\/326776\/"},"modified":"2025-08-18T09:45:10","modified_gmt":"2025-08-18T09:45:10","slug":"vuelta-tour-despagne-la-visma","status":"publish","type":"post","link":"https:\/\/www.europesays.com\/fr\/326776\/","title":{"rendered":"Vuelta. Tour d&rsquo;Espagne &#8211; La Visma"},"content":{"rendered":"<p>Certes victorieuse sur le\u00a0<strong>Tour d&rsquo;Italie <\/strong>au printemps gr\u00e2ce \u00e0 <strong>Simon Yates<\/strong>, l&rsquo;\u00e9quipe <strong><a href=\"https:\/\/www.cyclismactu.net\/..\/news-transfert-route-dylan-van-baarle-quitte-visma-lease-a-bike-pour-soudal-quick-step-89514.html\" target=\"_blank\" rel=\"nofollow noopener\">Visma | Lease a Bike<\/a> <\/strong>a toutefois manqu\u00e9 son grand objectif de la saison, le <strong>Tour de France<\/strong>. Sur les routes fran\u00e7aises, <strong><a href=\"http:\/\/www.cyclismactu.net\/news-tour-de-france-route-jonas-vingegaard-le-podium-dont-suis-moins-satisfait-89289.html#google_vignette\" target=\"_blank\" rel=\"nofollow noopener\">Jonas Vingegaard<\/a> <\/strong>a \u00e9t\u00e9 d\u00e9fait par un intouchable <strong>Tadej Pogacar <\/strong>(UAE Team Emirates XRG) qui l&rsquo;a domin\u00e9 pendant l&rsquo;enti\u00e8ret\u00e9 des trois semaines de course. Pas sacr\u00e9 sur Grand Tour depuis son succ\u00e8s sur le <strong>Tour de France <\/strong>2023, le Danois se pr\u00e9sentera sur le <strong>Tour d\u2019Espagne<\/strong> avec la ferme intention d\u2019\u00e9largir son palmar\u00e8s au-del\u00e0 du seul <strong>Tour de France<\/strong>. En l&rsquo;absence de son rival Slov\u00e8ne, <strong>Jonas Vingegaard <\/strong>fera clairement office de grand favori au d\u00e9part de Torino et sera accompagn\u00e9 d&rsquo;une \u00e9quipe enti\u00e8rement d\u00e9vou\u00e9e \u00e0 sa cause.<\/p>\n<p>Vid\u00e9o &#8211; Jonas Vingegaard quelque peu d\u00e9\u00e7u apr\u00e8s son Tour de France Lire la suite de l&rsquo;article&#13;<\/p>\n<p>\u00a0<\/p>\n<p>&#13;<br \/>\n\u00ab\u00a0J&rsquo;esp\u00e8re ajouter encore de beaux souvenirs cette ann\u00e9e\u00a0\u00bb&#13;<\/p>\n<p>Pour remporter son troisi\u00e8me Grand Tour, <strong>Jonas Vingegaard <\/strong>aura \u00e0 ses c\u00f4t\u00e9s une \u00e9quipe tr\u00e8s s\u00e9duisante et taill\u00e9e pour l&rsquo;accompagner en haute montagne. Autour de lui, des hommes qui n&rsquo;ont plus rien \u00e0 prouver lorsque les routes s&rsquo;\u00e9l\u00e8vent tels que <strong>Matteo Jorgenson<\/strong>, <strong>Wilco Kelderman<\/strong>, ou encore <strong>Sepp Kuss<\/strong>, vainqueur ici-m\u00eame en 2023, lors de la seule participation du Danois \u00e0 <strong>La Vuelta<\/strong>. R\u00e9cemment 3e du <strong>Tour de l&rsquo;Ain<\/strong>, <strong>Ben Tulett\u00a0<\/strong>sera \u00e9galement de la partie, tout comme <strong>Victor Campenaerts<\/strong>, impressionnant en haute montagne lors du dernier <strong>Tour de France<\/strong>. Enfin, pour compl\u00e9ter la s\u00e9lection des Gu\u00eapes pour le dernier Grand Tour de la saison, <strong>Vingegaard <\/strong>sera accompagn\u00e9 par le Fran\u00e7ais <strong>Axel Zingle<\/strong>, et <strong>Dylan Van Baarle<\/strong>, qui pourront l&rsquo;accompagner lors des phases moins exigeantes de la course.<\/p>\n<p>&#13;<\/p>\n<p>\u00ab\u00a0Apr\u00e8s le Tour, j\u2019ai d\u2019abord pris un peu de repos avant de commencer ma pr\u00e9paration pour mon prochain grand objectif de la saison\u00a0\u00bb\u00a0a expliqu\u00e9 <strong>Jonas Vingegaard <\/strong>sur le site de sa formation.\u00a0\u00ab\u00a0Ces derni\u00e8res semaines, j\u2019ai effectu\u00e9 un camp d\u2019entra\u00eenement individuel, avec le soutien de l\u2019\u00e9quipe sur place. J\u2019ai disput\u00e9 mon premier Grand Tour ici en 2020, que nous avions remport\u00e9 avec Primo\u017e Rogli\u010d. En 2023, nous avons compl\u00e9t\u00e9 notre trilogie ici et \u00e9tions m\u00eame tous ensemble sur le podium final \u00e0 Madrid. J\u2019esp\u00e8re que nous pourrons ajouter encore de beaux souvenirs cette ann\u00e9e.\u00a0\u00bb\u00a0Jamais d\u00e9faite en Espagne avec <strong>Jonas Vingegaard <\/strong>dans ses rangs, la <strong>Visma | Lease a Bike<\/strong>, n&rsquo;ambitionne rien de moins, comme l&rsquo;explique\u00a0<strong>Grischa Niermann<\/strong>,\u00a0le directeur sportif de la formation batave<strong>\u00a0<\/strong>: \u00ab\u00a0La victoire au classement g\u00e9n\u00e9ral est notre grand objectif, il n\u2019y a pas lieu de le cacher. Jonas est notre leader et notre meilleure chance de remporter le classement g\u00e9n\u00e9ral. Mais avec Sepp Kuss, nous avons un ancien vainqueur au d\u00e9part, et Matteo Jorgenson s\u2019est bien remis apr\u00e8s le Tour de France. Aux c\u00f4t\u00e9s de Wilco Kelderman, Ben Tulett, Victor Campenaerts, Dylan van Baarle et Axel Zingle, nous alignons une \u00e9quipe capable de soutenir Jonas dans toutes les situations\u00a0\u00bb<\/p>\n","protected":false},"excerpt":{"rendered":"Certes victorieuse sur le\u00a0Tour d&rsquo;Italie au printemps gr\u00e2ce \u00e0 Simon Yates, l&rsquo;\u00e9quipe Visma | Lease a Bike a&hellip;\n","protected":false},"author":2,"featured_media":326777,"comment_status":"","ping_status":"","sticky":false,"template":"","format":"standard","meta":{"footnotes":""},"categories":[1411],"tags":[1154,207,1011,27,209,60,3318,208],"class_list":{"0":"post-326776","1":"post","2":"type-post","3":"status-publish","4":"format-standard","5":"has-post-thumbnail","7":"category-cyclisme","8":"tag-cycling","9":"tag-cyclisme","10":"tag-fr","11":"tag-france","12":"tag-route","13":"tag-sports","14":"tag-tour-d","15":"tag-velo"},"share_on_mastodon":{"url":"https:\/\/pubeurope.com\/@fr\/115049131118418419","error":""},"_links":{"self":[{"href":"https:\/\/www.europesays.com\/fr\/wp-json\/wp\/v2\/posts\/326776","targetHints":{"allow":["GET"]}}],"collection":[{"href":"https:\/\/www.europesays.com\/fr\/wp-json\/wp\/v2\/posts"}],"about":[{"href":"https:\/\/www.europesays.com\/fr\/wp-json\/wp\/v2\/types\/post"}],"author":[{"embeddable":true,"href":"https:\/\/www.europesays.com\/fr\/wp-json\/wp\/v2\/users\/2"}],"replies":[{"embeddable":true,"href":"https:\/\/www.europesays.com\/fr\/wp-json\/wp\/v2\/comments?post=326776"}],"version-history":[{"count":0,"href":"https:\/\/www.europesays.com\/fr\/wp-json\/wp\/v2\/posts\/326776\/revisions"}],"wp:featuredmedia":[{"embeddable":true,"href":"https:\/\/www.europesays.com\/fr\/wp-json\/wp\/v2\/media\/326777"}],"wp:attachment":[{"href":"https:\/\/www.europesays.com\/fr\/wp-json\/wp\/v2\/media?parent=326776"}],"wp:term":[{"taxonomy":"category","embeddable":true,"href":"https:\/\/www.europesays.com\/fr\/wp-json\/wp\/v2\/categories?post=326776"},{"taxonomy":"post_tag","embeddable":true,"href":"https:\/\/www.europesays.com\/fr\/wp-json\/wp\/v2\/tags?post=326776"}],"curies":[{"name":"wp","href":"https:\/\/api.w.org\/{rel}","templated":true}]}}