{"id":326778,"date":"2025-08-18T09:46:10","date_gmt":"2025-08-18T09:46:10","guid":{"rendered":"https:\/\/www.europesays.com\/fr\/326778\/"},"modified":"2025-08-18T09:46:10","modified_gmt":"2025-08-18T09:46:10","slug":"une-recrue-incroyable-rejoint-le-psg-ce-joueur-de-luis-enrique-annonce-du-lourd-a-venir","status":"publish","type":"post","link":"https:\/\/www.europesays.com\/fr\/326778\/","title":{"rendered":"Une recrue \u00abincroyable\u00bb rejoint le PSG\u00a0: Ce joueur de Luis Enrique annonce du lourd \u00e0 venir\u00a0!"},"content":{"rendered":"<p>                    Bernard Colas<br \/>\n                        &#8211;<\/p>\n<p>Journaliste<\/p>\n<p>Passionn\u00e9 de sport, de cin\u00e9ma et de t\u00e9l\u00e9vision (\u00e0 l\u2019\u00e9cran comme derri\u00e8re) depuis son enfance, Bernard est journaliste pour le 10 Sport depuis 2018. Plus habile clavier en main que ballon au pied, il d\u00e9cide de couvrir principalement un sport adul\u00e9, critiqu\u00e9 et d\u00e9test\u00e9 \u00e0 la fois (le football) et un sport qui n\u2019en est pas un (le catch).<\/p>\n<p class=\"heading\">Arriv\u00e9 de Bournemouth pour 66M\u20ac (bonus compris) il y a quelques jours, Illya Zabarnyi a disput\u00e9 dimanche soir l\u2019int\u00e9gralit\u00e9 de la rencontre face \u00e0 Nantes (1-0). Au coup de sifflet final, Lucas Beraldo se montrait d\u00e9j\u00e0 sous le charme de son nouveau co\u00e9quipier au Paris Saint-Germain, tout comme Luis Enrique.<\/p>\n<p>Ce dimanche, <strong>Illya Zabarnyi<\/strong> a disput\u00e9 son premier match sous les couleurs du <a href=\"https:\/\/le10sport.com\/football\/mercato\/le-psg-boucle-trois-transferts-luis-enrique-jubile-754681\" rel=\"nofollow noopener\" target=\"_blank\">PSG<\/a>, profitant du turnover d\u00e9cid\u00e9 par <strong>Luis Enrique<\/strong>. Des d\u00e9buts encourageants pour l\u2019international ukrainien, qui a d\u00e9barqu\u00e9 cette semaine dans la capitale en provenance de <strong>Bournemouth <\/strong>dans le cadre d\u2019un transfert estim\u00e9 \u00e0 66M\u20ac bonus compris. Apr\u00e8s la partie, <strong>Lucas Beraldo<\/strong> a tenu des propos \u00e9logieux \u00e0 l\u2019\u00e9gard de son nouveau co\u00e9quipier.<\/p>\n<p>                                            \u00ab Zabarnyi va nous apporter beaucoup de choses\u00a0\u00bb<\/p>\n<p>\u00ab\u00a0C&rsquo;est un joueur incroyable, s\u2019est enflamm\u00e9 l\u2019international br\u00e9silien du <strong>PSG<\/strong>. Il va s&rsquo;adapter avec beaucoup de facilit\u00e9 et nous apporter beaucoup de choses et nous aider. En retour, on va l&rsquo;aider \u00e0 ce qu&rsquo;il se sente \u00e0 la maison le plus rapidement possible. \u00bb<\/p>\n<p>                                            \u00ab\u00a0Il a fait un tr\u00e8s bon match\u00a0\u00bb<\/p>\n<p><strong>Luis Enrique <\/strong>\u00e9tait quant \u00e0 lui satisfait de la premi\u00e8re de <strong>Zabarnyi<\/strong>. \u00ab\u00a0Je pense que les conditions physique et technique de Zabarnyi sont parfaites pour le style de jeu que j\u2019aime. Il est \u00e0 l&rsquo;aise avec le ballon et c&rsquo;est important pour nous. Et sans le ballon, c&rsquo;est un joueur qui gagne les duels normalement. Je pense qu&rsquo;il a fait un tr\u00e8s bon match\u00a0\u00bb, a r\u00e9agi dimanche soir l\u2019entra\u00eeneur du <strong>PSG <\/strong>en conf\u00e9rence de presse.<\/p>\n","protected":false},"excerpt":{"rendered":"Bernard Colas &#8211; Journaliste Passionn\u00e9 de sport, de cin\u00e9ma et de t\u00e9l\u00e9vision (\u00e0 l\u2019\u00e9cran comme derri\u00e8re) depuis son&hellip;\n","protected":false},"author":2,"featured_media":326779,"comment_status":"","ping_status":"","sticky":false,"template":"","format":"standard","meta":{"footnotes":""},"categories":[1410],"tags":[63,1011,27,60],"class_list":{"0":"post-326778","1":"post","2":"type-post","3":"status-publish","4":"format-standard","5":"has-post-thumbnail","7":"category-football","8":"tag-football","9":"tag-fr","10":"tag-france","11":"tag-sports"},"share_on_mastodon":{"url":"https:\/\/pubeurope.com\/@fr\/115049135084238936","error":""},"_links":{"self":[{"href":"https:\/\/www.europesays.com\/fr\/wp-json\/wp\/v2\/posts\/326778","targetHints":{"allow":["GET"]}}],"collection":[{"href":"https:\/\/www.europesays.com\/fr\/wp-json\/wp\/v2\/posts"}],"about":[{"href":"https:\/\/www.europesays.com\/fr\/wp-json\/wp\/v2\/types\/post"}],"author":[{"embeddable":true,"href":"https:\/\/www.europesays.com\/fr\/wp-json\/wp\/v2\/users\/2"}],"replies":[{"embeddable":true,"href":"https:\/\/www.europesays.com\/fr\/wp-json\/wp\/v2\/comments?post=326778"}],"version-history":[{"count":0,"href":"https:\/\/www.europesays.com\/fr\/wp-json\/wp\/v2\/posts\/326778\/revisions"}],"wp:featuredmedia":[{"embeddable":true,"href":"https:\/\/www.europesays.com\/fr\/wp-json\/wp\/v2\/media\/326779"}],"wp:attachment":[{"href":"https:\/\/www.europesays.com\/fr\/wp-json\/wp\/v2\/media?parent=326778"}],"wp:term":[{"taxonomy":"category","embeddable":true,"href":"https:\/\/www.europesays.com\/fr\/wp-json\/wp\/v2\/categories?post=326778"},{"taxonomy":"post_tag","embeddable":true,"href":"https:\/\/www.europesays.com\/fr\/wp-json\/wp\/v2\/tags?post=326778"}],"curies":[{"name":"wp","href":"https:\/\/api.w.org\/{rel}","templated":true}]}}