{"id":326782,"date":"2025-08-18T09:48:11","date_gmt":"2025-08-18T09:48:11","guid":{"rendered":"https:\/\/www.europesays.com\/fr\/326782\/"},"modified":"2025-08-18T09:48:11","modified_gmt":"2025-08-18T09:48:11","slug":"cela-fait-trente-ans-que-je-suis-ici-et-jen-suis-tres-heureux-comment-un-coup-de-bol-a-ancre-jean-marie-perier-le-photographe-des-stars-des-annees-yeye-en-aveyron","status":"publish","type":"post","link":"https:\/\/www.europesays.com\/fr\/326782\/","title":{"rendered":"\u00ab\u00a0Cela fait trente ans que je suis ici et j&rsquo;en suis tr\u00e8s heureux\u00a0\u00bb, comment un \u00ab\u00a0coup de bol\u00a0\u00bb a ancr\u00e9 Jean-Marie P\u00e9rier, le photographe des stars des ann\u00e9es \u00ab\u00a0y\u00e9y\u00e9\u00a0\u00bb, en Aveyron"},"content":{"rendered":"<p>\n                                                                Install\u00e9 \u00e0 Villeneuve depuis 30 ans, le c\u00e9l\u00e8bre photographe revendique une vie simple loin du strass et des projecteurs.\n                            <\/p>\n<p>\u00ab\u00a0Personne n\u2019est \u00e0 l\u2019abri d\u2019un coup de bol.\u00a0\u00bb Il a le sens de la formule et la distille bien volontiers pour bien montrer qu\u2019il a eu effectivement de la chance \u00e0 certaines p\u00e9riodes de sa vie. Ce matin-l\u00e0, ce \u00ab\u00a0coup de bol\u00a0\u00bb l\u2019a conduit tout droit vers le Sud de la France. \u00ab\u00a0Je venais de passer dix ans aux Etats-Unis et j\u2019avais envie de retrouver la campagne de mon enfance, la vraie campagne.\u00a0\u00bb<\/p>\n<p>\u00ab\u00a0J&rsquo;avais envie de retrouver la campagne de mon enfance\u00a0\u00bb<\/p>\n<p>Jean-Marie P\u00e9rier a donc mis le cap vers le sud et s\u2019est arr\u00eat\u00e9 un peu par hasard \u00e0 Figeac, dans le Lot voisin. \u00ab\u00a0Je suis entr\u00e9 dans une agence immobili\u00e8re et j\u2019en suis ressorti avec une ferme proche, sans l\u2019\u00eatre trop, de Villeneuve. Aujourd\u2019hui, cela fait trente ans que je suis en Aveyron et j\u2019en suis tr\u00e8s heureux.\u00a0\u00bb <\/p>\n<p>L\u2019ancien photographe de la p\u00e9riode \u00ab\u00a0y\u00e9y\u00e9\u00a0\u00bb, les ann\u00e9es 60, entre autres, car il a rapidement collabor\u00e9 \u00e0 \u00ab\u00a0Salut les copains\u00a0\u00bb de son mentor Daniel Filipacchi, \u00e0 Paris Match, \u00e0 Elle\u2026 a donc tourn\u00e9 le dos au monde du strass et des paillettes am\u00e9ricains et parisiens pour un confort bien plus sommaire. \u00ab\u00a0Ce monde rural que je voulais tant et qui n\u2019est surtout pas p\u00e9joratif lorsque je l\u2019emploie m\u2019a accueilli les bras grands ouverts. J\u2019ai d\u2019ailleurs rencontr\u00e9 des gens qui ont \u0153uvr\u00e9, par exemple, pour la cr\u00e9ation de la Maison de la photo au c\u0153ur de Villeneuve. Je pense ici au regrett\u00e9 Michel Heuillet sans qui rien ne serait arriv\u00e9\u2026\u00a0\u00bb<\/p>\n<p>De Peyrusse-le-Roc \u00e0 Laguiole en passant par Rodez<\/p>\n<p>On l\u2019aura bien compris, \u00ab\u00a0son\u00a0\u00bb Aveyron se trouve surtout \u00e0 Villeneuve o\u00f9 les souvenirs s\u2019entassent, m\u00eame s\u2019ils ne sont pas tous tr\u00e8s bons, notamment lorsque sa ferme a pris feu. \u00ab\u00a0Le seul point positif, c\u2019est que j\u2019ai pu la reconstruire avec un peu plus de modernit\u00e9 !\u00a0\u00bb Lorsqu\u2019on pousse un peu plus la question aveyronnaise, il \u00e9voque le cadre majestueux de Peyrusse-le-Roc et ses tours pos\u00e9es sur le roc del Thaluc, sans oublier le restaurant install\u00e9 dans le village, un clin d\u2019\u0153il \u00e0 la (bonne) gastronomie d\u00e9partementale. Sur ce sujet, il loue bien entendu le \u00ab\u00a0talent\u00a0\u00bb de Michel et S\u00e9bastien Bras, \u00e0 Laguiole. Dans un autre domaine, mais cela reste toujours de l\u2019art, \u00ab\u00a0le mus\u00e9e consacr\u00e9 \u00e0 Pierre Soulages, \u00e0 Rodez, un b\u00e2timent moderne ; si j\u2019osais et j\u2019ose, ce c\u00f4t\u00e9 insolite en Aveyron entre le noir de Soulages et les couleurs de P\u00e9rier\u00a0\u00bb.<\/p>\n<p>Forc\u00e9ment, on ne s\u2019en \u00e9loigne jamais beaucoup, de Villeneuve. Car, ici, \u00e0 partir de 1995, il s\u2019y est fait une image, le nom, il l\u2019avait d\u00e9j\u00e0 pour lui. Il \u00e9tait ainsi possible de toucher du doigt une \u00ab\u00a0c\u00e9l\u00e9brit\u00e9\u00a0\u00bb \u2013 il s\u2019en d\u00e9fend, lui qui a eu, avant tout, de la \u00ab\u00a0chance\u00a0\u00bb, cet adolescent chanceux \u00e0 qui on a mis un appareil photo entre les mains pour immortaliser les Dizzy Gillepsie, les Beatles, les Rolling Stones avant de se lier d\u2019amiti\u00e9 avec les Johnny Hallyday, Jacques Dutronc\u2026 \u2013 pour laquelle ce projet de Maison de la photo a pris forme, en 2015, sur la place des Conques, dans une b\u00e2tisse des XIIIe et XIVe si\u00e8cles. \u00ab\u00a0Les visiteurs ont vite afflu\u00e9, ce qui a donn\u00e9 un bel \u00e9lan touristique \u00e0 Villeneuve\u00a0\u00bb, explique l\u2019octog\u00e9naire (il vient de souffler ses 85 bougies). \u00ab\u00a0Avec le nouveau maire de la commune, Jean-Pierre Masbou, la Maison de la photo est devenue la Galerie Jean-Marie P\u00e9rier. Les 200 images accroch\u00e9es aux cimaises ont d\u00e9sormais ma voix, ce qui permet d\u2019apporter une touche explicative.\u00a0\u00bb<\/p>\n<p>Bien loin de la retraite \u2013 un mot dont il ne conna\u00eet pas la signification ! \u2013, Jean-Marie P\u00e9rier passe d\u00e9sormais moins de temps \u00e0 Villeneuve \u2013 il a encore trois livres \u00e0 \u00e9crire dont les histoires sont d\u00e9j\u00e0 bien \u00e9tablies dans son esprit \u2013, mais il a encore besoin de prendre plein sud depuis Paris, histoire de voir \u00ab\u00a0des gens normaux\u00a0\u00bb.<\/p>\n","protected":false},"excerpt":{"rendered":"Install\u00e9 \u00e0 Villeneuve depuis 30 ans, le c\u00e9l\u00e8bre photographe revendique une vie simple loin du strass et des&hellip;\n","protected":false},"author":2,"featured_media":326783,"comment_status":"","ping_status":"","sticky":false,"template":"","format":"standard","meta":{"footnotes":""},"categories":[1358],"tags":[1348,1384,1385,1386,58,59,1011,27],"class_list":{"0":"post-326782","1":"post","2":"type-post","3":"status-publish","4":"format-standard","5":"has-post-thumbnail","7":"category-arts-et-design","8":"tag-arts","9":"tag-arts-and-design","10":"tag-arts-et-design","11":"tag-design","12":"tag-divertissement","13":"tag-entertainment","14":"tag-fr","15":"tag-france"},"share_on_mastodon":{"url":"https:\/\/pubeurope.com\/@fr\/115049143347601203","error":""},"_links":{"self":[{"href":"https:\/\/www.europesays.com\/fr\/wp-json\/wp\/v2\/posts\/326782","targetHints":{"allow":["GET"]}}],"collection":[{"href":"https:\/\/www.europesays.com\/fr\/wp-json\/wp\/v2\/posts"}],"about":[{"href":"https:\/\/www.europesays.com\/fr\/wp-json\/wp\/v2\/types\/post"}],"author":[{"embeddable":true,"href":"https:\/\/www.europesays.com\/fr\/wp-json\/wp\/v2\/users\/2"}],"replies":[{"embeddable":true,"href":"https:\/\/www.europesays.com\/fr\/wp-json\/wp\/v2\/comments?post=326782"}],"version-history":[{"count":0,"href":"https:\/\/www.europesays.com\/fr\/wp-json\/wp\/v2\/posts\/326782\/revisions"}],"wp:featuredmedia":[{"embeddable":true,"href":"https:\/\/www.europesays.com\/fr\/wp-json\/wp\/v2\/media\/326783"}],"wp:attachment":[{"href":"https:\/\/www.europesays.com\/fr\/wp-json\/wp\/v2\/media?parent=326782"}],"wp:term":[{"taxonomy":"category","embeddable":true,"href":"https:\/\/www.europesays.com\/fr\/wp-json\/wp\/v2\/categories?post=326782"},{"taxonomy":"post_tag","embeddable":true,"href":"https:\/\/www.europesays.com\/fr\/wp-json\/wp\/v2\/tags?post=326782"}],"curies":[{"name":"wp","href":"https:\/\/api.w.org\/{rel}","templated":true}]}}