{"id":326788,"date":"2025-08-18T09:51:12","date_gmt":"2025-08-18T09:51:12","guid":{"rendered":"https:\/\/www.europesays.com\/fr\/326788\/"},"modified":"2025-08-18T09:51:12","modified_gmt":"2025-08-18T09:51:12","slug":"carton-plein-pour-la-17e-edition-du-festival-en-vie-urbaine-a-niort","status":"publish","type":"post","link":"https:\/\/www.europesays.com\/fr\/326788\/","title":{"rendered":"carton plein pour la 17e \u00e9dition du festival En vie urbaine \u00e0 Niort"},"content":{"rendered":"<p>\u00c0 l\u2019heure de nettoyer la place Louis-Jouvet, <a target=\"_self\" href=\"https:\/\/www.lanouvellerepublique.fr\/niort\/je-suis-fier-de-mon-quartier-a-niort-en-vie-urbaine-fait-vivre-la-tour-chabot-1755282382\" rel=\"noopener\">au c\u0153ur de la Tour-Chabot<\/a>, les organisateurs du festival En vie urbaine ont l\u2019air fatigu\u00e9s, mais heureux. Pour sa 17e\u00a0\u00e9dition, le rendez-vous d\u00e9di\u00e9 aux musiques urbaines a atti&#8230; <\/p>\n<p>    Cet article a \u00e9t\u00e9 tronqu\u00e9. Abonnez-vous pour lire l&rsquo;article complet sur notre site.<\/p>\n<p style=\"margin: 0 !important; padding: 0 !important; font-size: 12px !important;\">Cet article a \u00e9t\u00e9 tronqu\u00e9. Abonnez-vous pour lire l&rsquo;article complet.<\/p>\n<p>    <a href=\"https:\/\/www.lanouvellerepublique.fr\/abonnements\" style=\"display: inline-block; margin-top: 5px !important; padding: 6px 12px !important; background: #cb1c27; color: white; text-decoration: none; border-radius: 4px; font-size: 12px !important;\" target=\"_blank\" rel=\"noopener\"><br \/>\n      S&rsquo;abonner<br \/>\n    <\/a><\/p>\n","protected":false},"excerpt":{"rendered":"\u00c0 l\u2019heure de nettoyer la place Louis-Jouvet, au c\u0153ur de la Tour-Chabot, les organisateurs du festival En vie&hellip;\n","protected":false},"author":2,"featured_media":326789,"comment_status":"","ping_status":"","sticky":false,"template":"","format":"standard","meta":{"footnotes":""},"categories":[1355],"tags":[1392,58,59,3337,1011,27,1393,1361,873,1698,6752],"class_list":{"0":"post-326788","1":"post","2":"type-post","3":"status-publish","4":"format-standard","5":"has-post-thumbnail","7":"category-musique","8":"tag-a-la-une-local","9":"tag-divertissement","10":"tag-entertainment","11":"tag-festivals","12":"tag-fr","13":"tag-france","14":"tag-loisirs","15":"tag-music","16":"tag-musique","17":"tag-musiques","18":"tag-niort"},"share_on_mastodon":{"url":"https:\/\/pubeurope.com\/@fr\/115049154710474358","error":""},"_links":{"self":[{"href":"https:\/\/www.europesays.com\/fr\/wp-json\/wp\/v2\/posts\/326788","targetHints":{"allow":["GET"]}}],"collection":[{"href":"https:\/\/www.europesays.com\/fr\/wp-json\/wp\/v2\/posts"}],"about":[{"href":"https:\/\/www.europesays.com\/fr\/wp-json\/wp\/v2\/types\/post"}],"author":[{"embeddable":true,"href":"https:\/\/www.europesays.com\/fr\/wp-json\/wp\/v2\/users\/2"}],"replies":[{"embeddable":true,"href":"https:\/\/www.europesays.com\/fr\/wp-json\/wp\/v2\/comments?post=326788"}],"version-history":[{"count":0,"href":"https:\/\/www.europesays.com\/fr\/wp-json\/wp\/v2\/posts\/326788\/revisions"}],"wp:featuredmedia":[{"embeddable":true,"href":"https:\/\/www.europesays.com\/fr\/wp-json\/wp\/v2\/media\/326789"}],"wp:attachment":[{"href":"https:\/\/www.europesays.com\/fr\/wp-json\/wp\/v2\/media?parent=326788"}],"wp:term":[{"taxonomy":"category","embeddable":true,"href":"https:\/\/www.europesays.com\/fr\/wp-json\/wp\/v2\/categories?post=326788"},{"taxonomy":"post_tag","embeddable":true,"href":"https:\/\/www.europesays.com\/fr\/wp-json\/wp\/v2\/tags?post=326788"}],"curies":[{"name":"wp","href":"https:\/\/api.w.org\/{rel}","templated":true}]}}