{"id":326794,"date":"2025-08-18T09:54:13","date_gmt":"2025-08-18T09:54:13","guid":{"rendered":"https:\/\/www.europesays.com\/fr\/326794\/"},"modified":"2025-08-18T09:54:13","modified_gmt":"2025-08-18T09:54:13","slug":"un-mondial-des-clubs-a-48-equipes-tous-les-deux-ans-mondial-des-clubs","status":"publish","type":"post","link":"https:\/\/www.europesays.com\/fr\/326794\/","title":{"rendered":"Un Mondial des clubs \u00e0 48 \u00e9quipes tous les deux ans ? &#8211; Mondial des clubs"},"content":{"rendered":"<p>Gianni des id\u00e9es de g\u00e9nie.<\/p>\n<p>Un mois apr\u00e8s <a target=\"_blank\" href=\"https:\/\/www.sofoot.com\/articles\/chelsea-balaye-le-psg-et-soffre-la-coupe-du-monde-des-clubs\" rel=\"nofollow noopener\">la d\u00e9monstration de Chelsea contre le PSG<\/a>, le Mondial des clubs continue de faire parler de lui. D\u2019apr\u00e8s des informations <a target=\"_blank\" href=\"https:\/\/www.theguardian.com\/football\/2025\/aug\/17\/fifa-consider-holding-club-world-cup-every-two-years-from-2029-and-could-expand-it\" rel=\"nofollow noopener\">r\u00e9v\u00e9l\u00e9es par le Guardian<\/a> ce dimanche, <strong>la FIFA envisagerait d\u2019organiser cette nouvelle comp\u00e9tition tous les deux ans.<\/strong> La f\u00e9d\u00e9ration internationale r\u00e9pondrait alors \u00e0 la demande\u00a0des grands clubs comme le Real Madrid, le FC Barcelone ou encore Liverpool, d\u00e9sireux de participer\u00a0plus r\u00e9guli\u00e8rement \u00e0 ce tournoi lucratif.<\/p>\n<p>48 \u00e9quipes comme la Coupe du monde<\/p>\n<p>Ce changement, s\u2019il est confirm\u00e9, entrerait en vigueur apr\u00e8s le prochain Mondial des clubs en 2029. La FIFA envisagerait aussi d\u2019augmenter le nombres d\u2019\u00e9quipes participantes, <strong>passant de 32 \u00e0 48 comme pour la Coupe du monde 2026.<\/strong> Alors que la premi\u00e8re \u00e9dition organis\u00e9e aux \u00c9tats-Unis a rapport\u00e9 plus de deux milliards de dollars, ce nouveau format permettrait aux clubs d\u2019accro\u00eetre encore davantage leurs revenus.<\/p>\n<p>Qu\u2019en pense <a target=\"_blank\" href=\"https:\/\/www.sofoot.com\/articles\/les-avis-de-jules-kounde-les-joueurs-doivent-ils-jouer-au-foot-et-se-taire-vraiment\" rel=\"nofollow noopener\">Jules Kound\u00e9<\/a> ?<\/p>\n<p>\t\t\t\t\t\t\t\t\t\t<a class=\"lien-connexe\" href=\"https:\/\/www.sofoot.com\/articles\/les-notes-de-ligue-1-la-nouvelle-plateforme-de-diffusion-du-championnat-de-france-de-ligue-1\" rel=\"nofollow noopener\" target=\"_blank\">Les notes de Ligue 1 + <\/a>\t\t\t\t\t<\/p>\n","protected":false},"excerpt":{"rendered":"Gianni des id\u00e9es de g\u00e9nie. Un mois apr\u00e8s la d\u00e9monstration de Chelsea contre le PSG, le Mondial des&hellip;\n","protected":false},"author":2,"featured_media":326795,"comment_status":"","ping_status":"","sticky":false,"template":"","format":"standard","meta":{"footnotes":""},"categories":[9],"tags":[47,61,69,65,64,63,1011,27,68,66,62,70,67,60],"class_list":{"0":"post-326794","1":"post","2":"type-post","3":"status-publish","4":"format-standard","5":"has-post-thumbnail","7":"category-sports","8":"tag-actualite","9":"tag-actus-football","10":"tag-bundesliga","11":"tag-championnats-europeens","12":"tag-equipe-de-france","13":"tag-football","14":"tag-fr","15":"tag-france","16":"tag-ligua","17":"tag-ligue-1","18":"tag-news-foot","19":"tag-premier-league","20":"tag-serie-a","21":"tag-sports"},"share_on_mastodon":{"url":"https:\/\/pubeurope.com\/@fr\/115049166599125100","error":""},"_links":{"self":[{"href":"https:\/\/www.europesays.com\/fr\/wp-json\/wp\/v2\/posts\/326794","targetHints":{"allow":["GET"]}}],"collection":[{"href":"https:\/\/www.europesays.com\/fr\/wp-json\/wp\/v2\/posts"}],"about":[{"href":"https:\/\/www.europesays.com\/fr\/wp-json\/wp\/v2\/types\/post"}],"author":[{"embeddable":true,"href":"https:\/\/www.europesays.com\/fr\/wp-json\/wp\/v2\/users\/2"}],"replies":[{"embeddable":true,"href":"https:\/\/www.europesays.com\/fr\/wp-json\/wp\/v2\/comments?post=326794"}],"version-history":[{"count":0,"href":"https:\/\/www.europesays.com\/fr\/wp-json\/wp\/v2\/posts\/326794\/revisions"}],"wp:featuredmedia":[{"embeddable":true,"href":"https:\/\/www.europesays.com\/fr\/wp-json\/wp\/v2\/media\/326795"}],"wp:attachment":[{"href":"https:\/\/www.europesays.com\/fr\/wp-json\/wp\/v2\/media?parent=326794"}],"wp:term":[{"taxonomy":"category","embeddable":true,"href":"https:\/\/www.europesays.com\/fr\/wp-json\/wp\/v2\/categories?post=326794"},{"taxonomy":"post_tag","embeddable":true,"href":"https:\/\/www.europesays.com\/fr\/wp-json\/wp\/v2\/tags?post=326794"}],"curies":[{"name":"wp","href":"https:\/\/api.w.org\/{rel}","templated":true}]}}