{"id":326800,"date":"2025-08-18T09:57:10","date_gmt":"2025-08-18T09:57:10","guid":{"rendered":"https:\/\/www.europesays.com\/fr\/326800\/"},"modified":"2025-08-18T09:57:10","modified_gmt":"2025-08-18T09:57:10","slug":"un-rappel-massif-de-peugeot-308-en-europe-les-ceintures-posent-probleme","status":"publish","type":"post","link":"https:\/\/www.europesays.com\/fr\/326800\/","title":{"rendered":"Un rappel massif de Peugeot 308 en Europe, les ceintures posent probl\u00e8me"},"content":{"rendered":"<p>Des milliers de <a href=\"https:\/\/www.20minutes.fr\/dossier\/peugeot\" class=\"c-link c-link--is-underlined\" target=\"_blank\" rel=\"noopener\">Peugeot <\/a>308 font l\u2019objet d\u2019une campagne de <a href=\"https:\/\/www.20minutes.fr\/dossier\/rappel\" class=\"c-link c-link--is-underlined\" target=\"_blank\" rel=\"noopener\">rappel<\/a> au niveau europ\u00e9en, rapporte <a href=\"https:\/\/www.tf1info.fr\/societe\/automobile-des-vehicules-peugeot-308-font-l-objet-d-un-rappel-pour-un-probleme-de-ceinture-de-securite-2389192.html\" rel=\"nofollow noopener\" target=\"_blank\" class=\"c-link c-link--is-underlined\">TF1<\/a>. Les mod\u00e8les concern\u00e9s, produits entre le 12\u00a0octobre 2015 et le 1er\u00a0d\u00e9cembre 2019, pr\u00e9sentent un d\u00e9faut au niveau de la ceinture de s\u00e9curit\u00e9 arri\u00e8re pouvant se d\u00e9tacher en cas d\u2019impact. \u00ab\u00a0Les ancrages de ceinture de s\u00e9curit\u00e9 du si\u00e8ge arri\u00e8re peuvent ne pas r\u00e9sister suffisamment \u00e0 l\u2019impact de la force\u00a0\u00bb, pr\u00e9cise Rapex, la plateforme europ\u00e9enne de rappel de produits, cit\u00e9e par <a href=\"https:\/\/www.capital.fr\/auto\/des-peugeot-308-rappelees-dans-toute-la-france-lancrage-des-ceintures-de-securite-peut-ne-pas-resister-a-un-impact-1517249\" rel=\"nofollow noopener\" target=\"_blank\" class=\"c-link c-link--is-underlined\">Capital<\/a>.<\/p>\n<p>Les num\u00e9ros d\u2019homologation des v\u00e9hicules concern\u00e9s (consultables sur la carte grise, case K) vont de e22007\/46040504 \u00e0 e22007\/46040526, avec plusieurs intervalles interm\u00e9diaires. Les propri\u00e9taires doivent contacter leur concessionnaire, qui proc\u00e9dera gratuitement au remplacement des pi\u00e8ces d\u00e9fectueuses. Le code VIN, inscrit sur la carte grise, permet \u00e9galement de v\u00e9rifier si le v\u00e9hicule est concern\u00e9.<\/p>\n<p>Ce rappel survient quelques semaines apr\u00e8s une vaste op\u00e9ration concernant plusieurs centaines de milliers de v\u00e9hicules <a href=\"https:\/\/www.20minutes.fr\/economie\/auto\/stellantis\/\" class=\"c-link c-link--is-underlined\" target=\"_blank\" rel=\"noopener\">Stellantis<\/a> \u00e9quip\u00e9s du moteur Diesel 1.5 BlueHDi, pour risques de fiabilit\u00e9 et de casse. D\u2019autres marques, comme <a href=\"https:\/\/www.20minutes.fr\/dossier\/citroen\" class=\"c-link c-link--is-underlined\" target=\"_blank\" rel=\"noopener\">Citro\u00ebn<\/a>, DS, <a href=\"https:\/\/www.20minutes.fr\/economie\/fiat\/\" class=\"c-link c-link--is-underlined\" target=\"_blank\" rel=\"noopener\">Fiat<\/a>, <a href=\"https:\/\/www.20minutes.fr\/dossier\/opel\" class=\"c-link c-link--is-underlined\" target=\"_blank\" rel=\"noopener\">Opel<\/a> et <a href=\"https:\/\/www.20minutes.fr\/economie\/auto\/alfa-romeo\/\" class=\"c-link c-link--is-underlined\" target=\"_blank\" rel=\"noopener\">Alfa Romeo<\/a>, ont aussi \u00e9t\u00e9 rappel\u00e9es pour d\u00e9fauts pouvant provoquer incendie ou dysfonctionnement du frein d\u2019urgence automatique.<\/p>\n","protected":false},"excerpt":{"rendered":"Des milliers de Peugeot 308 font l\u2019objet d\u2019une campagne de rappel au niveau europ\u00e9en, rapporte TF1. Les mod\u00e8les&hellip;\n","protected":false},"author":2,"featured_media":326801,"comment_status":"","ping_status":"","sticky":false,"template":"","format":"standard","meta":{"footnotes":""},"categories":[6],"tags":[47,646,35,33,34,118,1011,27,7526,25575,4752],"class_list":{"0":"post-326800","1":"post","2":"type-post","3":"status-publish","4":"format-standard","5":"has-post-thumbnail","7":"category-economie","8":"tag-actualite","9":"tag-automobile","10":"tag-business","11":"tag-economie","12":"tag-economy","13":"tag-faits-divers","14":"tag-fr","15":"tag-france","16":"tag-peugeot","17":"tag-rappel-de-produit","18":"tag-voiture"},"share_on_mastodon":{"url":"https:\/\/pubeurope.com\/@fr\/115049178305924000","error":""},"_links":{"self":[{"href":"https:\/\/www.europesays.com\/fr\/wp-json\/wp\/v2\/posts\/326800","targetHints":{"allow":["GET"]}}],"collection":[{"href":"https:\/\/www.europesays.com\/fr\/wp-json\/wp\/v2\/posts"}],"about":[{"href":"https:\/\/www.europesays.com\/fr\/wp-json\/wp\/v2\/types\/post"}],"author":[{"embeddable":true,"href":"https:\/\/www.europesays.com\/fr\/wp-json\/wp\/v2\/users\/2"}],"replies":[{"embeddable":true,"href":"https:\/\/www.europesays.com\/fr\/wp-json\/wp\/v2\/comments?post=326800"}],"version-history":[{"count":0,"href":"https:\/\/www.europesays.com\/fr\/wp-json\/wp\/v2\/posts\/326800\/revisions"}],"wp:featuredmedia":[{"embeddable":true,"href":"https:\/\/www.europesays.com\/fr\/wp-json\/wp\/v2\/media\/326801"}],"wp:attachment":[{"href":"https:\/\/www.europesays.com\/fr\/wp-json\/wp\/v2\/media?parent=326800"}],"wp:term":[{"taxonomy":"category","embeddable":true,"href":"https:\/\/www.europesays.com\/fr\/wp-json\/wp\/v2\/categories?post=326800"},{"taxonomy":"post_tag","embeddable":true,"href":"https:\/\/www.europesays.com\/fr\/wp-json\/wp\/v2\/tags?post=326800"}],"curies":[{"name":"wp","href":"https:\/\/api.w.org\/{rel}","templated":true}]}}