{"id":326804,"date":"2025-08-18T09:59:11","date_gmt":"2025-08-18T09:59:11","guid":{"rendered":"https:\/\/www.europesays.com\/fr\/326804\/"},"modified":"2025-08-18T09:59:11","modified_gmt":"2025-08-18T09:59:11","slug":"une-explosion-dans-un-immeuble-fait-un-mort-et-plusieurs-blesses-a-venissieux","status":"publish","type":"post","link":"https:\/\/www.europesays.com\/fr\/326804\/","title":{"rendered":"Une explosion dans un immeuble fait un mort et plusieurs bless\u00e9s \u00e0 V\u00e9nissieux"},"content":{"rendered":"<p>Une trag\u00e9die dans la nuit. Dans la nuit de dimanche \u00e0 lundi, une personne est morte et plusieurs ont \u00e9t\u00e9 bless\u00e9es \u00e0 la suite d\u2019une violente explosion provoquant un <a href=\"https:\/\/www.20minutes.fr\/dossier\/incendie\" class=\"c-link c-link--is-underlined\" target=\"_blank\" rel=\"noopener\">incendie<\/a> dans un immeuble de <a href=\"https:\/\/www.20minutes.fr\/lyon\/venissieux\/\" class=\"c-link c-link--is-underlined\" target=\"_blank\" rel=\"noopener\">V\u00e9nissieux<\/a>, dans le <a href=\"https:\/\/www.20minutes.fr\/dossier\/rhone\" class=\"c-link c-link--is-underlined\" target=\"_blank\" rel=\"noopener\">Rh\u00f4ne,<\/a> selon une information de <a href=\"https:\/\/x.com\/TF1Info\/status\/1957308463937212574\" rel=\"nofollow\" target=\"_blank\" class=\"c-link c-link--is-underlined\">TF1<\/a>, confirm\u00e9e \u00e0 20 Minutes par la pr\u00e9fecture du Rh\u00f4ne.<\/p>\n<p>Les faits se sont d\u00e9roul\u00e9s vers 3h30, au quatri\u00e8me \u00e9tage d\u2019un b\u00e2timent de sept \u00e9tages du <a href=\"https:\/\/www.20minutes.fr\/societe\/4161123-20250708-venissieux-minguettes-espace-public-transforme-grace-urbanisme-feministe-accueille-mieux-femmes\" class=\"c-link c-link--is-underlined\" target=\"_blank\" rel=\"noopener\">quartier des Minguettes<\/a>, dans la banlieue du sud de Lyon.<\/p>\n<p>Un corps a \u00e9t\u00e9 retrouv\u00e9 dans l\u2019appartement o\u00f9 a eu lieu l\u2019explosion d\u2019une bonbonne de gaz, qui serait d\u2019origine accidentelle, selon une source polici\u00e8re. Une hypoth\u00e8se qui reste \u00e0 confirmer par l&rsquo;enqu\u00eate. Dix-huit personnes ont \u00e9t\u00e9 bless\u00e9es, en urgence relative et neuf personnes ont \u00e9t\u00e9 transport\u00e9es \u00e0 l\u2019h\u00f4pital pour des v\u00e9rifications, indique la pr\u00e9fecture du Rh\u00f4ne.<\/p>\n<p>90 pompiers mobilis\u00e9s<\/p>\n<p>Selon <a href=\"https:\/\/www.leprogres.fr\/faits-divers-justice\/2025\/08\/18\/une-personne-meurt-dans-une-explosion-nocturne-aux-minguettes-a-venissieux\" rel=\"nofollow noopener\" target=\"_blank\" class=\"c-link c-link--is-underlined\">Le Progr\u00e8s<\/a>, un important dispositif de secours a \u00e9t\u00e9 mobilis\u00e9, avec pr\u00e8s de 90 <a href=\"https:\/\/www.20minutes.fr\/dossier\/pompiers\" class=\"c-link c-link--is-underlined\" target=\"_blank\" rel=\"noopener\">pompiers<\/a> et une quarantaine de v\u00e9hicules d\u00e9p\u00each\u00e9s sur les lieux. Une op\u00e9ration de relogement est pr\u00e9vue pour les habitants \u00e9vacu\u00e9s dans la nuit.<\/p>\n<p>Le pr\u00e9fet d\u00e9l\u00e9gu\u00e9 pour la d\u00e9fense et la s\u00e9curit\u00e9 \u00e9tait sur place lundi matin.<\/p>\n","protected":false},"excerpt":{"rendered":"Une trag\u00e9die dans la nuit. Dans la nuit de dimanche \u00e0 lundi, une personne est morte et plusieurs&hellip;\n","protected":false},"author":2,"featured_media":326805,"comment_status":"","ping_status":"","sticky":false,"template":"","format":"standard","meta":{"footnotes":""},"categories":[4],"tags":[47,11,2430,2688,118,3561,1011,27,843,1310,12,25,2429,2431,4375],"class_list":{"0":"post-326804","1":"post","2":"type-post","3":"status-publish","4":"format-standard","5":"has-post-thumbnail","7":"category-france","8":"tag-actualite","9":"tag-actualites","10":"tag-auvergne-rhone-alpes","11":"tag-explosion","12":"tag-faits-divers","13":"tag-faits-divers-lyon","14":"tag-fr","15":"tag-france","16":"tag-gaz","17":"tag-incendie","18":"tag-news","19":"tag-republique-francaise","20":"tag-rhone","21":"tag-rhone-alpes","22":"tag-venissieux"},"share_on_mastodon":{"url":"https:\/\/pubeurope.com\/@fr\/115049186192862334","error":""},"_links":{"self":[{"href":"https:\/\/www.europesays.com\/fr\/wp-json\/wp\/v2\/posts\/326804","targetHints":{"allow":["GET"]}}],"collection":[{"href":"https:\/\/www.europesays.com\/fr\/wp-json\/wp\/v2\/posts"}],"about":[{"href":"https:\/\/www.europesays.com\/fr\/wp-json\/wp\/v2\/types\/post"}],"author":[{"embeddable":true,"href":"https:\/\/www.europesays.com\/fr\/wp-json\/wp\/v2\/users\/2"}],"replies":[{"embeddable":true,"href":"https:\/\/www.europesays.com\/fr\/wp-json\/wp\/v2\/comments?post=326804"}],"version-history":[{"count":0,"href":"https:\/\/www.europesays.com\/fr\/wp-json\/wp\/v2\/posts\/326804\/revisions"}],"wp:featuredmedia":[{"embeddable":true,"href":"https:\/\/www.europesays.com\/fr\/wp-json\/wp\/v2\/media\/326805"}],"wp:attachment":[{"href":"https:\/\/www.europesays.com\/fr\/wp-json\/wp\/v2\/media?parent=326804"}],"wp:term":[{"taxonomy":"category","embeddable":true,"href":"https:\/\/www.europesays.com\/fr\/wp-json\/wp\/v2\/categories?post=326804"},{"taxonomy":"post_tag","embeddable":true,"href":"https:\/\/www.europesays.com\/fr\/wp-json\/wp\/v2\/tags?post=326804"}],"curies":[{"name":"wp","href":"https:\/\/api.w.org\/{rel}","templated":true}]}}