{"id":326808,"date":"2025-08-18T10:01:11","date_gmt":"2025-08-18T10:01:11","guid":{"rendered":"https:\/\/www.europesays.com\/fr\/326808\/"},"modified":"2025-08-18T10:01:11","modified_gmt":"2025-08-18T10:01:11","slug":"saint-etienne-manger-pour-cinq-euros-dans-le-quartier-de-chateaucreux-mission-impossible","status":"publish","type":"post","link":"https:\/\/www.europesays.com\/fr\/326808\/","title":{"rendered":"Saint-\u00c9tienne. Manger pour cinq euros dans le quartier de Ch\u00e2teaucreux\u00a0: mission impossible\u00a0?"},"content":{"rendered":"<p>Il est d\u00e9j\u00e0 midi pass\u00e9 sous le soleil caniculaire de ce d\u00e9but ao\u00fbt. Quelques vaillants travailleurs (comme nous) subsistent encore dans les rues de Saint-\u00c9tienne, pendant que leurs coll\u00e8gues sont quelque part au bord de l\u2019eau, les doigts de pied en \u00e9ventail.<\/p>\n<p>Les ventres commencent \u00e0 gronder\u00a0: c\u2019est l\u2019heure de manger. Alors, on s\u2019est demand\u00e9\u00a0: est-il encore possible de faire un \u00ab\u00a0vrai\u00a0\u00bb repas pour cinq euros\u00a0? \u00c0 l\u2019heure o\u00f9 tout a augment\u00e9, de l\u2019immobilier au carburant, les restaurants, fast-food et \u00e9piceries ne sont pas en reste.<\/p>\n<p><strong>&gt;&gt; <a href=\"https:\/\/www.leprogres.fr\/magazine-sante\/2025\/05\/09\/plus-de-la-moitie-des-francais-ne-consomment-pas-assez-de-fruits-et-de-legumes\" target=\"_blank\" rel=\"noopener\">Plus de la moiti\u00e9 des Fran\u00e7ais ne consomment pas assez de fruits et de l\u00e9gumes\u00a0<\/a><\/strong><\/p>\n<p>Les fast-foods essaient de se d\u00e9marquer<\/p>\n<p>Dans le quartier d\u2019affaires de Ch\u00e2teaucreux, beaucoup de restaurants sont ferm\u00e9s (<a href=\"https:\/\/www.leprogres.fr\/economie\/2025\/07\/04\/a-chateaucreux-le-restaurant-la-rom-antica-a-baisse-le-rideau\" target=\"_blank\" rel=\"noopener\">temporair&#8230;<\/a><\/p>\n","protected":false},"excerpt":{"rendered":"Il est d\u00e9j\u00e0 midi pass\u00e9 sous le soleil caniculaire de ce d\u00e9but ao\u00fbt. Quelques vaillants travailleurs (comme nous)&hellip;\n","protected":false},"author":2,"featured_media":326809,"comment_status":"","ping_status":"","sticky":false,"template":"","format":"standard","meta":{"footnotes":""},"categories":[9653],"tags":[1111,11,2430,4406,130,33,7539,1777,674,1011,27,12,2922,25,4001,7538,104],"class_list":{"0":"post-326808","1":"post","2":"type-post","3":"status-publish","4":"format-standard","5":"has-post-thumbnail","7":"category-saint-etienne","8":"tag-actu","9":"tag-actualites","10":"tag-auvergne-rhone-alpes","11":"tag-commerce-et-services","12":"tag-consommation","13":"tag-economie","14":"tag-edition-loire-sud","15":"tag-eu","16":"tag-europe","17":"tag-fr","18":"tag-france","19":"tag-news","20":"tag-pouvoir-dachat","21":"tag-republique-francaise","22":"tag-saint-etienne","23":"tag-saint-etienne-ville","24":"tag-societe"},"share_on_mastodon":{"url":"https:\/\/pubeurope.com\/@fr\/115049194010884063","error":""},"_links":{"self":[{"href":"https:\/\/www.europesays.com\/fr\/wp-json\/wp\/v2\/posts\/326808","targetHints":{"allow":["GET"]}}],"collection":[{"href":"https:\/\/www.europesays.com\/fr\/wp-json\/wp\/v2\/posts"}],"about":[{"href":"https:\/\/www.europesays.com\/fr\/wp-json\/wp\/v2\/types\/post"}],"author":[{"embeddable":true,"href":"https:\/\/www.europesays.com\/fr\/wp-json\/wp\/v2\/users\/2"}],"replies":[{"embeddable":true,"href":"https:\/\/www.europesays.com\/fr\/wp-json\/wp\/v2\/comments?post=326808"}],"version-history":[{"count":0,"href":"https:\/\/www.europesays.com\/fr\/wp-json\/wp\/v2\/posts\/326808\/revisions"}],"wp:featuredmedia":[{"embeddable":true,"href":"https:\/\/www.europesays.com\/fr\/wp-json\/wp\/v2\/media\/326809"}],"wp:attachment":[{"href":"https:\/\/www.europesays.com\/fr\/wp-json\/wp\/v2\/media?parent=326808"}],"wp:term":[{"taxonomy":"category","embeddable":true,"href":"https:\/\/www.europesays.com\/fr\/wp-json\/wp\/v2\/categories?post=326808"},{"taxonomy":"post_tag","embeddable":true,"href":"https:\/\/www.europesays.com\/fr\/wp-json\/wp\/v2\/tags?post=326808"}],"curies":[{"name":"wp","href":"https:\/\/api.w.org\/{rel}","templated":true}]}}