{"id":326810,"date":"2025-08-18T10:02:11","date_gmt":"2025-08-18T10:02:11","guid":{"rendered":"https:\/\/www.europesays.com\/fr\/326810\/"},"modified":"2025-08-18T10:02:11","modified_gmt":"2025-08-18T10:02:11","slug":"saint-etienne-ils-profitent-des-portes-et-fenetres-ouvertes-pour-visiter-une-maison","status":"publish","type":"post","link":"https:\/\/www.europesays.com\/fr\/326810\/","title":{"rendered":"Saint-Etienne. Ils profitent des portes et fen\u00eatres ouvertes pour visiter une maison"},"content":{"rendered":"<p>Mercredi, en d\u00e9but de soir\u00e9e, afin de lutter contre les temp\u00e9ratures caniculaires qui s\u00e9vissaient \u00e0 Saint-Etienne, une personne \u00e2g\u00e9e avait laiss\u00e9 les portes et fen\u00eatres de sa maison, situ\u00e9e dans le quartier de Montplaisir, ouvertes.<\/p>\n<p>Alert\u00e9e par un membre du voisinage qui a aper\u00e7u deux individus escalader le grillage qui entoure la propri\u00e9t\u00e9, une \u00e9quipe de la BST (Brigade sp\u00e9cialis\u00e9e de terrain) se rend sur les lieux et interpelle rapidement un des deux suspects.<\/p>\n<p>Il cherchait un squat<\/p>\n<p>L\u2019homme, \u00e2g\u00e9 de 25 ans, indique qu\u2019il cherchait un squat mais qu\u2019il a vite quitt\u00e9 la maison quand il a vu qu\u2019elle \u00e9tait occup\u00e9e. Il sera prochainement convoqu\u00e9 devant un magistrat pour violation de domicile.<\/p>\n<p>Le deuxi\u00e8me individu n\u2019a, lui, pas \u00e9t\u00e9 retrouv\u00e9. Il aurait quitt\u00e9 la propri\u00e9t\u00e9 avec une carte bancaire et une cinquantaine d\u2019euros en liquide.<\/p>\n","protected":false},"excerpt":{"rendered":"Mercredi, en d\u00e9but de soir\u00e9e, afin de lutter contre les temp\u00e9ratures caniculaires qui s\u00e9vissaient \u00e0 Saint-Etienne, une personne&hellip;\n","protected":false},"author":2,"featured_media":326811,"comment_status":"","ping_status":"","sticky":false,"template":"","format":"standard","meta":{"footnotes":""},"categories":[9653],"tags":[1111,11,2430,271,272,7539,1777,674,274,1011,27,3367,12,25,4001,7538],"class_list":{"0":"post-326810","1":"post","2":"type-post","3":"status-publish","4":"format-standard","5":"has-post-thumbnail","7":"category-saint-etienne","8":"tag-actu","9":"tag-actualites","10":"tag-auvergne-rhone-alpes","11":"tag-crime","12":"tag-delit-et-contravention","13":"tag-edition-loire-sud","14":"tag-eu","15":"tag-europe","16":"tag-faits-divers-justice","17":"tag-fr","18":"tag-france","19":"tag-loire","20":"tag-news","21":"tag-republique-francaise","22":"tag-saint-etienne","23":"tag-saint-etienne-ville"},"share_on_mastodon":{"url":"https:\/\/pubeurope.com\/@fr\/115049197885636421","error":""},"_links":{"self":[{"href":"https:\/\/www.europesays.com\/fr\/wp-json\/wp\/v2\/posts\/326810","targetHints":{"allow":["GET"]}}],"collection":[{"href":"https:\/\/www.europesays.com\/fr\/wp-json\/wp\/v2\/posts"}],"about":[{"href":"https:\/\/www.europesays.com\/fr\/wp-json\/wp\/v2\/types\/post"}],"author":[{"embeddable":true,"href":"https:\/\/www.europesays.com\/fr\/wp-json\/wp\/v2\/users\/2"}],"replies":[{"embeddable":true,"href":"https:\/\/www.europesays.com\/fr\/wp-json\/wp\/v2\/comments?post=326810"}],"version-history":[{"count":0,"href":"https:\/\/www.europesays.com\/fr\/wp-json\/wp\/v2\/posts\/326810\/revisions"}],"wp:featuredmedia":[{"embeddable":true,"href":"https:\/\/www.europesays.com\/fr\/wp-json\/wp\/v2\/media\/326811"}],"wp:attachment":[{"href":"https:\/\/www.europesays.com\/fr\/wp-json\/wp\/v2\/media?parent=326810"}],"wp:term":[{"taxonomy":"category","embeddable":true,"href":"https:\/\/www.europesays.com\/fr\/wp-json\/wp\/v2\/categories?post=326810"},{"taxonomy":"post_tag","embeddable":true,"href":"https:\/\/www.europesays.com\/fr\/wp-json\/wp\/v2\/tags?post=326810"}],"curies":[{"name":"wp","href":"https:\/\/api.w.org\/{rel}","templated":true}]}}