{"id":326814,"date":"2025-08-18T10:07:32","date_gmt":"2025-08-18T10:07:32","guid":{"rendered":"https:\/\/www.europesays.com\/fr\/326814\/"},"modified":"2025-08-18T10:07:32","modified_gmt":"2025-08-18T10:07:32","slug":"dimanche-familial-musical-et-ludique-au-faron-dimanche-1er-juin-01-06-2025-toulon","status":"publish","type":"post","link":"https:\/\/www.europesays.com\/fr\/326814\/","title":{"rendered":"Dimanche familial musical et ludique au Faron dimanche 1er juin &#8211; 01\/06\/2025 &#8211; Toulon"},"content":{"rendered":"<p>\u00c0 Toulon la musique prend de la hauteur ! Le 1er juin, on file en haut du Faron pour passer la journ\u00e9e entre musique, chill sous les pins, pique-nique musical et chasse au tr\u00e9sor, jeux, ateliers&#8230;<\/p>\n<p>&#13;<\/p>\n<p>\u00a0<\/p>\n<p>&#13;<br \/>\n<strong>Programme de l&rsquo;\u00e9dition 2025 :<\/strong>&#13;<\/p>\n<p><strong><br \/>10h30 -11h : Visite du M\u00e9morial du D\u00e9barquement et de la Lib\u00e9ration de Provence.<br \/><\/strong>Visite comment\u00e9e de autour de l\u2019exposition temporaire de l\u2019artiste plasticienne Solange Triger.<\/p>\n<p>&#13;<\/p>\n<p><strong>11h-12h : Chasse au tr\u00e9sor avec les Yeux dans Les Jeux.<br \/><\/strong>Parcourez la pin\u00e8de du Mont Faron sous un angle ludique !<br \/>Inscrivez-vous : action-culturelle@tandem83.com<br \/>En partenariat avec Les Yeux dans Les Jeux.<\/p>\n<p>&#13;<\/p>\n<p><strong>12h-14h : Pique-Nique musical avec Melvin Pot<br \/><\/strong>Set musical m\u00e9langeant Hip Hop, Bass Music, Jazz ou beat music.<\/p>\n<p>&#13;<\/p>\n<p><strong>12h30-17h30 : Jeux en bois<br \/><\/strong>Gr\u00e2ce \u00e0 notre partenaire Les Yeux Dans Les Jeux, venez jouer en famille \u00e0 de merveilleux jeux de table en bois version XL !<\/p>\n<p>&#13;<\/p>\n<p><strong>14h-14h30 : Visite du M\u00e9morial du D\u00e9barquement et de la Lib\u00e9ration de Provence.<\/strong><\/p>\n<p>&#13;<\/p>\n<p><strong>14h-14h45 : Sieste musicale avec NxQuantize<br \/><\/strong>Prenez place, fermez les yeux et laissez-vous emporter par l\u2019univers envo\u00fbtant de NxQuantize, aux fronti\u00e8res du jazz, du trip-hop et de l\u2019Ambiant.<\/p>\n<p>&#13;<\/p>\n<p><strong>15h-16h00 et 16h-17h : Chasse au tr\u00e9sor avec Les Yeux Dans les Jeux.<\/strong><\/p>\n<p>&#13;<\/p>\n<p><strong>15h &#8211; 17h30 : Atelier participatif<br \/><\/strong>Lisa Jacomen, artiste plasticienne, proposera un atelier tourn\u00e9 vers le paysage environnant. Il s&rsquo;agit d&rsquo;explorer les textures du patrimoine naturel et culturel du site en utilisant la technique du frottage et en glanant des \u00e9l\u00e9ments alentours.<\/p>\n<p>&#13;<\/p>\n<p><strong>17h &#8211; 18h : Blind Test avec By La Cellule<br \/><\/strong>Rejoignez-nous pour un blind test familial anim\u00e9 par Damien de La Cellule !<\/p>\n<p>&#13;<\/p>\n<p><strong>18h : Concerts des \u00e9l\u00e8ves du Conservatoire TPM<\/strong><\/p>\n<p>&#13;<\/p>\n<p><strong>19h : Concert Appolonie (soul)<br \/><\/strong>Compositrice franco-britannique a collabor\u00e9 avec des artistes comme Puma Blue avant de lancer son projet solo. Son dernier opus RED SILK (2024) fusionne Nu-Jazz, R&amp;B et Neo-Soul avec des influences UK Jazz.<\/p>\n<p>&#13;<\/p>\n<p>Petite restauration (Food trucks) sur site.<\/p>\n<p>&#13;<\/p>\n<p><strong>NB : \u00c0 l\u2019occasion de cette journ\u00e9e festive :<\/strong><\/p>\n<p>&gt; Le T\u00e9l\u00e9ph\u00e9rique \u00e9largi son amplitude horaire, n\u2019h\u00e9sitez pas \u00e0 venir nous voir \u00e0 bord de la mythique cabine rouge !<br \/>&gt; Le M\u00e9morial du Mont Faron sera exceptionnellement gratuit de 10h \u00e0 18h30, l\u2019occasion parfaite pour une visite !<\/p>\n<p>&#13;<\/p>\n<p>Gratuit<\/p>\n<p>&#13;<\/p>\n<p>Restauration sur place<\/p>\n<p>&#13;<\/p>\n<p><a href=\"https:\/\/tandem83.com\/evenement\/mont-faron-dimanche-familial-electrique-et-bucolique-2025\/\" target=\"_blank\" rel=\"nofollow noopener\">D\u00e9couvrir<\/a><\/p>\n","protected":false},"excerpt":{"rendered":"\u00c0 Toulon la musique prend de la hauteur ! Le 1er juin, on file en haut du Faron&hellip;\n","protected":false},"author":2,"featured_media":326815,"comment_status":"","ping_status":"","sticky":false,"template":"","format":"standard","meta":{"footnotes":""},"categories":[9619],"tags":[1111,11,1777,674,1011,27,12,882,25,2310],"class_list":{"0":"post-326814","1":"post","2":"type-post","3":"status-publish","4":"format-standard","5":"has-post-thumbnail","7":"category-toulon","8":"tag-actu","9":"tag-actualites","10":"tag-eu","11":"tag-europe","12":"tag-fr","13":"tag-france","14":"tag-news","15":"tag-provence-alpes-cote-dazur","16":"tag-republique-francaise","17":"tag-toulon"},"share_on_mastodon":{"url":"https:\/\/pubeurope.com\/@fr\/115049217610380635","error":""},"_links":{"self":[{"href":"https:\/\/www.europesays.com\/fr\/wp-json\/wp\/v2\/posts\/326814","targetHints":{"allow":["GET"]}}],"collection":[{"href":"https:\/\/www.europesays.com\/fr\/wp-json\/wp\/v2\/posts"}],"about":[{"href":"https:\/\/www.europesays.com\/fr\/wp-json\/wp\/v2\/types\/post"}],"author":[{"embeddable":true,"href":"https:\/\/www.europesays.com\/fr\/wp-json\/wp\/v2\/users\/2"}],"replies":[{"embeddable":true,"href":"https:\/\/www.europesays.com\/fr\/wp-json\/wp\/v2\/comments?post=326814"}],"version-history":[{"count":0,"href":"https:\/\/www.europesays.com\/fr\/wp-json\/wp\/v2\/posts\/326814\/revisions"}],"wp:featuredmedia":[{"embeddable":true,"href":"https:\/\/www.europesays.com\/fr\/wp-json\/wp\/v2\/media\/326815"}],"wp:attachment":[{"href":"https:\/\/www.europesays.com\/fr\/wp-json\/wp\/v2\/media?parent=326814"}],"wp:term":[{"taxonomy":"category","embeddable":true,"href":"https:\/\/www.europesays.com\/fr\/wp-json\/wp\/v2\/categories?post=326814"},{"taxonomy":"post_tag","embeddable":true,"href":"https:\/\/www.europesays.com\/fr\/wp-json\/wp\/v2\/tags?post=326814"}],"curies":[{"name":"wp","href":"https:\/\/api.w.org\/{rel}","templated":true}]}}