{"id":326816,"date":"2025-08-18T10:08:11","date_gmt":"2025-08-18T10:08:11","guid":{"rendered":"https:\/\/www.europesays.com\/fr\/326816\/"},"modified":"2025-08-18T10:08:11","modified_gmt":"2025-08-18T10:08:11","slug":"toulon-au-musee-dart-de-toulon-exposition-banksy-jusquau-5-octobre","status":"publish","type":"post","link":"https:\/\/www.europesays.com\/fr\/326816\/","title":{"rendered":"TOULON : Au mus\u00e9e d&rsquo;Art de Toulon, exposition Banksy jusqu&rsquo;au 5 octobre"},"content":{"rendered":"<p><strong>Au Mus\u00e9e d\u2019Art de Toulon, exposition Banksy jusqu\u2019au 5 octobre<\/strong><\/p>\n<p>En repla\u00e7ant le Street-Art dans son contexte historique social et culturel plus large, dont Banksy est le repr\u00e9sentant embl\u00e9matique aujourd\u2019hui, l\u2019exposition retrace les \u00e9tapes de l\u2019\u00e9volution de l\u2019art urbain en commen\u00e7ant par les pionniers de l\u2019\u00e8re des graffitis comme Crash ou Seen, en passant par les repr\u00e9sentants majeurs qui ont port\u00e9 ce mouvement \u00e0 une renomm\u00e9e internationale tels que Keith Haring ou Jean-Michel Basquiat, sans oublier la tr\u00e8s riche sc\u00e8ne fran\u00e7aise avec Blek le Rat, Miss.Tic, G\u00e9rard Zlotykamien, pour arriver \u00e0 une large s\u00e9lection de certains des artistes les plus pertinents de la sc\u00e8ne contemporaine dont JR, Invader, Madame\u2026 Une attention particuli\u00e8re est accord\u00e9e \u00e0 la figure de Banksy, jouant un r\u00f4le important tant dans la sph\u00e8re artistique contemporaine que sociale, devenu un v\u00e9ritable ph\u00e9nom\u00e8ne capable d\u2019affecter et d\u2019impliquer l\u2019opinion publique mondiale.<\/p>\n<p>Ses \u0153uvres ont profond\u00e9ment impr\u00e9gn\u00e9 la conscience collective, de telle sorte qu\u2019elles deviennent imm\u00e9diatement identifiables.<\/p>\n<p style=\"font-weight: 400\">Exposition r\u00e9alis\u00e9e en coproduction avec 24 Ore Cultura (Milan).<\/p>\n<p style=\"font-weight: 400\">Commissariat\u00a0: Patrizia Cattaneo, historienne de l\u2019art sp\u00e9cialiste du Street-Art \u2013 Brigitte Gaillard, conservatrice en chef des mus\u00e9es de Toulon.<\/p>\n<p>\u00a0<\/p>\n<p style=\"font-weight: 400;text-align: center\"><strong>Mus\u00e9e d\u2019Art de Toulon (MAT)<\/strong><\/p>\n<p style=\"font-weight: 400;text-align: center\"><strong>Banksy<\/strong><\/p>\n<p style=\"font-weight: 400;text-align: center\"><strong>une (R)\u00e9volution<\/strong><\/p>\n<p style=\"font-weight: 400;text-align: center\"><strong>Exposition du 14 juin 2025 au 5 octobre 2025<\/strong><\/p>\n<p>\u00a0<\/p>\n<p style=\"font-weight: 400\"><strong>Mus\u00e9e d\u2019Art de Toulon<\/strong><\/p>\n<p style=\"font-weight: 400\">113 bd G\u00e9n\u00e9ral Leclerc \u2013\u00a0<a href=\"https:\/\/www.google.com\/search?q=t%C3%A9l+mus%C3%A9e+d%27art+toulon&amp;rlz=1C1GCEU_frFR1113FR1113&amp;oq=t%C3%A9l+mus%C3%A9e+d%27art+toulon&amp;gs_lcrp=EgZjaHJvbWUyBggAEEUYOTIICAEQABgWGB4yCggCEAAYChgWGB4yCggDEAAYChgWGB4yCggEEAAYogQYiQUyCggFEAAYogQYiQXSAQgzNTY1ajBqNKgCALACAQ&amp;sourceid=chrome&amp;ie=UTF-8\" data-saferedirecturl=\"https:\/\/www.google.com\/url?q=https:\/\/www.google.com\/search?q%3Dt%25C3%25A9l%2Bmus%25C3%25A9e%2Bd%2527art%2Btoulon%26rlz%3D1C1GCEU_frFR1113FR1113%26oq%3Dt%25C3%25A9l%2Bmus%25C3%25A9e%2Bd%2527art%2Btoulon%26gs_lcrp%3DEgZjaHJvbWUyBggAEEUYOTIICAEQABgWGB4yCggCEAAYChgWGB4yCggDEAAYChgWGB4yCggEEAAYogQYiQUyCggFEAAYogQYiQXSAQgzNTY1ajBqNKgCALACAQ%26sourceid%3Dchrome%26ie%3DUTF-8&amp;source=gmail&amp;ust=1755591648949000&amp;usg=AOvVaw3mjYdV43mkVzC7JRtGoRsP\" rel=\"nofollow noopener\" target=\"_blank\">04 94 36 81 15<\/a><\/p>\n<p style=\"font-weight: 400\">Du mardi au dimanche de 12h \u00e0 18h<\/p>\n<p style=\"font-weight: 400\">Ferm\u00e9 le lundi, les 14 juillet et 15 ao\u00fbt<\/p>\n<p style=\"font-weight: 400\">Plein tarif : 7 \u20ac, Tarif r\u00e9duit : 4 \u20ac (groupes adultes \u00e0 partir de 10 personnes, \u00e9tudiants de plus de 26 ans, membres d\u2019associations d\u2019amis de mus\u00e9es, plus de 65 ans et familles nombreuses).<\/p>\n<p>\u00a0<\/p>\n","protected":false},"excerpt":{"rendered":"Au Mus\u00e9e d\u2019Art de Toulon, exposition Banksy jusqu\u2019au 5 octobre En repla\u00e7ant le Street-Art dans son contexte historique&hellip;\n","protected":false},"author":2,"featured_media":326817,"comment_status":"","ping_status":"","sticky":false,"template":"","format":"standard","meta":{"footnotes":""},"categories":[9619],"tags":[1111,11,1777,674,1011,27,12,882,25,2310],"class_list":{"0":"post-326816","1":"post","2":"type-post","3":"status-publish","4":"format-standard","5":"has-post-thumbnail","7":"category-toulon","8":"tag-actu","9":"tag-actualites","10":"tag-eu","11":"tag-europe","12":"tag-fr","13":"tag-france","14":"tag-news","15":"tag-provence-alpes-cote-dazur","16":"tag-republique-francaise","17":"tag-toulon"},"share_on_mastodon":{"url":"https:\/\/pubeurope.com\/@fr\/115049221621506894","error":""},"_links":{"self":[{"href":"https:\/\/www.europesays.com\/fr\/wp-json\/wp\/v2\/posts\/326816","targetHints":{"allow":["GET"]}}],"collection":[{"href":"https:\/\/www.europesays.com\/fr\/wp-json\/wp\/v2\/posts"}],"about":[{"href":"https:\/\/www.europesays.com\/fr\/wp-json\/wp\/v2\/types\/post"}],"author":[{"embeddable":true,"href":"https:\/\/www.europesays.com\/fr\/wp-json\/wp\/v2\/users\/2"}],"replies":[{"embeddable":true,"href":"https:\/\/www.europesays.com\/fr\/wp-json\/wp\/v2\/comments?post=326816"}],"version-history":[{"count":0,"href":"https:\/\/www.europesays.com\/fr\/wp-json\/wp\/v2\/posts\/326816\/revisions"}],"wp:featuredmedia":[{"embeddable":true,"href":"https:\/\/www.europesays.com\/fr\/wp-json\/wp\/v2\/media\/326817"}],"wp:attachment":[{"href":"https:\/\/www.europesays.com\/fr\/wp-json\/wp\/v2\/media?parent=326816"}],"wp:term":[{"taxonomy":"category","embeddable":true,"href":"https:\/\/www.europesays.com\/fr\/wp-json\/wp\/v2\/categories?post=326816"},{"taxonomy":"post_tag","embeddable":true,"href":"https:\/\/www.europesays.com\/fr\/wp-json\/wp\/v2\/tags?post=326816"}],"curies":[{"name":"wp","href":"https:\/\/api.w.org\/{rel}","templated":true}]}}