{"id":326818,"date":"2025-08-18T10:09:09","date_gmt":"2025-08-18T10:09:09","guid":{"rendered":"https:\/\/www.europesays.com\/fr\/326818\/"},"modified":"2025-08-18T10:09:09","modified_gmt":"2025-08-18T10:09:09","slug":"ou-va-sinstaller-le-nouveau-marche-du-samedi-matin-au-millenaire-la-pompignane","status":"publish","type":"post","link":"https:\/\/www.europesays.com\/fr\/326818\/","title":{"rendered":"o\u00f9 va s&rsquo;installer le nouveau march\u00e9 du samedi matin au Mill\u00e9naire-la Pompignane\u00a0?"},"content":{"rendered":"<p>            Par<br \/>\n        <strong><br \/>\n            <a href=\"https:\/\/actu.fr\/auteur\/jm-aubert\" title=\"Consulter tous les articles de Jean-Marc Aubert\" rel=\"nofollow noopener\" target=\"_blank\">Jean-Marc Aubert<\/a><br \/>\n        <\/strong><\/p>\n<p>        Publi\u00e9 le<\/p>\n<p>            18 ao\u00fbt 2025 \u00e0 11h57        <\/p>\n<p>Annonc\u00e9 par la <strong>mairie de Montpellier<\/strong> ces derniers mois, un <strong>nouveau march\u00e9<\/strong>\u00a0<strong>hebdomadaire\u00a0de plein air<\/strong> est organis\u00e9 dans les quartiers mitoyens du Mill\u00e9naire-la Pompignane, d\u00e8s le samedi 6 septembre 2025.<\/p>\n<p class=\" wall-content\">C\u2019est un lieu ombrag\u00e9 sous des platanes centenaires qui va abriter les commer\u00e7ants qui ont promis d\u2019\u00eatre au rendez-vous \u00a0chaque samedi de 7h30 \u00e0 13h, comme une banderole le confirme \u00e0 l\u2019entr\u00e9e du <strong>parc de la Maison pour tous M\u00e9lina Mercouri,<\/strong> rue de la Vieille Poste. Il y aura notamment des stands de fruits et l\u00e9gumes et autres.<\/p>\n<p>    <a href=\"https:\/\/www.google.com\/maps\/embed?pb=!1m18!1m12!1m3!1d4028.9517071957303!2d3.905112067224386!3d43.613447526830974!2m3!1f0!2f0!3f0!3m2!1i1024!2i768!4f13.1!3m3!1m2!1s0x12b6a5873a45cafd%3A0x3bfc54bf409b2219!2sMaison%20pour%20tous%20M%C3%A9lina%20Mercouri!5e0!3m2!1sfr!2sfr!4v1755507982699!5m2!1sfr!2sfr\" title=\"Ouvrie le lien\" rel=\"nofollow noopener\" target=\"_blank\">Cliquez ici pour visualiser le contenu<\/a><\/p>\n<p class=\" wall-content\">\u201cOn d\u00e9marrera avec quelques chalands, six ou sept, sur des infrastructures l\u00e9g\u00e8res, sans eau ni \u00e9lectricit\u00e9\u00a0\u00bb, selon Emilie Cabello, l\u2019\u00e9lue de quartier. Ces chalands seront install\u00e9s de mani\u00e8re \u00e0 ne pas perturber le quotidien des riverains\u201d, insiste-t-elle, et la question du stationnement, essentielle dans un quartier souvent satur\u00e9 a \u00e9t\u00e9 prise en compte.<\/p>\n<p>Venir en bustram<\/p>\n<p class=\" wall-content\">Objectif : attirer r\u00e9guli\u00e8rement chaque fin de semaine les habitants des deux quartiers proches pour offrir de la convivialit\u00e9 et des moments de partage avec les vendeurs. Des animations devraient avoir lieu chaque mois. \u00ab\u00a0Un march\u00e9 de proximit\u00e9 favorisant les liens sociaux et humains. avec n attrait \u00e9conomique.<\/p>\n<p class=\" wall-content\">Des associations et des r\u00e9sidents de ces quartiers \u00e9taient demandeurs de ce projet, on l\u2019a fait\u00a0\u00bb poursuit Emilie Cabero. Avec un bonus : d\u00e9sormais, on peut y venir avec le <strong>bustram de la ligne A<\/strong>, de la Place de l\u2019Europe \u00e0 Notre-Dame de Sablassou, \u00e0 Castelnau-le-Lez, avec une station qui dessert ce parc.<\/p>\n<p>Vid\u00e9os : en ce moment sur ActuTour d\u2019horizon des march\u00e9s de Montpellier<\/p>\n<p class=\" wall-content\"><strong>March\u00e9s de plein air<\/strong><\/p>\n<p class=\" wall-content\">Plan Cabanes : du mardi au dimanche de 7h \u00e0 14h<\/p>\n<p class=\" wall-content\">La Mosson, avenue d\u2019Heidelberg<br \/>Le mardi, vendredi et samedi de 7h \u00e0 13h30<\/p>\n<p class=\" wall-content\">Les Arceaux, boulevard des Arceaux, sous les arches\u00a0<br \/>Le mardi et le samedi de 7h \u00e0 13h30<br \/>\u200b\u200b\u200b\u200b\u200b\u200b\u200b<br \/>\u200b\u200b\u200bPlace de la Com\u00e9die\u00a0\u00a0\u00a0\u00a0\u00a0\u00a0\u00a0\u00a0 \u00a0<br \/>Primeurs du lundi au samedi de 9h \u00e0 16h<br \/>Commer\u00e7ants non alimentaires du mardi au samedi de 9h \u00e0 16h<\/p>\n<p class=\" wall-content\">\u200b\u200b\u200b\u200b\u200b\u200b\u200bAntigone, place du Nombre d\u2019Or<br \/>\u00c9t\u00e9 : du 01\/04 au 30\/09, les mercredis de 7h \u00e0 17h30<br \/>Hiver : du 01\/10\u00a0au 31\/03, les mercredis de 7h \u00e0 14h<\/p>\n<p class=\" wall-content\"><strong>March\u00e9s de quartier<\/strong><\/p>\n<p class=\" wall-content\">Tastavin, quartier du Mas Drevon, avenue Pedro de Luna)<br \/>Le mardi, jeudi et samedi de 7h \u00e0 13h30\u200b\u200b\u200b\u200b\u200b\u200b\u200b<\/p>\n<p class=\" wall-content\">Beaux -Arts, place des Beaux Arts<br \/>Du lundi au samedi de 7h \u00e0 13h30\u200b\u200b\u200b\u200b\u200b\u200b\u200b<\/p>\n<p class=\" wall-content\">Le Plan des 4 Seigneurs, place Jean Baumel<br \/>Le mardi, vendredi, samedi de 7h \u00e0 13h30\u200b\u200b\u200b\u200b\u200b\u200b\u200b\u00a0<\/p>\n<p class=\" wall-content\">Place \u200b\u200b\u200bAlbert 1er, march\u00e9 alimentaire<br \/>Le mercredi, vendredi, samedi de 7h \u00e0 13h30<\/p>\n<p class=\" wall-content\"><strong>March\u00e9s th\u00e9matiques<\/strong><\/p>\n<p class=\" wall-content\">La Mosson : march\u00e9 aux fleurs et aux plantes<br \/>Espace Mosson\u00a0Mardi de 7h \u00e0 19h<\/p>\n<p class=\" wall-content\">March\u00e9 aux fleurs :\u00a0Esplanade Charles de Gaulle<br \/>Du lundi au samedi de 7h \u00e0 19h.\u200b\u200b\u200b<\/p>\n<p class=\" wall-content\">March\u00e9 aux fleurs des Arceaux<br \/>Boulevard des Arceaux.\u00a0Tous les\u00a0vendredis de 7h30 \u00e0 16h30\u00a0<\/p>\n<p class=\" wall-content\"><strong>March\u00e9s de l\u2019alimentation<\/strong><\/p>\n<p class=\" wall-content\">March\u00e9 paysan.\u00a0Quartier Antigone<br \/>Avenue Samuel Champlain.\u00a0Dimanche de 8h \u00e0 13h30<\/p>\n<p class=\" wall-content\">\u200b\u200b\u200b\u200b\u200b\u200b\u200bMarch\u00e9 paysan<br \/>Halle Tropisme, 121 Rue de Fontcouverte.<br \/>Tous les jeudis de 17h \u00e0 21h<\/p>\n<p class=\" wall-content\"><strong>Les puces<\/strong> \u00a0<\/p>\n<p class=\" wall-content\">Espace Mosson, le dimanche de 6h \u00e0 13h30<\/p>\n<p class=\" wall-content\"><strong>La brocante\u00a0<\/strong><\/p>\n<p class=\" wall-content\">\u200b\u200b\u200b\u200b\u200b\u200b\u200bLes dimanches du Peyrou, march\u00e9 brocante et antiquit\u00e9s, les\u00a0Jardins du Peyrou<br \/>Le dimanche de 7h30 \u00e0 14h\u200b\u200b\u200b\u200b\u200b\u200b\u200b<\/p>\n<p class=\" wall-content\">Com\u00e9die des bouquinistes\u00a0<br \/>Esplanade Charles de Gaulle.\u00a0Le samedi de 9h \u00e0 18h<\/p>\n<p class=\" wall-content\">March\u00e9 du livre et \u00e0 la brocante : Broc Art<br \/>March\u00e9 des Arceaux.\u00a0Tous les mardis matins de 8h \u00e0 17h\u200b\u200b\u200b\u200b\u200b\u200b\u200b\u00a0<\/p>\n<p class=\" wall-content\">Alors, vous avez fait votre choix ?<\/p>\n<p class=\" wall-content\">Suivez toute l\u2019actualit\u00e9 de vos villes et m\u00e9dias favoris en vous inscrivant \u00e0 <a href=\"https:\/\/moncompte.actu.fr\" title=\"D\u00e9couvez Mon Actu\" rel=\"nofollow noopener\" data-trk=\"{&quot;cta&quot;:{&quot;action&quot;:&quot;https:\\\/\\\/moncompte.actu.fr&quot;,&quot;category&quot;:&quot;mon compte&quot;,&quot;from&quot;:&quot;article footer&quot;,&quot;name&quot;:&quot;Mon actu&quot;,&quot;type&quot;:&quot;cta&quot;}}\" target=\"_blank\">Mon Actu<\/a>.<\/p>\n","protected":false},"excerpt":{"rendered":"Par Jean-Marc Aubert Publi\u00e9 le 18 ao\u00fbt 2025 \u00e0 11h57 Annonc\u00e9 par la mairie de Montpellier ces derniers&hellip;\n","protected":false},"author":2,"featured_media":326819,"comment_status":"","ping_status":"","sticky":false,"template":"","format":"standard","meta":{"footnotes":""},"categories":[9599],"tags":[1111,11,1777,674,1011,27,1305,2208,12,2680,25],"class_list":{"0":"post-326818","1":"post","2":"type-post","3":"status-publish","4":"format-standard","5":"has-post-thumbnail","7":"category-montpellier","8":"tag-actu","9":"tag-actualites","10":"tag-eu","11":"tag-europe","12":"tag-fr","13":"tag-france","14":"tag-lifestyle","15":"tag-montpellier","16":"tag-news","17":"tag-occitanie","18":"tag-republique-francaise"},"share_on_mastodon":{"url":"https:\/\/pubeurope.com\/@fr\/115049225478451532","error":""},"_links":{"self":[{"href":"https:\/\/www.europesays.com\/fr\/wp-json\/wp\/v2\/posts\/326818","targetHints":{"allow":["GET"]}}],"collection":[{"href":"https:\/\/www.europesays.com\/fr\/wp-json\/wp\/v2\/posts"}],"about":[{"href":"https:\/\/www.europesays.com\/fr\/wp-json\/wp\/v2\/types\/post"}],"author":[{"embeddable":true,"href":"https:\/\/www.europesays.com\/fr\/wp-json\/wp\/v2\/users\/2"}],"replies":[{"embeddable":true,"href":"https:\/\/www.europesays.com\/fr\/wp-json\/wp\/v2\/comments?post=326818"}],"version-history":[{"count":0,"href":"https:\/\/www.europesays.com\/fr\/wp-json\/wp\/v2\/posts\/326818\/revisions"}],"wp:featuredmedia":[{"embeddable":true,"href":"https:\/\/www.europesays.com\/fr\/wp-json\/wp\/v2\/media\/326819"}],"wp:attachment":[{"href":"https:\/\/www.europesays.com\/fr\/wp-json\/wp\/v2\/media?parent=326818"}],"wp:term":[{"taxonomy":"category","embeddable":true,"href":"https:\/\/www.europesays.com\/fr\/wp-json\/wp\/v2\/categories?post=326818"},{"taxonomy":"post_tag","embeddable":true,"href":"https:\/\/www.europesays.com\/fr\/wp-json\/wp\/v2\/tags?post=326818"}],"curies":[{"name":"wp","href":"https:\/\/api.w.org\/{rel}","templated":true}]}}