{"id":326822,"date":"2025-08-18T10:11:10","date_gmt":"2025-08-18T10:11:10","guid":{"rendered":"https:\/\/www.europesays.com\/fr\/326822\/"},"modified":"2025-08-18T10:11:10","modified_gmt":"2025-08-18T10:11:10","slug":"quatre-personnes-interpellees-apres-une-bagarre-devant-un-bar-du-centre-ville-de-rouen","status":"publish","type":"post","link":"https:\/\/www.europesays.com\/fr\/326822\/","title":{"rendered":"Quatre personnes interpell\u00e9es apr\u00e8s une bagarre devant un bar du centre-ville de Rouen"},"content":{"rendered":"<p>Quatre jeunes hommes ont \u00e9t\u00e9 interpell\u00e9s ce samedi 16 ao\u00fbt, au matin, \u00e0 la sortie d&rsquo;un bar du centre-ville de Rouen. Ils ont vol\u00e9 une sacoche et provoqu\u00e9 une bagarre sur la place du Vieux-March\u00e9.<\/p>\n<p>La police a d\u00fb intervenir ce samedi 16 ao\u00fbt, autour de 2h15 du matin, devant le bar l&rsquo;Euro Caf\u00e9, situ\u00e9 sur la place du Vieux-March\u00e9, en plein centre-ville de Rouen. \u00c0 l&rsquo;heure de la fermeture, un groupe de quatre jeunes hommes a particip\u00e9 \u00e0 une bagarre et au vol d&rsquo;une sacoche, <strong>avant de prendre la fuite \u00e0 pied<\/strong> vers la rue du Vieux-Palais, relate la police.<\/p>\n<p>Des plaies saignantes sur le cr\u00e2ne et le torse<\/p>\n<p>Des policiers, appel\u00e9s sur place, retrouvent les quatre hommes, \u00e2g\u00e9s de 15 \u00e0 19 ans, essouffl\u00e9s, dans la rue. Derri\u00e8re un muret, et pr\u00e8s des victimes se trouvent des petites bombonnes de gaz. Les trois victimes, \u00e2g\u00e9es de 20 \u00e0 24 ans, indiquent avoir subi <strong>des coups de bonbonnes, des coups de pieds et de poing avant le vol<\/strong>.\u00a0 L&rsquo;une s&rsquo;est fait voler sa sacoche, la deuxi\u00e8me a un h\u00e9matome \u00e0 l&rsquo;\u0153il et la troisi\u00e8me a des plaies saignantes sur le cr\u00e2ne et le torse. Ces deux derni\u00e8res victimes ont \u00e9t\u00e9 prises en charge par les pompiers.<\/p>\n<p>Les quatre individus ont \u00e9t\u00e9 <strong>interpell\u00e9s et plac\u00e9s en garde \u00e0 vue<\/strong> pour vol en r\u00e9union et violences volontaires en r\u00e9union avec usage ou menace d&rsquo;une arme. La sacoche vol\u00e9e, elle, n&rsquo;a pas \u00e9t\u00e9 retrouv\u00e9e.<\/p>\n","protected":false},"excerpt":{"rendered":"Quatre jeunes hommes ont \u00e9t\u00e9 interpell\u00e9s ce samedi 16 ao\u00fbt, au matin, \u00e0 la sortie d&rsquo;un bar du&hellip;\n","protected":false},"author":2,"featured_media":326823,"comment_status":"","ping_status":"","sticky":false,"template":"","format":"standard","meta":{"footnotes":""},"categories":[9587],"tags":[1111,11,1777,674,1011,27,12,5161,25,9590],"class_list":{"0":"post-326822","1":"post","2":"type-post","3":"status-publish","4":"format-standard","5":"has-post-thumbnail","7":"category-rouen","8":"tag-actu","9":"tag-actualites","10":"tag-eu","11":"tag-europe","12":"tag-fr","13":"tag-france","14":"tag-news","15":"tag-normandie","16":"tag-republique-francaise","17":"tag-rouen"},"share_on_mastodon":{"url":"https:\/\/pubeurope.com\/@fr\/115049233305465925","error":""},"_links":{"self":[{"href":"https:\/\/www.europesays.com\/fr\/wp-json\/wp\/v2\/posts\/326822","targetHints":{"allow":["GET"]}}],"collection":[{"href":"https:\/\/www.europesays.com\/fr\/wp-json\/wp\/v2\/posts"}],"about":[{"href":"https:\/\/www.europesays.com\/fr\/wp-json\/wp\/v2\/types\/post"}],"author":[{"embeddable":true,"href":"https:\/\/www.europesays.com\/fr\/wp-json\/wp\/v2\/users\/2"}],"replies":[{"embeddable":true,"href":"https:\/\/www.europesays.com\/fr\/wp-json\/wp\/v2\/comments?post=326822"}],"version-history":[{"count":0,"href":"https:\/\/www.europesays.com\/fr\/wp-json\/wp\/v2\/posts\/326822\/revisions"}],"wp:featuredmedia":[{"embeddable":true,"href":"https:\/\/www.europesays.com\/fr\/wp-json\/wp\/v2\/media\/326823"}],"wp:attachment":[{"href":"https:\/\/www.europesays.com\/fr\/wp-json\/wp\/v2\/media?parent=326822"}],"wp:term":[{"taxonomy":"category","embeddable":true,"href":"https:\/\/www.europesays.com\/fr\/wp-json\/wp\/v2\/categories?post=326822"},{"taxonomy":"post_tag","embeddable":true,"href":"https:\/\/www.europesays.com\/fr\/wp-json\/wp\/v2\/tags?post=326822"}],"curies":[{"name":"wp","href":"https:\/\/api.w.org\/{rel}","templated":true}]}}