{"id":326824,"date":"2025-08-18T10:13:18","date_gmt":"2025-08-18T10:13:18","guid":{"rendered":"https:\/\/www.europesays.com\/fr\/326824\/"},"modified":"2025-08-18T10:13:18","modified_gmt":"2025-08-18T10:13:18","slug":"place-du-vieux-marche-a-rouen-ils-se-font-tabasser-a-coups-de-bonbonne-de-gaz","status":"publish","type":"post","link":"https:\/\/www.europesays.com\/fr\/326824\/","title":{"rendered":"Place du Vieux March\u00e9 \u00e0 Rouen, ils se font tabasser \u00e0 coups&#8230; de bonbonne de gaz\u00a0!"},"content":{"rendered":"<p>            Par<br \/>\n        <strong><br \/>\n            <a href=\"https:\/\/actu.fr\/auteur\/julien-bouteiller\" title=\"Consulter tous les articles de Julien Bouteiller\" rel=\"nofollow noopener\" target=\"_blank\">Julien Bouteiller<\/a><br \/>\n        <\/strong><\/p>\n<p>        Publi\u00e9 le<\/p>\n<p>            18 ao\u00fbt 2025 \u00e0 11h35        <\/p>\n<p><strong>D\u00e9luge de violences en plein centre-ville<\/strong> de <a href=\"https:\/\/actu.fr\/normandie\/rouen_76540\" rel=\"nofollow noopener\" target=\"_blank\">Rouen<\/a>. Dans la nuit du jeudi 15 au vendredi 16 ao\u00fbt 2025, trois personnes ont \u00e9t\u00e9 violemment <strong>agress\u00e9es\u2026 \u00e0 coups de bonbonne de gaz !<\/strong><\/p>\n<p>Frapp\u00e9s \u00e0 coups de bonbonnes<\/p>\n<p class=\" wall-content\">Selon une source polici\u00e8re, la Bac (Brigade anticriminalit\u00e9) est appel\u00e9e aux alentours de 2h15 <strong>\u00ab\u00a0pour une rixe place du Vieux March\u00e9\u00a0\u00bb<\/strong>. Sur place, le vigile d\u2019une bo\u00eete de nuit explique \u00ab\u00a0qu\u2019un petit groupe a agress\u00e9 des gens et <strong>ont d\u00e9rob\u00e9 une sacoche<\/strong> avant de fuir vers la rue du Vieux Palais\u00a0\u00bb.<\/p>\n<p class=\" wall-content\">L\u2019agression a \u00e9t\u00e9 violente. Les victimes, un homme et deux femmes, expliquent avoir re\u00e7u \u00ab\u00a0des coups de poing et coups de pied, mais aussi des coups de bonbonnes de gaz\u00a0\u00bb. Deux d\u2019entre eux, bless\u00e9s, <strong>seront transport\u00e9s \u00e0 l\u2019h\u00f4pital<\/strong>.<\/p>\n<p class=\" wall-content\">Pendant ce temps, la Bac patrouille dans le secteur et tombe sur un groupe de quatre jeunes, essouffl\u00e9s. Derri\u00e8re un muret, \u00e0 c\u00f4t\u00e9 d\u2019eux, une bonbonne de gaz.\u00a0<\/p>\n<p class=\" wall-content\">Les quatre gar\u00e7ons, \u00e2g\u00e9s de <strong>15 ans<\/strong> pour deux d\u2019entre eux et de<strong> 18 et 19 ans<\/strong> pour les deux autres, sont interpell\u00e9s et plac\u00e9s en garde \u00e0 vue pour le vol et les violences en r\u00e9union.<\/p>\n<p>Suivez l\u2019actualit\u00e9 de Rouen <a href=\"https:\/\/www.whatsapp.com\/channel\/0029VaKfnf99hXF2ddApFB1D\" rel=\"nofollow noopener\" target=\"_blank\">sur notre cha\u00eene WhatsApp<\/a> et <a href=\"https:\/\/www.tiktok.com\/@76actu.fr?lang=fr\" rel=\"nofollow noopener\" target=\"_blank\">sur notre compte TikTok<\/a><\/p>\n<p class=\" wall-content\">Suivez toute l\u2019actualit\u00e9 de vos villes et m\u00e9dias favoris en vous inscrivant \u00e0 <a href=\"https:\/\/moncompte.actu.fr\" title=\"D\u00e9couvez Mon Actu\" rel=\"nofollow noopener\" data-trk=\"{&quot;cta&quot;:{&quot;action&quot;:&quot;https:\\\/\\\/moncompte.actu.fr&quot;,&quot;category&quot;:&quot;mon compte&quot;,&quot;from&quot;:&quot;article footer&quot;,&quot;name&quot;:&quot;Mon actu&quot;,&quot;type&quot;:&quot;cta&quot;}}\" target=\"_blank\">Mon Actu<\/a>.<\/p>\n<p>                    <script async src=\"\/\/www.tiktok.com\/embed.js\"><\/script><\/p>\n","protected":false},"excerpt":{"rendered":"Par Julien Bouteiller Publi\u00e9 le 18 ao\u00fbt 2025 \u00e0 11h35 D\u00e9luge de violences en plein centre-ville de Rouen.&hellip;\n","protected":false},"author":2,"featured_media":326825,"comment_status":"","ping_status":"","sticky":false,"template":"","format":"standard","meta":{"footnotes":""},"categories":[9587],"tags":[1111,11,1777,674,118,1011,27,12,5161,1072,25,9590],"class_list":{"0":"post-326824","1":"post","2":"type-post","3":"status-publish","4":"format-standard","5":"has-post-thumbnail","7":"category-rouen","8":"tag-actu","9":"tag-actualites","10":"tag-eu","11":"tag-europe","12":"tag-faits-divers","13":"tag-fr","14":"tag-france","15":"tag-news","16":"tag-normandie","17":"tag-police","18":"tag-republique-francaise","19":"tag-rouen"},"share_on_mastodon":{"url":"https:\/\/pubeurope.com\/@fr\/115049241344109739","error":""},"_links":{"self":[{"href":"https:\/\/www.europesays.com\/fr\/wp-json\/wp\/v2\/posts\/326824","targetHints":{"allow":["GET"]}}],"collection":[{"href":"https:\/\/www.europesays.com\/fr\/wp-json\/wp\/v2\/posts"}],"about":[{"href":"https:\/\/www.europesays.com\/fr\/wp-json\/wp\/v2\/types\/post"}],"author":[{"embeddable":true,"href":"https:\/\/www.europesays.com\/fr\/wp-json\/wp\/v2\/users\/2"}],"replies":[{"embeddable":true,"href":"https:\/\/www.europesays.com\/fr\/wp-json\/wp\/v2\/comments?post=326824"}],"version-history":[{"count":0,"href":"https:\/\/www.europesays.com\/fr\/wp-json\/wp\/v2\/posts\/326824\/revisions"}],"wp:featuredmedia":[{"embeddable":true,"href":"https:\/\/www.europesays.com\/fr\/wp-json\/wp\/v2\/media\/326825"}],"wp:attachment":[{"href":"https:\/\/www.europesays.com\/fr\/wp-json\/wp\/v2\/media?parent=326824"}],"wp:term":[{"taxonomy":"category","embeddable":true,"href":"https:\/\/www.europesays.com\/fr\/wp-json\/wp\/v2\/categories?post=326824"},{"taxonomy":"post_tag","embeddable":true,"href":"https:\/\/www.europesays.com\/fr\/wp-json\/wp\/v2\/tags?post=326824"}],"curies":[{"name":"wp","href":"https:\/\/api.w.org\/{rel}","templated":true}]}}