{"id":326826,"date":"2025-08-18T10:14:33","date_gmt":"2025-08-18T10:14:33","guid":{"rendered":"https:\/\/www.europesays.com\/fr\/326826\/"},"modified":"2025-08-18T10:14:33","modified_gmt":"2025-08-18T10:14:33","slug":"grenoble-genevieve-jonot-figure-de-lecologie-politique-est-decedee","status":"publish","type":"post","link":"https:\/\/www.europesays.com\/fr\/326826\/","title":{"rendered":"Grenoble. Genevi\u00e8ve Jonot, figure de l\u2019\u00e9cologie politique, est d\u00e9c\u00e9d\u00e9e"},"content":{"rendered":"<p>Certains la croyaient timide, modeste ou effac\u00e9e. Parce qu\u2019elle \u00e9coutait les autres au lieu de chercher \u00e0 se mettre en avant. Parce qu\u2019aussi, comme le dit son ancien coll\u00e8gue <a href=\"https:\/\/www.ledauphine.com\/isere-sud\/2019\/06\/08\/avrillier-l-irreductible\" target=\"_blank\" rel=\"noopener\">Raymond Avrillier<\/a> , \u00ab\u00a0elle \u00e9tait avant tout attentive aux personnes, aux situations et au monde dans lequel nous vivons\u00a0\u00bb.<\/p>\n<p>Mais Genevi\u00e8ve Jonot \u00e9tait une femme de combat, d\u00e9termin\u00e9e, engag\u00e9e, courageuse. Et du courage, il lui en a fallu quand elle a si\u00e9g\u00e9 comme toute premi\u00e8re \u00e9lue \u00e9cologiste de Grenoble.<\/p>\n<p>Figure de l\u2019\u00e9cologie politique \u00e0 son av\u00e8nement, cette professeure d\u2019anglais, n\u00e9e en 1932, est d\u2019abord pass\u00e9e par le PSU (Parti socialiste unifi\u00e9) avant de rejoindre les Amis de la Terre. Engag\u00e9e dans les grandes luttes \u00e9cologiques, on la retrouve en militante dans les grandes manifestations contre le nucl\u00e9aire et l\u2019installation de la centrale <a href=\"https:\/\/www.ledauphine.com\/social\/2020\/06\/29\/ca-s-est-passe-le-29-juin-1977-a-grenoble-premier-jour-d-une-longue-serie-de-manifestations-contre-la-centrale-nucleaire-superphenix\" target=\"_blank\" rel=\"noopener\">Superph\u00e9nix de Creys-Malville<\/a>.<\/p>\n<p>Mais son parcours politique et \u00e9cologiste a commenc\u00e9 apr\u00e8s la campagne pr\u00e9sidentielle de Ren\u00e9 Dumont [le candidat au verre d\u2019eau, NDLR] et avec sa participation \u00e0 la premi\u00e8re vraie liste \u00e9colo \u201cGrenoble \u00e9cologie pour autog\u00e9rer la cit\u00e9\u201d pour les municipales de 1977, avec deux autres figures grenobloises\u00a0: <a href=\"https:\/\/www.ledauphine.com\/societe\/2018\/05\/27\/sous-les-paves-la-montagne\" target=\"_blank\" rel=\"noopener\">Jo Briant<\/a> et <a href=\"https:\/\/www.ledauphine.com\/carnet-du-jour\/2023\/07\/18\/jean-jonot\" target=\"_blank\" rel=\"noopener\">Jean Jonot<\/a> , son mari de l\u2019\u00e9poque.<\/p>\n<p>Elle est ensuite \u00e9lue entre\u00a01983 et\u00a01989, puis en 1989, elle est t\u00eate de liste de \u201cDESIR \u2013 d\u00e9mocratie, \u00e9cologie, solidarit\u00e9, initiative et responsabilit\u00e9\u201d.<\/p>\n<p>Mais cette fois-ci, elle n\u2019est plus la seule \u00e9cologiste. \u00ab\u00a0On \u00e9tait deux \u00e9lus \u00e9cologistes et c\u2019\u00e9tait loin d\u2019\u00eatre facile\u00a0\u00bb, se souvient aujourd\u2019hui Raymond Avrillier. \u00ab\u00a0Certains \u00e9lus de droite s\u2019en prenaient \u00e0 elle, parce qu\u2019elle \u00e9tait une opposante certes, mais aussi parce que c\u2019\u00e9tait une femme. Je me souviens de r\u00e9flexions dites en pleine s\u00e9ance du conseil, comme\u00a0: \u201cMais arr\u00eatez de pleurer, Mme \u00a0Jonot\u201d\u2026\u00a0\u00bb<\/p>\n<p>En 1982, elle participe activement \u00e0 la cr\u00e9ation du mouvement politique local Grenoble \u00c9cologie Autogestion (GEA), qui devient ensuite la bien connue Ades (Association pour la d\u00e9mocratie, l\u2019\u00e9cologie et la solidarit\u00e9).<\/p>\n<p>Par la suite, elle participe aux autres \u00e9lections municipales et \u00e0 certaines \u00e9lections l\u00e9gislatives. Elle a \u00e9t\u00e9 sur les listes municipales de 1995 (\u201cListe d\u00e9mocratie, \u00e9cologie et solidarit\u00e9\u201d), de 2001 (\u201cListe des \u00e9cologistes et de la gauche citoyenne\u201d), de 2008 (\u201c\u00c9cologie et solidarit\u00e9 en actes\u201d) et de 2014 (\u201cGrenoble, une ville pour tous\u201d).<\/p>\n<p>Vincent Comparat, militant de l\u2019Ades, dit d\u2019elle\u00a0: \u00ab\u00a0Elle a toujours fait partie de notre histoire politique et militante, de l\u2019histoire des actions pour la d\u00e9mocratie, l\u2019\u00e9cologie et la solidarit\u00e9 \u00e0 Grenoble. Quand j\u2019ai appris son d\u00e9c\u00e8s, j\u2019ai eu l\u2019impression que le temps s\u2019arr\u00eatait un instant. C\u2019\u00e9tait la fin d\u2019ann\u00e9es de compagnonnage et de complicit\u00e9 politique.\u00a0\u00bb<\/p>\n","protected":false},"excerpt":{"rendered":"Certains la croyaient timide, modeste ou effac\u00e9e. Parce qu\u2019elle \u00e9coutait les autres au lieu de chercher \u00e0 se&hellip;\n","protected":false},"author":2,"featured_media":326827,"comment_status":"","ping_status":"","sticky":false,"template":"","format":"standard","meta":{"footnotes":""},"categories":[9566],"tags":[1111,11,2430,9223,112,1777,674,1011,27,2731,2732,108,3539,1391,12,316,25,104],"class_list":{"0":"post-326826","1":"post","2":"type-post","3":"status-publish","4":"format-standard","5":"has-post-thumbnail","7":"category-grenoble","8":"tag-actu","9":"tag-actualites","10":"tag-auvergne-rhone-alpes","11":"tag-carnet-du-jour","12":"tag-edition-grenoble-agglomeration","13":"tag-eu","14":"tag-europe","15":"tag-fr","16":"tag-france","17":"tag-grenoble","18":"tag-grenoble-bassin","19":"tag-isere","20":"tag-les-ecologistes","21":"tag-necrologie","22":"tag-news","23":"tag-politique","24":"tag-republique-francaise","25":"tag-societe"},"share_on_mastodon":{"url":"https:\/\/pubeurope.com\/@fr\/115049245253941208","error":""},"_links":{"self":[{"href":"https:\/\/www.europesays.com\/fr\/wp-json\/wp\/v2\/posts\/326826","targetHints":{"allow":["GET"]}}],"collection":[{"href":"https:\/\/www.europesays.com\/fr\/wp-json\/wp\/v2\/posts"}],"about":[{"href":"https:\/\/www.europesays.com\/fr\/wp-json\/wp\/v2\/types\/post"}],"author":[{"embeddable":true,"href":"https:\/\/www.europesays.com\/fr\/wp-json\/wp\/v2\/users\/2"}],"replies":[{"embeddable":true,"href":"https:\/\/www.europesays.com\/fr\/wp-json\/wp\/v2\/comments?post=326826"}],"version-history":[{"count":0,"href":"https:\/\/www.europesays.com\/fr\/wp-json\/wp\/v2\/posts\/326826\/revisions"}],"wp:featuredmedia":[{"embeddable":true,"href":"https:\/\/www.europesays.com\/fr\/wp-json\/wp\/v2\/media\/326827"}],"wp:attachment":[{"href":"https:\/\/www.europesays.com\/fr\/wp-json\/wp\/v2\/media?parent=326826"}],"wp:term":[{"taxonomy":"category","embeddable":true,"href":"https:\/\/www.europesays.com\/fr\/wp-json\/wp\/v2\/categories?post=326826"},{"taxonomy":"post_tag","embeddable":true,"href":"https:\/\/www.europesays.com\/fr\/wp-json\/wp\/v2\/tags?post=326826"}],"curies":[{"name":"wp","href":"https:\/\/api.w.org\/{rel}","templated":true}]}}