{"id":326828,"date":"2025-08-18T10:15:15","date_gmt":"2025-08-18T10:15:15","guid":{"rendered":"https:\/\/www.europesays.com\/fr\/326828\/"},"modified":"2025-08-18T10:15:15","modified_gmt":"2025-08-18T10:15:15","slug":"la-science-resiste-liberation","status":"publish","type":"post","link":"https:\/\/www.europesays.com\/fr\/326828\/","title":{"rendered":"la science r\u00e9siste \u2013 Lib\u00e9ration"},"content":{"rendered":"<p class=\"sc-ksZaOG ehjQrN text-element\"><b>Jeunesse, transports, logement, biodiversit\u00e9\u2026 En 2025,<\/b> <a href=\"https:\/\/www.liberation.fr\/dossier\/climat-libe-tour\/\" target=\"_blank\" rel=\"noreferrer nofollow noopener\" title=\"https:\/\/www.liberation.fr\/dossier\/climat-libe-tour\/\"><b>Lib\u00e9 explore la th\u00e9matique de la transition \u00e9cologique<\/b><\/a><b> lors d\u2019une s\u00e9rie de rendez-vous gratuits et grand public. Objectif : trouver des solutions au plus pr\u00e8s des territoires. Cinqui\u00e8me \u00e9tape de notre troisi\u00e8me \u00e9dition : Grenoble, les 24 et 25 septembre. Un \u00e9v\u00e9nement r\u00e9alis\u00e9 en partenariat avec la m\u00e9tropole de Grenoble, la MC2<\/b> <b>: Maison de la Culture de Grenoble ainsi qu\u2019avec le soutien du Cr\u00e9dit coop\u00e9ratif, France T\u00e9l\u00e9visions, l\u2019Agence de la transition \u00e9cologique, l\u2019Office fran\u00e7ais de la biodiversit\u00e9, la Fondation Jean-Jaur\u00e8s, Oxfam, Greenpeace, le Lierre et <\/b><b>Vert le m\u00e9dia.<\/b><\/p>\n<p class=\"sc-ksZaOG ehjQrN text-element\">Un tweet vaut mille \u00e9tudes. Une story pulv\u00e9rise des d\u00e9cennies de recherche. Bienvenue dans le grand bazar num\u00e9rique o\u00f9 <a href=\"https:\/\/www.liberation.fr\/forums\/fake-news-climatiques-les-mensonges-prennent-lascenseur-et-la-verite-emprunte-lescalier-20250518_UMY4W62QGJCQTIMAG3QTNTA3N4\/\" target=\"_blank\" rel=\"nofollow noopener\" title=\"https:\/\/www.liberation.fr\/forums\/fake-news-climatiques-les-mensonges-prennent-lascenseur-et-la-verite-emprunte-lescalier-20250518_UMY4W62QGJCQTIMAG3QTNTA3N4\/\">la v\u00e9rit\u00e9 climatique se n\u00e9gocie \u00e0 coups de likes<\/a>. L\u2019\u00e8re de la post-v\u00e9rit\u00e9 a trouv\u00e9 son terrain de jeu favori : le climat. Sur les r\u00e9seaux, les climatosceptiques paradent en costumes de scientifiques, transformant le moindre contre-exemple en preuve irr\u00e9futable.<\/p>\n<p class=\"sc-ksZaOG ehjQrN text-element\">Cette trumpisation du d\u00e9bat n\u2019a pas besoin de visa pour traverser l\u2019Atlantique. <a href=\"https:\/\/www.liberation.fr\/sciences\/attaques-de-trump-contre-la-science-les-chercheurs-ont-une-fonction-dans-la-societe-et-ils-doivent-pouvoir-lassurer-20250307_5THQBB3CGVCAZCFQA4FLDEBNB4\/\" target=\"_blank\" rel=\"nofollow noopener\" title=\"https:\/\/www.liberation.fr\/sciences\/attaques-de-trump-contre-la-science-les-chercheurs-ont-une-fonction-dans-la-societe-et-ils-doivent-pouvoir-lassurer-20250307_5THQBB3CGVCAZCFQA4FLDEBNB4\/\">La science est-elle condamn\u00e9e \u00e0 n\u2019\u00eatre qu\u2019un bruit de fond dans la cacophonie des \u00abopinions\u00bb ?<\/a> Pas si nous r\u00e9inventons sa place dans l\u2019agora. Pas si nous refusons le faux dilemme entre progr\u00e8s et plan\u00e8te. Pas si nous comprenons qu\u2019en mati\u00e8re climatique, la v\u00e9rit\u00e9 n\u2019est pas qu\u2019une affaire de labos, mais de d\u00e9mocratie.<\/p>\n<p class=\"sc-ksZaOG ehjQrN text-element\">Les 24 et 25 septembre, rendez-vous \u00e0 la MC2 de Grenoble pour \u00e9changer avec <b>Camille Parmesan<\/b>, \u00e9cologue am\u00e9ricaine et \u00abr\u00e9fugi\u00e9e scientifique\u00bb, <b>Hugo Duminil-Copin<\/b>, math\u00e9maticien, laur\u00e9at de la m\u00e9daille Fields en 2022, <b>Lauren Boudard<\/b>, cofondatrice du m\u00e9dia Climax, <b>Dominique Bourg<\/b>, philosophe et universitaire franco-suisse, <b>Fanny Brun, <\/b>glaciologue, laur\u00e9ate 2024 du prix du Coll\u00e8ge de France pour les jeunes chercheuses et chercheurs, <b>Pierre Rouvi\u00e8re, <\/b>ing\u00e9nieur-influenceur (alias Ecolo mon cul sur Instagram), <b>Christophe Ferrari<\/b>, pr\u00e9sident de Grenoble Alpes M\u00e9tropole\u2026<\/p>\n<p class=\"sc-ksZaOG ehjQrN text-element\"><b>De 9 heures \u00e0 13 heures. Mission transition : matin\u00e9e de formation. <\/b>Comment mieux sensibiliser et outiller les agents publics face aux enjeux de transition \u00e9cologique ? Mission Transition r\u00e9pond \u00e0 cette ambition en proposant une matin\u00e9e de formation intensive destin\u00e9e aux agents publics territoriaux, port\u00e9e par deux acteurs majeurs de la transformation \u00e9cologique de l\u2019action publique : l\u2019Ademe et le Lierre.<\/p>\n<p class=\"sc-ksZaOG ehjQrN text-element\"><b>De 11 heures \u00e0 12 heures.<\/b> <b>Comment rendre accessible la science ? <\/b>Avec <b>Hugo Duminil-Copin<\/b>, math\u00e9maticien, laur\u00e9at de la m\u00e9daille Fields en 2022, et l\u2019ing\u00e9nieur-influenceur <b>Pierre Rouvi\u00e8re alias <\/b><a href=\"https:\/\/www.instagram.com\/ecolo_mon_cul\/?hl=fr\" target=\"_blank\" rel=\"nofollow noopener\" title=\"https:\/\/www.instagram.com\/ecolo_mon_cul\/?hl=fr\"><b>Ecolo mon cul<\/b><\/a>. Anim\u00e9 par Olivier Monod, journaliste sp\u00e9cialis\u00e9 dans les sciences \u00e0 Lib\u00e9ration. <\/p>\n<p class=\"sc-ksZaOG ehjQrN text-element\"><b>De 18 heures \u00e0 20 h 30. <\/b><b>Projection<\/b><b> des deux premiers \u00e9pisodes de la s\u00e9rie <\/b><b>Phoenix <\/b>r\u00e9alis\u00e9e par Franck Brett et tourn\u00e9e dans la r\u00e9gion Auvergne-Rh\u00f4ne-Alpes avec la participation de France T\u00e9l\u00e9visions.<\/p>\n<p class=\"sc-ksZaOG ehjQrN text-element\">Face \u00e0 l\u2019inaction des puissants pour lutter contre le r\u00e9chauffement climatique, le Groupe Alpha, une organisation clandestine compos\u00e9e de jeunes activistes venus de toute l\u2019Europe, d\u00e9cide de passer \u00e0 l\u2019action. Alors que les plus grandes entreprises europ\u00e9ennes se r\u00e9unissent dans les Alpes pour un forum pr\u00e9tendant sauver un glacier et investir dans le climat, les Alphas frappent fort : simultan\u00e9ment, partout sur le continent, ils kidnappent les enfants des patrons de ces entreprises. Leur objectif : d\u00e9noncer l\u2019hypocrisie des \u00e9lites et les forcer \u00e0 tenir leurs promesses avant qu\u2019il ne soit trop tard.<\/p>\n<p class=\"sc-ksZaOG ehjQrN text-element\">Soir\u00e9e anim\u00e9e par Fran\u00e7ois Carrel, correspondant de Lib\u00e9ration \u00e0 Grenoble.<\/p>\n<p class=\"sc-ksZaOG ehjQrN text-element\"><b>De 9 heures \u00e0 16 heures. Le Parlement G\u00e9n\u00e9ration Transition fait escale \u00e0 la MC2 de Grenoble. <\/b>Des jeunes r\u00e9unis pour r\u00e9fl\u00e9chir \u00e0 la fa\u00e7on de r\u00e9inventer la ville face \u00e0 la transition \u00e9cologique. Depuis 2023, cette exp\u00e9rience d\u00e9mocratique in\u00e9dite parcourt la France, transformant des \u00e9l\u00e8ves de primaire, coll\u00e8ge et lyc\u00e9e en l\u00e9gislateurs d\u2019un jour : quiz pour comprendre les enjeux environnementaux, \u00e9changes avec des sp\u00e9cialistes et des \u00e9lus.<\/p>\n<p class=\"sc-ksZaOG ehjQrN text-element\"><b>De 11 heures \u00e0 12 h 30. Territoires et sciences : quelles interactions pour relever les d\u00e9fis d\u2019aujourd\u2019hui ?<\/b><\/p>\n<p class=\"sc-ksZaOG ehjQrN text-element\">Ce rendez-vous propose d\u2019explorer les liens entre science, scientifiques et territoires. Il interroge la mani\u00e8re dont la recherche s\u2019ancre localement, contribue aux dynamiques territoriales (environnement, sant\u00e9, innovation, culture\u2026) et s\u2019ouvre \u00e0 la soci\u00e9t\u00e9. A travers les t\u00e9moignages de chercheurs, d\u2019\u00e9lus et d\u2019acteurs locaux, l\u2019objectif est de r\u00e9fl\u00e9chir \u00e0 une science engag\u00e9e, accessible et en dialogue avec les enjeux concrets des territoires. Avec <b>Christophe Ferrari<\/b>, pr\u00e9sident de Grenoble Alpes M\u00e9tropole,<b> Juliette Blanchet,<\/b> hydrostatisticienne, directrice de recherche au CNRS et animatrice du Groupe r\u00e9gional d\u2019expertise sur le climat Alpes-Auvergne, <b>Thierry Lebel<\/b>, climatologue, directeur de recherche \u00e0 l\u2019Institut de recherche pour le d\u00e9veloppement et copr\u00e9sident du Conseil scientifique climat et transition. Rencontre anim\u00e9e par Olivier Monod, journaliste sp\u00e9cialis\u00e9 dans les sciences \u00e0 Lib\u00e9ration.<\/p>\n<p class=\"sc-ksZaOG ehjQrN text-element\"><b>De 14 heures \u00e0 15 h 30. Trump, science et pouvoir : un basculement mondial ?<\/b> Le retour de Donald Trump \u00e0 la Maison Blanche redessine brutalement la carte mondiale de la science. Entre coupes budg\u00e9taires drastiques dans la recherche climatique, retrait des accords internationaux et remise en cause de l\u2019expertise, comment la communaut\u00e9 scientifique mondiale et ses institutions s\u2019organisent-elles ? L\u2019Europe peut-elle devenir le nouveau sanctuaire de la science libre ? Avec <b>Camille Parmesan <\/b>et<b> Michael Singer<\/b>, \u00e9cologues am\u00e9ricains et \u00abr\u00e9fugi\u00e9s scientifiques\u00bb, <b>Dominique Bourg<\/b>, philosophe, et <b>Thomas Lauvaux<\/b>, climatologue, enseignant-chercheur, expatri\u00e9 aux Etats-Unis de 2009 \u00e0 2018, \u00e0 l\u2019Universit\u00e9 d\u2019Etat de Pennsylvanie et au Jet Propulsion Laboratory de la Nasa. Rencontre anim\u00e9e par Aurore Coulaud, journaliste sp\u00e9cialis\u00e9e dans les questions d\u2019environnement \u00e0 Lib\u00e9ration. <\/p>\n<p class=\"sc-ksZaOG ehjQrN text-element\"><b>De 15 heures \u00e0 16 h 30. La croissance fait-elle le bonheur ? <\/b>Si la croissance \u00e9conomique a permis de nous enrichir comme jamais, propulsant notre quotidien \u00e0 un niveau de confort in\u00e9dit dans l\u2019histoire de l\u2019humanit\u00e9, des voix s\u2019\u00e9l\u00e8vent pour renverser \u00able mythe\u00bb du \u00abPIB \u00e0 tout prix\u00bb, qui accro\u00eetrait les in\u00e9galit\u00e9s, d\u00e9truirait la nature, et m\u00eame notre sant\u00e9 mentale. Renoncer \u00e0 la croissance (m\u00eame verte) permettra-t-il de sauver la plan\u00e8te et notre sant\u00e9 mentale ? A quoi peut et doit ressembler une soci\u00e9t\u00e9 de la post-croissance ? Quels imaginaires mobiliser ? Avec <b>Fran\u00e7ois Briens<\/b>, ing\u00e9nieur-\u00e9conomiste sp\u00e9cialiste de la d\u00e9croissance, <b>Fiona Ottaviani, <\/b>professeure associ\u00e9e d\u2019\u00e9conomie \u00e0 Grenoble Ecole de management, chaire Territoires en transition, et <b>Flore Tang<\/b>, directrice RSE du Cr\u00e9dit Coop\u00e9ratif. Rencontre anim\u00e9e par Fran\u00e7ois Carrel, correspondant de Lib\u00e9ration \u00e0 Grenoble. <\/p>\n<p class=\"sc-ksZaOG ehjQrN text-element\"><b>De 15 h 30 heures \u00e0 17 heures.<\/b> <b>Science et soci\u00e9t\u00e9 : divorce ou renaissance ? <\/b>Changement climatique, effondrement de la biodiversit\u00e9, crise de la v\u00e9rit\u00e9\u2026 La science est sur le devant de la sc\u00e8ne, mais elle est aussi contest\u00e9e. Peut-elle encore \u00e9clairer le d\u00e9bat d\u00e9mocratique ? En mobilisant les citoyens, en sortant des laboratoires, en racontant autrement, peut-\u00eatre. Comment faire science avec, et non plus seulement pour, la soci\u00e9t\u00e9 ? Avec <b>Lauren Boudard<\/b>, cofondatrice du m\u00e9dia Climax, <b>Antoine Dupont<\/b>, \u00abshifter\u00bb grenoblois. Rencontre anim\u00e9e par Olivier Monod, journaliste sp\u00e9cialis\u00e9 dans les sciences \u00e0 Lib\u00e9ration. <\/p>\n<p class=\"sc-ksZaOG ehjQrN text-element\"><b>De 16 h 30 \u00e0 17 h 30. Carte blanche : Que reste-t-il \u00e0 d\u00e9couvrir ? <\/b>S\u2019offrir un t\u00eate-\u00e0-t\u00eate avec un ou une scientifique qui fa\u00e7onne notre compr\u00e9hension du monde. Comment na\u00eet une d\u00e9couverte ? Quels doutes habitent celles et ceux qui font avancer la connaissance ? Et surtout, que reste-t-il \u00e0 d\u00e9couvrir ? Avec <b>Fanny Brun<\/b>, glaciologue, chercheuse de l\u2019Institut de recherche pour le d\u00e9veloppement, laur\u00e9ate du prix du Coll\u00e8ge de France pour les jeunes chercheuses et les jeunes chercheurs.<\/p>\n<p><script async src=\"\/\/www.instagram.com\/embed.js\"><\/script><\/p>\n","protected":false},"excerpt":{"rendered":"Jeunesse, transports, logement, biodiversit\u00e9\u2026 En 2025, Lib\u00e9 explore la th\u00e9matique de la transition \u00e9cologique lors d\u2019une s\u00e9rie de&hellip;\n","protected":false},"author":2,"featured_media":326829,"comment_status":"","ping_status":"","sticky":false,"template":"","format":"standard","meta":{"footnotes":""},"categories":[9566],"tags":[1111,11,2430,6842,1777,674,1011,27,2731,12,25],"class_list":{"0":"post-326828","1":"post","2":"type-post","3":"status-publish","4":"format-standard","5":"has-post-thumbnail","7":"category-grenoble","8":"tag-actu","9":"tag-actualites","10":"tag-auvergne-rhone-alpes","11":"tag-climat-libe-tour","12":"tag-eu","13":"tag-europe","14":"tag-fr","15":"tag-france","16":"tag-grenoble","17":"tag-news","18":"tag-republique-francaise"},"share_on_mastodon":{"url":"https:\/\/pubeurope.com\/@fr\/115049249117884659","error":""},"_links":{"self":[{"href":"https:\/\/www.europesays.com\/fr\/wp-json\/wp\/v2\/posts\/326828","targetHints":{"allow":["GET"]}}],"collection":[{"href":"https:\/\/www.europesays.com\/fr\/wp-json\/wp\/v2\/posts"}],"about":[{"href":"https:\/\/www.europesays.com\/fr\/wp-json\/wp\/v2\/types\/post"}],"author":[{"embeddable":true,"href":"https:\/\/www.europesays.com\/fr\/wp-json\/wp\/v2\/users\/2"}],"replies":[{"embeddable":true,"href":"https:\/\/www.europesays.com\/fr\/wp-json\/wp\/v2\/comments?post=326828"}],"version-history":[{"count":0,"href":"https:\/\/www.europesays.com\/fr\/wp-json\/wp\/v2\/posts\/326828\/revisions"}],"wp:featuredmedia":[{"embeddable":true,"href":"https:\/\/www.europesays.com\/fr\/wp-json\/wp\/v2\/media\/326829"}],"wp:attachment":[{"href":"https:\/\/www.europesays.com\/fr\/wp-json\/wp\/v2\/media?parent=326828"}],"wp:term":[{"taxonomy":"category","embeddable":true,"href":"https:\/\/www.europesays.com\/fr\/wp-json\/wp\/v2\/categories?post=326828"},{"taxonomy":"post_tag","embeddable":true,"href":"https:\/\/www.europesays.com\/fr\/wp-json\/wp\/v2\/tags?post=326828"}],"curies":[{"name":"wp","href":"https:\/\/api.w.org\/{rel}","templated":true}]}}