{"id":326832,"date":"2025-08-18T10:17:10","date_gmt":"2025-08-18T10:17:10","guid":{"rendered":"https:\/\/www.europesays.com\/fr\/326832\/"},"modified":"2025-08-18T10:17:10","modified_gmt":"2025-08-18T10:17:10","slug":"jai-essaye-de-la-retenir-mais-cetait-trop-tard","status":"publish","type":"post","link":"https:\/\/www.europesays.com\/fr\/326832\/","title":{"rendered":"J&rsquo;ai essay\u00e9 de la retenir, mais c&rsquo;\u00e9tait trop tard"},"content":{"rendered":"<p>            Par<br \/>\n        <strong><br \/>\n            <a href=\"https:\/\/actu.fr\/auteur\/laurene-fertin\" title=\"Consulter tous les articles de Laur\u00e8ne Fertin\" target=\"_blank\" rel=\"noopener\">Laur\u00e8ne Fertin<\/a><br \/>\n        <\/strong><\/p>\n<p>        Publi\u00e9 le<\/p>\n<p>            18 ao\u00fbt 2025 \u00e0 12h09        <\/p>\n<p>C\u2019est <strong>un joggeur<\/strong> qui a port\u00e9 secours \u00e0 <strong>deux personnes \u00e2g\u00e9es,<\/strong> visiblement <strong>d\u00e9sempar\u00e9es<\/strong> par leur voiture qui glissait dangereusement vers la Vilaine.<\/p>\n<p class=\" wall-content\">\u00c0 11h, <strong>dimanche 17\u00a0ao\u00fbt 2025<\/strong>, le v\u00e9hicule est en effet <strong>tomb\u00e9 \u00e0 l\u2019eau<\/strong> alors qu\u2019il \u00e9tait gar\u00e9 sur le parking non loin du stade de D\u00e9zerseul, dans la commune de <strong>Cesson-S\u00e9vign\u00e9<\/strong>, pr\u00e8s de Rennes.<\/p>\n<p>    <a href=\"https:\/\/www.google.com\/maps\/embed?pb=!1m18!1m12!1m3!1d844.0811177361937!2d-1.5893062704295693!3d48.12423000766988!2m3!1f0!2f0!3f0!3m2!1i1024!2i768!4f13.1!3m3!1m2!1s0x480ed915bdab8c51%3A0xbb8828c087bcc5f4!2sStade%20de%20D%C3%A9zerseul!5e1!3m2!1sfr!2sfr!4v1755509603556!5m2!1sfr!2sfr\" title=\"Ouvrie le lien\" target=\"_blank\" rel=\"noopener\">Cliquez ici pour visualiser le contenu<\/a><\/p>\n<p>\u00ab\u2009J\u2019ai saut\u00e9 de mon v\u00e9lo\u2009\u00bb<\/p>\n<p class=\" wall-content\">\u00ab\u2009Dimanche, je suis all\u00e9 courir \u00e0 Cesson\u2009\u00bb, rembobine Maxime, pr\u00e9sent sur les lieux. \u00ab\u2009J\u2019ai accroch\u00e9 mon v\u00e9lo non loin du stade de foot. Quand je suis revenu de ma course, sur le parking, j\u2019ai vu une voiture partir au ralenti dans la Vilaine.\u2009\u00bb<\/p>\n<p class=\" wall-content\">Sur place, <strong>deux personnes \u00e2g\u00e9es<\/strong>, a priori des septuag\u00e9naires, essayent du mieux qu\u2019elles peuvent<strong> de retenir la voiture avec leurs mains.<\/strong><\/p>\n<blockquote class=\"ac-article-quote wall-content\">\n<p>J&rsquo;ai saut\u00e9 de mon v\u00e9lo pour leur porter secours. J&rsquo;ai essay\u00e9 tant bien que mal de rentrer dans la voiture pour mettre le frein \u00e0 main mais j&rsquo;ai \u00e0 peine r\u00e9ussi \u00e0 ouvrir la porte. C&rsquo;\u00e9tait trop tard. <\/p>\n<p>    <strong>Maxime<\/strong><br \/>\n        T\u00e9moin    <\/p><\/blockquote>\n<p>\u00ab\u2009Ils \u00e9taient un peu paniqu\u00e9s\u2009\u00bb<\/p>\n<p class=\" wall-content\">La voiture a malheureusement poursuivi <strong>sa descente<\/strong> avant de se retourner\u2026 et de <strong>finir dans la Vilaine<\/strong>. Maxime se souvient d\u2019une chute <strong>\u00ab\u2009lente\u2009\u00bb<\/strong> et <strong>\u00ab\u2009tr\u00e8s impressionnante\u2009\u00bb.<\/strong><\/p>\n<p>Votre r\u00e9gion, votre actu !<\/p>\n<p>Recevez chaque jour les infos qui comptent pour vous.<\/p>\n<p>\t<a href=\"https:\/\/actu.fr\/newsletter\" class=\"ac-btn ac-btn--corner ac-btn--medium ac-btn--blue800\" target=\"_blank\" rel=\"noopener\">S&rsquo;incrire<\/a><\/p>\n<blockquote class=\"ac-article-quote wall-content\">\n<p>C&rsquo;est terrible parce qu&rsquo;en r\u00e9alit\u00e9, on ne peut pas stopper la voiture. Cela d&rsquo;autant plus qu&rsquo;on essayait de la tirer vers nous et non de la pousser.<\/p>\n<p>    <strong>Maxime<\/strong><br \/>\n        T\u00e9moin    <\/p><\/blockquote>\n<p class=\" wall-content\">Sur place, le couple \u00e9tait \u00ab\u2009un peu <strong>paniqu\u00e9\u2009\u00bb,<\/strong> se rem\u00e9more Maxime, qui a compos\u00e9 sur son t\u00e9l\u00e9phone le num\u00e9ro de la <strong>police.<\/strong><\/p>\n<p class=\" wall-content\"><strong>Neuf sapeurs-pompiers<\/strong> sont par ailleurs intervenus, peu apr\u00e8s 11h, a indiqu\u00e9 le Codis \u00e0 la r\u00e9daction d\u2019<a href=\"https:\/\/actu.fr\/rennes\/\" target=\"_blank\" rel=\"noopener\">actu Rennes<\/a>.<\/p>\n<p>Un frein mal serr\u00e9<\/p>\n<p class=\" wall-content\">Sur place \u00e9galement, <strong>le maire<\/strong> de Cesson-S\u00e9vign\u00e9, <strong>Jean-Pierre Savignac,<\/strong> a fait le d\u00e9placement. Heureusement, aucune victime ni bless\u00e9 n\u2019a \u00e9t\u00e9 d\u00e9plor\u00e9e. La raison de cet incident\u2009? \u00ab\u2009Un frein \u00e0 frein mal serr\u00e9\u2009\u00bb, pr\u00e9cise la municipalit\u00e9 \u00e0 la r\u00e9daction.<\/p>\n<p class=\" wall-content\">Le v\u00e9hicule a pu \u00eatre sorti de l\u2019eau par <strong>une d\u00e9panneuse. <\/strong>Sur le parking, plusieurs voitures qui bloquaient le passage de la d\u00e9panneuse ont par ailleurs \u00e9t\u00e9 d\u00e9plac\u00e9es de quelques m\u00e8tres afin de sortir celle qui \u00e9tait immerg\u00e9e.<\/p>\n<p class=\" wall-content\">Si vous aviez donc gar\u00e9 votre voiture \u00e0 cet endroit et que vous l\u2019avez retrouv\u00e9e un peu plus loin\u2009: rassurez-vous, ce n\u2019est pas la chaleur qui vous a piqu\u00e9e ce jour-l\u00e0.<\/p>\n<p class=\" wall-content\">Personnalisez votre actualit\u00e9 en ajoutant vos villes et m\u00e9dias en favori avec <a href=\"https:\/\/moncompte.actu.fr\" title=\"D\u00e9couvez Mon Actu\" rel=\"nofollow noopener\" data-trk=\"{&quot;cta&quot;:{&quot;action&quot;:&quot;https:\\\/\\\/moncompte.actu.fr&quot;,&quot;category&quot;:&quot;mon compte&quot;,&quot;from&quot;:&quot;article footer&quot;,&quot;name&quot;:&quot;Mon actu&quot;,&quot;type&quot;:&quot;cta&quot;}}\" target=\"_blank\">Mon Actu<\/a>.<\/p>\n","protected":false},"excerpt":{"rendered":"Par Laur\u00e8ne Fertin Publi\u00e9 le 18 ao\u00fbt 2025 \u00e0 12h09 C\u2019est un joggeur qui a port\u00e9 secours \u00e0&hellip;\n","protected":false},"author":2,"featured_media":326833,"comment_status":"","ping_status":"","sticky":false,"template":"","format":"standard","meta":{"footnotes":""},"categories":[2821],"tags":[1111,11,829,1777,674,118,1011,27,12,584,25,7009],"class_list":{"0":"post-326832","1":"post","2":"type-post","3":"status-publish","4":"format-standard","5":"has-post-thumbnail","7":"category-rennes","8":"tag-actu","9":"tag-actualites","10":"tag-bretagne","11":"tag-eu","12":"tag-europe","13":"tag-faits-divers","14":"tag-fr","15":"tag-france","16":"tag-news","17":"tag-rennes","18":"tag-republique-francaise","19":"tag-vilaine"},"share_on_mastodon":{"url":"https:\/\/pubeurope.com\/@fr\/115049257028762121","error":""},"_links":{"self":[{"href":"https:\/\/www.europesays.com\/fr\/wp-json\/wp\/v2\/posts\/326832","targetHints":{"allow":["GET"]}}],"collection":[{"href":"https:\/\/www.europesays.com\/fr\/wp-json\/wp\/v2\/posts"}],"about":[{"href":"https:\/\/www.europesays.com\/fr\/wp-json\/wp\/v2\/types\/post"}],"author":[{"embeddable":true,"href":"https:\/\/www.europesays.com\/fr\/wp-json\/wp\/v2\/users\/2"}],"replies":[{"embeddable":true,"href":"https:\/\/www.europesays.com\/fr\/wp-json\/wp\/v2\/comments?post=326832"}],"version-history":[{"count":0,"href":"https:\/\/www.europesays.com\/fr\/wp-json\/wp\/v2\/posts\/326832\/revisions"}],"wp:featuredmedia":[{"embeddable":true,"href":"https:\/\/www.europesays.com\/fr\/wp-json\/wp\/v2\/media\/326833"}],"wp:attachment":[{"href":"https:\/\/www.europesays.com\/fr\/wp-json\/wp\/v2\/media?parent=326832"}],"wp:term":[{"taxonomy":"category","embeddable":true,"href":"https:\/\/www.europesays.com\/fr\/wp-json\/wp\/v2\/categories?post=326832"},{"taxonomy":"post_tag","embeddable":true,"href":"https:\/\/www.europesays.com\/fr\/wp-json\/wp\/v2\/tags?post=326832"}],"curies":[{"name":"wp","href":"https:\/\/api.w.org\/{rel}","templated":true}]}}