{"id":326834,"date":"2025-08-18T10:18:18","date_gmt":"2025-08-18T10:18:18","guid":{"rendered":"https:\/\/www.europesays.com\/fr\/326834\/"},"modified":"2025-08-18T10:18:18","modified_gmt":"2025-08-18T10:18:18","slug":"journees-europeennes-du-patrimoine-lhotel-prefectoral-ouvre-ses-portes-fil-dactualite-actualites","status":"publish","type":"post","link":"https:\/\/www.europesays.com\/fr\/326834\/","title":{"rendered":"Journ\u00e9es europ\u00e9ennes du Patrimoine : l\u2019H\u00f4tel pr\u00e9fectoral ouvre ses portes ! &#8211; Fil d&rsquo;actualit\u00e9 &#8211; Actualit\u00e9s"},"content":{"rendered":"<p>\n            Mis \u00e0 jour le\u00a018\/08\/2025\n        <\/p>\n<p>                                                                                                    <img decoding=\"async\" class=\"fr-responsive-img\" src=\"https:\/\/www.europesays.com\/fr\/wp-content\/uploads\/2025\/08\/Journees-europeennes-du-Patrimoine-l-Hotel-prefectoral-ouvre-ses-portes_large.png\" alt=\"\" style=\"aspect-ratio: 1.9142857142857;\"\/><\/p>\n<p class=\" text-left\">\nCr\u00e9\u00e9es en 1984 sous le nom de \u00ab Journ\u00e9es Portes ouvertes des monuments historiques \u00bb par le minist\u00e8re de la Culture, les Journ\u00e9es europ\u00e9ennes du Patrimoine ont pour objectif de montrer au plus grand nombre la richesse extraordinaire de notre patrimoine au travers de rendez-vous in\u00e9dits, de visites insolites et d\u2019ouvertures exceptionnelles.<br \/>\u00a0\u00a0\u00a0 <\/p>\n<p class=\" text-center\"><b>A cette occasion, l&rsquo;H\u00f4tel pr\u00e9fectoral sera ouvert exceptionnellement le dimanche 21 septembre 2025 pour des visites guid\u00e9es ! <\/b><\/p>\n<p class=\" text-left\">Les visiteurs pourront d\u00e9couvrir l&rsquo;histoire de ce magnifique h\u00f4tel particulier de Strasbourg construit par le pr\u00eateur royal Fran\u00e7ois-Joseph de Klinglin entre 1731 et 1736.<\/p>\n<tr>\n<td valign=\"top\">\n<p>                                                                                                    <img decoding=\"async\" class=\"fr-responsive-img\" src=\"https:\/\/www.europesays.com\/fr\/wp-content\/uploads\/2025\/08\/Hotel-Klinglin-Cote-quai_imageplacesize.jpg\" alt=\"\" style=\"aspect-ratio: 1.497975708502;\"\/><\/p>\n<\/td>\n<td valign=\"top\">\n<p>                                                                                                    <img decoding=\"async\" class=\"fr-responsive-img\" src=\"https:\/\/www.europesays.com\/fr\/wp-content\/uploads\/2025\/08\/Hotel-Klinglin-Vestibule-1er-etage_imageplacesize.jpg\" alt=\"\" style=\"aspect-ratio: 1.5040650406504;\"\/><\/p>\n<\/td>\n<\/tr>\n<p class=\" text-center\"><b>L&rsquo;inscription pour les visites guid\u00e9es est obligatoire. La dur\u00e9e de la visite est d&rsquo;environ 45 minutes.<\/b><\/p>\n<p class=\" text-center\"><b>Lien vers le formulaire \u00e0 venir<\/b><\/p>\n<p class=\" text-left\"><b>\u00a0\u00a0\u00a0\u00a0\u00a0\u00a0\u00a0\u00a0\u00a0\u00a0\u00a0\u00a0\u00a0\u00a0\u00a0\u00a0\u00a0\u00a0\u00a0\u00a0\u00a0 <\/b><\/p>\n<p class=\" text-left\">\n<b>***<\/b><br \/><b>\u00a0\u00a0\u00a0\u00a0\u00a0\u00a0\u00a0\u00a0\u00a0\u00a0\u00a0\u00a0\u00a0\u00a0\u00a0\u00a0\u00a0 <\/b><\/p>\n<p class=\" text-left\"><b>Modalit\u00e9s d&rsquo;acc\u00e8s<\/b> \u00a0\u00a0\u00a0<\/p>\n<tr>\n<td valign=\"top\">\n<p>                                                                                                    <img decoding=\"async\" class=\"fr-responsive-img\" src=\"https:\/\/www.europesays.com\/fr\/wp-content\/uploads\/2025\/08\/Logo-Piece-d-identite_medium.png\" alt=\"\" style=\"aspect-ratio: 1;\"\/><\/p>\n<\/td>\n<td valign=\"top\">\n                <b>Pr\u00e9sentation obligatoire d&rsquo;une pi\u00e8ce d&rsquo;identit\u00e9 pour tout visiteur.<\/b>\n        <\/td>\n<\/tr>\n<tr>\n<td valign=\"top\">\n<p>                                                                                                    <img decoding=\"async\" class=\"fr-responsive-img\" src=\"https:\/\/www.europesays.com\/fr\/wp-content\/uploads\/2025\/08\/Logo-Personne-a-mobilite-reduite_medium.png\" alt=\"\" style=\"aspect-ratio: 1;\"\/><\/p>\n<\/td>\n<td valign=\"top\">\n                <b>Acc\u00e8s possible pour les personnes handicap\u00e9es.<\/b>\n        <\/td>\n<\/tr>\n<tr>\n<td valign=\"top\">\n<p>                                                                                                    <img decoding=\"async\" class=\"fr-responsive-img\" src=\"https:\/\/www.europesays.com\/fr\/wp-content\/uploads\/2025\/08\/Logo-Poussette_medium.png\" alt=\"\" style=\"aspect-ratio: 1;\"\/><\/p>\n<\/td>\n<td valign=\"top\">\n                <b>Les poussettes devront \u00eatre obligatoirement entrepos\u00e9es dans l&rsquo;avant-cour.<\/b>\n        <\/td>\n<\/tr>\n<p class=\" text-left\"><b>Adresse<\/b><\/p>\n<p class=\" text-left\">\nH\u00f4tel pr\u00e9fectoral <br \/>Pr\u00e9fecture du Bas-Rhin<br \/>Place du Petit Broglie<br \/>67073 Strasbourg<\/p>\n<p><b>O\u00f9 se trouve l&rsquo;H\u00f4tel Klinglin ?     <a href=\"https:\/\/www.google.fr\/maps\/place\/H%C3%B4tel+Klinglin+ou+H%C3%B4tel+du+Pr%C3%A9fet\/@48.5854785,7.7510749,17z\/data=!3m1!4b1!4m6!3m5!1s0x4796c93a64c69665:0x3e67250c90155dc8!8m2!3d48.585475!4d7.7536498!16s%2Fg%2F11g0__df69?entry=ttu&amp;g_ep=EgoyMDI0MDgyOC4wIKXMDSoASAFQAw%3D%3D\" id=\"61c9683c5c80d8aa2af046dd6cccc492\" rel=\"noopener external nofollow\" title=\"Visiter le site https:\/\/www.google.fr\/maps\/place\/H%C3%B4tel+Klinglin+ou+H%C3%B4tel+du+Pr%C3%A9fet\/@48.5854785,7.7510749,17z\/data=!3m1!4b1!4m6!3m5!1s0x4796c93a64c69665:0x3e67250c90155dc8!8m2!3d48.585475!4d7.7536498!16s%2Fg%2F11g0__df69?entry=ttu&amp;g_ep=EgoyMDI0MDgyOC4wIKXMDSoASAFQAw%3D%3D - nouvelle fen\u00eatre\" target=\"_blank\" class=\"fr-link\">Cliquez-ici<\/a>.<\/b><\/p>\n","protected":false},"excerpt":{"rendered":"Mis \u00e0 jour le\u00a018\/08\/2025 Cr\u00e9\u00e9es en 1984 sous le nom de \u00ab Journ\u00e9es Portes ouvertes des monuments historiques&hellip;\n","protected":false},"author":2,"featured_media":326835,"comment_status":"","ping_status":"","sticky":false,"template":"","format":"standard","meta":{"footnotes":""},"categories":[2820],"tags":[1111,11,1777,674,1011,27,775,12,25,640],"class_list":{"0":"post-326834","1":"post","2":"type-post","3":"status-publish","4":"format-standard","5":"has-post-thumbnail","7":"category-strasbourg","8":"tag-actu","9":"tag-actualites","10":"tag-eu","11":"tag-europe","12":"tag-fr","13":"tag-france","14":"tag-grand-est","15":"tag-news","16":"tag-republique-francaise","17":"tag-strasbourg"},"share_on_mastodon":{"url":"https:\/\/pubeurope.com\/@fr\/115049261548252062","error":""},"_links":{"self":[{"href":"https:\/\/www.europesays.com\/fr\/wp-json\/wp\/v2\/posts\/326834","targetHints":{"allow":["GET"]}}],"collection":[{"href":"https:\/\/www.europesays.com\/fr\/wp-json\/wp\/v2\/posts"}],"about":[{"href":"https:\/\/www.europesays.com\/fr\/wp-json\/wp\/v2\/types\/post"}],"author":[{"embeddable":true,"href":"https:\/\/www.europesays.com\/fr\/wp-json\/wp\/v2\/users\/2"}],"replies":[{"embeddable":true,"href":"https:\/\/www.europesays.com\/fr\/wp-json\/wp\/v2\/comments?post=326834"}],"version-history":[{"count":0,"href":"https:\/\/www.europesays.com\/fr\/wp-json\/wp\/v2\/posts\/326834\/revisions"}],"wp:featuredmedia":[{"embeddable":true,"href":"https:\/\/www.europesays.com\/fr\/wp-json\/wp\/v2\/media\/326835"}],"wp:attachment":[{"href":"https:\/\/www.europesays.com\/fr\/wp-json\/wp\/v2\/media?parent=326834"}],"wp:term":[{"taxonomy":"category","embeddable":true,"href":"https:\/\/www.europesays.com\/fr\/wp-json\/wp\/v2\/categories?post=326834"},{"taxonomy":"post_tag","embeddable":true,"href":"https:\/\/www.europesays.com\/fr\/wp-json\/wp\/v2\/tags?post=326834"}],"curies":[{"name":"wp","href":"https:\/\/api.w.org\/{rel}","templated":true}]}}