{"id":326836,"date":"2025-08-18T10:19:18","date_gmt":"2025-08-18T10:19:18","guid":{"rendered":"https:\/\/www.europesays.com\/fr\/326836\/"},"modified":"2025-08-18T10:19:18","modified_gmt":"2025-08-18T10:19:18","slug":"un-petard-explose-pres-dun-ramasseur-de-balle","status":"publish","type":"post","link":"https:\/\/www.europesays.com\/fr\/326836\/","title":{"rendered":"un p\u00e9tard explose pr\u00e8s d\u2019un ramasseur de balle"},"content":{"rendered":"<p>Plus de peur que de mal, mais un avertissement pour l\u2019avenir. Le derby de l\u2019Est entre le FC <a href=\"https:\/\/www.footmercato.net\/club\/fc-metz\/\" rel=\"nofollow noopener\" target=\"_blank\">Metz<\/a> et le RC <a href=\"https:\/\/www.footmercato.net\/club\/rc-strasbourg-alsace\/\" rel=\"nofollow noopener\" target=\"_blank\">Strasbourg<\/a> (0-1), dimanche, \u00e0 l\u2019occasion de la premi\u00e8re journ\u00e9e de <a href=\"https:\/\/www.footmercato.net\/france\/ligue-1\/\" rel=\"nofollow noopener\" target=\"_blank\">Ligue 1<\/a>, a \u00e9t\u00e9 bri\u00e8vement interrompu par un incident dont on aurait pu se passer. Un p\u00e9tard, vraisemblablement lanc\u00e9 depuis le parcage strasbourgeois, o\u00f9 \u00e9taient rassembl\u00e9s plus de 600 supporters venus en cars, a explos\u00e9 pr\u00e8s d\u2019un jeune ramasseur de balle, informe <a href=\"https:\/\/www.ouest-france.fr\/sport\/football\/ligue-1-un-petard-explose-pres-dun-ramasseur-de-balle-lors-du-match-entre-metz-et-strasbourg-e134a38a-7b99-11f0-918c-237d7f802514\" rel=\"nofollow noopener\" target=\"_blank\">Ouest-France<\/a>. L\u2019explosion, survenue vers la 54e minute, a provoqu\u00e9 une interruption temporaire du match, le d\u00e9l\u00e9gu\u00e9 de la rencontre demandant alors au speaker du stade Saint-Symphorien d\u2019appeler au calme en tribune.<\/p>\n<p>            La suite apr\u00e8s cette publicit\u00e9<\/p>\n<p>Le jeune ramasseur, licenci\u00e9 en U15, est apparu choqu\u00e9 par l\u2019explosion et a \u00e9t\u00e9 pris en charge par la S\u00e9curit\u00e9 civile, avant de reprendre son poste apr\u00e8s des examens rassurants. Le match a pu reprendre et se terminer normalement, malgr\u00e9 la menace d\u2019une interruption d\u00e9finitive en cas de nouvel incident. En geste de soutien, le FC Metz lui a offert un maillot d\u00e9dicac\u00e9 par le milieu de terrain Jessy Deminguet.<\/p>\n<p>\n    Pub. le 18\/08\/2025 11:41<br \/>\n            &#8211; MAJ le 18\/08\/2025 12:16\n    <\/p>\n","protected":false},"excerpt":{"rendered":"Plus de peur que de mal, mais un avertissement pour l\u2019avenir. Le derby de l\u2019Est entre le FC&hellip;\n","protected":false},"author":2,"featured_media":326837,"comment_status":"","ping_status":"","sticky":false,"template":"","format":"standard","meta":{"footnotes":""},"categories":[2820],"tags":[1111,11,1777,674,1011,27,775,12,25,640],"class_list":{"0":"post-326836","1":"post","2":"type-post","3":"status-publish","4":"format-standard","5":"has-post-thumbnail","7":"category-strasbourg","8":"tag-actu","9":"tag-actualites","10":"tag-eu","11":"tag-europe","12":"tag-fr","13":"tag-france","14":"tag-grand-est","15":"tag-news","16":"tag-republique-francaise","17":"tag-strasbourg"},"share_on_mastodon":{"url":"https:\/\/pubeurope.com\/@fr\/115049264850303573","error":""},"_links":{"self":[{"href":"https:\/\/www.europesays.com\/fr\/wp-json\/wp\/v2\/posts\/326836","targetHints":{"allow":["GET"]}}],"collection":[{"href":"https:\/\/www.europesays.com\/fr\/wp-json\/wp\/v2\/posts"}],"about":[{"href":"https:\/\/www.europesays.com\/fr\/wp-json\/wp\/v2\/types\/post"}],"author":[{"embeddable":true,"href":"https:\/\/www.europesays.com\/fr\/wp-json\/wp\/v2\/users\/2"}],"replies":[{"embeddable":true,"href":"https:\/\/www.europesays.com\/fr\/wp-json\/wp\/v2\/comments?post=326836"}],"version-history":[{"count":0,"href":"https:\/\/www.europesays.com\/fr\/wp-json\/wp\/v2\/posts\/326836\/revisions"}],"wp:featuredmedia":[{"embeddable":true,"href":"https:\/\/www.europesays.com\/fr\/wp-json\/wp\/v2\/media\/326837"}],"wp:attachment":[{"href":"https:\/\/www.europesays.com\/fr\/wp-json\/wp\/v2\/media?parent=326836"}],"wp:term":[{"taxonomy":"category","embeddable":true,"href":"https:\/\/www.europesays.com\/fr\/wp-json\/wp\/v2\/categories?post=326836"},{"taxonomy":"post_tag","embeddable":true,"href":"https:\/\/www.europesays.com\/fr\/wp-json\/wp\/v2\/tags?post=326836"}],"curies":[{"name":"wp","href":"https:\/\/api.w.org\/{rel}","templated":true}]}}