{"id":326838,"date":"2025-08-18T10:20:10","date_gmt":"2025-08-18T10:20:10","guid":{"rendered":"https:\/\/www.europesays.com\/fr\/326838\/"},"modified":"2025-08-18T10:20:10","modified_gmt":"2025-08-18T10:20:10","slug":"incendie-a-nice-de-la-fumee-noire-visible-dans-toute-la-ville-ce-quil-sest-passe","status":"publish","type":"post","link":"https:\/\/www.europesays.com\/fr\/326838\/","title":{"rendered":"Incendie \u00e0 Nice. De la fum\u00e9e noire visible dans toute la ville, ce qu\u2019il s\u2019est pass\u00e9"},"content":{"rendered":"<p>            Par<br \/>\n        <strong><br \/>\n            <a href=\"https:\/\/actu.fr\/auteur\/famenta-news\" title=\"Consulter tous les articles de Florine Amenta\" rel=\"nofollow noopener\" target=\"_blank\">Florine Amenta<\/a><br \/>\n        <\/strong><\/p>\n<p>        Publi\u00e9 le<\/p>\n<p>            18 ao\u00fbt 2025 \u00e0 11h34        <\/p>\n<p>Dimanche 17\u00a0ao\u00fbt 2025, un <strong>panache sombre<\/strong> \u00e9tait visible dans le ciel du centre-ville. Sur les r\u00e9seaux sociaux, plusieurs riverains ont affirm\u00e9 \u00eatre t\u00e9moin de cet incendie. Aux alentours de 20h, un feu a \u00e9t\u00e9 d\u00e9clench\u00e9 volontairement <strong>derri\u00e8re le hangar du Palais des expositions<\/strong> de <a href=\"https:\/\/actu.fr\/nice\/\" rel=\"nofollow noopener\" target=\"_blank\">Nice<\/a> (<a href=\"https:\/\/actu.fr\/provence-alpes-cote-d-azur\/alpes-maritimes_06\" rel=\"nofollow noopener\" target=\"_blank\">Alpes-Maritimes<\/a>), \u00e0 l\u2019est de la ville.<\/p>\n<p class=\" wall-content\">Selon les informations des pompiers communiqu\u00e9es \u00e0 actu Nice, il s\u2019agissait d\u2019un feu de palettes. Pour les secours, cet incident pourrait correspondre \u00e0 une <strong>tentative de suicide<\/strong>.<\/p>\n<p>Une personne bless\u00e9e<\/p>\n<p class=\" wall-content\">L\u2019incendie, qui a eu lieu \u00e0 deux pas du Paillon, a rapidement \u00e9t\u00e9 ma\u00eetris\u00e9. La personne \u00e0 l\u2019origine du feu a \u00e9t\u00e9 bless\u00e9e et prise en charge par les secours.<\/p>\n<p class=\" wall-content\">Personnalisez votre actualit\u00e9 en ajoutant vos villes et m\u00e9dias en favori avec <a href=\"https:\/\/moncompte.actu.fr\" title=\"D\u00e9couvez Mon Actu\" rel=\"nofollow noopener\" data-trk=\"{&quot;cta&quot;:{&quot;action&quot;:&quot;https:\\\/\\\/moncompte.actu.fr&quot;,&quot;category&quot;:&quot;mon compte&quot;,&quot;from&quot;:&quot;article footer&quot;,&quot;name&quot;:&quot;Mon actu&quot;,&quot;type&quot;:&quot;cta&quot;}}\" target=\"_blank\">Mon Actu<\/a>.<\/p>\n","protected":false},"excerpt":{"rendered":"Par Florine Amenta Publi\u00e9 le 18 ao\u00fbt 2025 \u00e0 11h34 Dimanche 17\u00a0ao\u00fbt 2025, un panache sombre \u00e9tait visible&hellip;\n","protected":false},"author":2,"featured_media":326839,"comment_status":"","ping_status":"","sticky":false,"template":"","format":"standard","meta":{"footnotes":""},"categories":[2819],"tags":[1111,11,1777,674,118,1011,27,1310,12,2401,1311,882,25],"class_list":{"0":"post-326838","1":"post","2":"type-post","3":"status-publish","4":"format-standard","5":"has-post-thumbnail","7":"category-nice","8":"tag-actu","9":"tag-actualites","10":"tag-eu","11":"tag-europe","12":"tag-faits-divers","13":"tag-fr","14":"tag-france","15":"tag-incendie","16":"tag-news","17":"tag-nice","18":"tag-pompiers","19":"tag-provence-alpes-cote-dazur","20":"tag-republique-francaise"},"share_on_mastodon":{"url":"https:\/\/pubeurope.com\/@fr\/115049268767417126","error":""},"_links":{"self":[{"href":"https:\/\/www.europesays.com\/fr\/wp-json\/wp\/v2\/posts\/326838","targetHints":{"allow":["GET"]}}],"collection":[{"href":"https:\/\/www.europesays.com\/fr\/wp-json\/wp\/v2\/posts"}],"about":[{"href":"https:\/\/www.europesays.com\/fr\/wp-json\/wp\/v2\/types\/post"}],"author":[{"embeddable":true,"href":"https:\/\/www.europesays.com\/fr\/wp-json\/wp\/v2\/users\/2"}],"replies":[{"embeddable":true,"href":"https:\/\/www.europesays.com\/fr\/wp-json\/wp\/v2\/comments?post=326838"}],"version-history":[{"count":0,"href":"https:\/\/www.europesays.com\/fr\/wp-json\/wp\/v2\/posts\/326838\/revisions"}],"wp:featuredmedia":[{"embeddable":true,"href":"https:\/\/www.europesays.com\/fr\/wp-json\/wp\/v2\/media\/326839"}],"wp:attachment":[{"href":"https:\/\/www.europesays.com\/fr\/wp-json\/wp\/v2\/media?parent=326838"}],"wp:term":[{"taxonomy":"category","embeddable":true,"href":"https:\/\/www.europesays.com\/fr\/wp-json\/wp\/v2\/categories?post=326838"},{"taxonomy":"post_tag","embeddable":true,"href":"https:\/\/www.europesays.com\/fr\/wp-json\/wp\/v2\/tags?post=326838"}],"curies":[{"name":"wp","href":"https:\/\/api.w.org\/{rel}","templated":true}]}}