{"id":326840,"date":"2025-08-18T10:21:11","date_gmt":"2025-08-18T10:21:11","guid":{"rendered":"https:\/\/www.europesays.com\/fr\/326840\/"},"modified":"2025-08-18T10:21:11","modified_gmt":"2025-08-18T10:21:11","slug":"nice-le-brunch-des-frenchy-revient-pour-une-edition-estivale-dimanche-31-aout","status":"publish","type":"post","link":"https:\/\/www.europesays.com\/fr\/326840\/","title":{"rendered":"NICE : Le brunch des Frenchy revient pour une \u00e9dition estivale, dimanche 31 ao\u00fbt !"},"content":{"rendered":"<p><strong>Le brunch des Frenchy revient pour une \u00e9dition estivale le dimanche 31 ao\u00fbt !<\/strong><\/p>\n<p>Le Jardin des Ar\u00e8nes de Cimiez accueillera une nouvelle \u00e9dition du brunch des Frenchy, de 12h30 \u00e0 19h30, pour un dimanche plac\u00e9 sous le signe de la f\u00eate, du partage\u2026 et de la chanson fran\u00e7aise !<\/p>\n<p>Sous l\u2019ombre bienveillante des oliviers, petits et grands pourront profiter d\u2019un v\u00e9ritable rendez-vous convivial.<\/p>\n<p>\u2013 Pour les papilles : 7 prestataires locaux pour se r\u00e9galer autour d\u2019une offre vari\u00e9e et gourmande.<br \/>\u2013 Pour petits &amp; grands : ch\u00e2teau gonflable, taureau m\u00e9canique, stand maquillage, jeux de p\u00e9tanque et d\u2019autres surprises.<br \/>\u2013 Pour l\u2019ambiance : le meilleur de la musique fran\u00e7aise, de Dalida \u00e0 Johnny Hallyday, de C\u00e9line Dion \u00e0 Jean-Jacques Goldman, sans oublier K-Maro.<\/p>\n<p>\u00a0<\/p>\n<p style=\"text-align: center\"><strong>Date : Dimanche 31 ao\u00fbt 2025 Horaires : 12h30 \u2013 19h30<\/strong><br \/><strong>Lieu : Jardin des Ar\u00e8nes de Cimiez \u2013 Nice<\/strong><br \/><strong>Dress code : Pirates &amp; Sir\u00e8nes<\/strong><br \/><strong>Billetterie<\/strong><br \/><strong>Gratuit pour les moins de 11 ans<\/strong><\/p>\n<p>\u00a0<\/p>\n","protected":false},"excerpt":{"rendered":"Le brunch des Frenchy revient pour une \u00e9dition estivale le dimanche 31 ao\u00fbt ! Le Jardin des Ar\u00e8nes&hellip;\n","protected":false},"author":2,"featured_media":326841,"comment_status":"","ping_status":"","sticky":false,"template":"","format":"standard","meta":{"footnotes":""},"categories":[2819],"tags":[1111,11,1777,674,1011,27,12,2401,882,25],"class_list":{"0":"post-326840","1":"post","2":"type-post","3":"status-publish","4":"format-standard","5":"has-post-thumbnail","7":"category-nice","8":"tag-actu","9":"tag-actualites","10":"tag-eu","11":"tag-europe","12":"tag-fr","13":"tag-france","14":"tag-news","15":"tag-nice","16":"tag-provence-alpes-cote-dazur","17":"tag-republique-francaise"},"share_on_mastodon":{"url":"https:\/\/pubeurope.com\/@fr\/115049272622111915","error":""},"_links":{"self":[{"href":"https:\/\/www.europesays.com\/fr\/wp-json\/wp\/v2\/posts\/326840","targetHints":{"allow":["GET"]}}],"collection":[{"href":"https:\/\/www.europesays.com\/fr\/wp-json\/wp\/v2\/posts"}],"about":[{"href":"https:\/\/www.europesays.com\/fr\/wp-json\/wp\/v2\/types\/post"}],"author":[{"embeddable":true,"href":"https:\/\/www.europesays.com\/fr\/wp-json\/wp\/v2\/users\/2"}],"replies":[{"embeddable":true,"href":"https:\/\/www.europesays.com\/fr\/wp-json\/wp\/v2\/comments?post=326840"}],"version-history":[{"count":0,"href":"https:\/\/www.europesays.com\/fr\/wp-json\/wp\/v2\/posts\/326840\/revisions"}],"wp:featuredmedia":[{"embeddable":true,"href":"https:\/\/www.europesays.com\/fr\/wp-json\/wp\/v2\/media\/326841"}],"wp:attachment":[{"href":"https:\/\/www.europesays.com\/fr\/wp-json\/wp\/v2\/media?parent=326840"}],"wp:term":[{"taxonomy":"category","embeddable":true,"href":"https:\/\/www.europesays.com\/fr\/wp-json\/wp\/v2\/categories?post=326840"},{"taxonomy":"post_tag","embeddable":true,"href":"https:\/\/www.europesays.com\/fr\/wp-json\/wp\/v2\/tags?post=326840"}],"curies":[{"name":"wp","href":"https:\/\/api.w.org\/{rel}","templated":true}]}}