{"id":326845,"date":"2025-08-18T10:24:09","date_gmt":"2025-08-18T10:24:09","guid":{"rendered":"https:\/\/www.europesays.com\/fr\/326845\/"},"modified":"2025-08-18T10:24:09","modified_gmt":"2025-08-18T10:24:09","slug":"pres-de-bordeaux-un-individu-escalade-la-facade-dune-maison-et-sintroduit-dans-la-chambre-dune-adolescente","status":"publish","type":"post","link":"https:\/\/www.europesays.com\/fr\/326845\/","title":{"rendered":"Pr\u00e8s de Bordeaux, un individu escalade la fa\u00e7ade d&rsquo;une maison et s&rsquo;introduit dans la chambre d&rsquo;une adolescente"},"content":{"rendered":"<p>            Par<br \/>\n        <strong><br \/>\n            <a href=\"https:\/\/actu.fr\/auteur\/charlotte-lesprit\" title=\"Consulter tous les articles de Charlotte Lesprit\" rel=\"nofollow noopener\" target=\"_blank\">Charlotte Lesprit<\/a><br \/>\n        <\/strong><\/p>\n<p>        Publi\u00e9 le<\/p>\n<p>            18 ao\u00fbt 2025 \u00e0 12h05        <\/p>\n<p>Un individu en cale\u00e7on s\u2019est introduit dans <strong>la chambre d\u2019une mineure<\/strong>, dimanche 10 ao\u00fbt 2025, \u00e0 7 heures, dans une maison de <a href=\"https:\/\/actu.fr\/nouvelle-aquitaine\/villenave-d-ornon_33550\" rel=\"nofollow noopener\" target=\"_blank\">Villenave-d\u2019Ornon<\/a> en banlieue de Bordeaux.<\/p>\n<p class=\" wall-content\">La jeune fille de 17\u00a0ans, compl\u00e8tement apeur\u00e9e, s\u2019est mise \u00e0 crier en appelant son p\u00e8re, provoquant ainsi la fuite de l\u2019individu, qui a tent\u00e9 de <strong>redescendre la fa\u00e7ade<\/strong> comme il l\u2019avait escalad\u00e9e. L\u2019homme, n\u00e9 en 1997 indique la police, s\u2019est retrouv\u00e9 nez \u00e0 nez avec le p\u00e8re de famille, mais a r\u00e9ussi \u00e0 s\u2019\u00e9chapper malgr\u00e9 l\u2019altercation.<\/p>\n<p>Retrouv\u00e9 dans un bois<\/p>\n<p class=\" wall-content\">Il a \u00e9t\u00e9 retrouv\u00e9 dans un bois par la police 400 m\u00e8tres plus loin. Suite \u00e0 son interpellation, l\u2019homme, d\u2019origine marocaine d\u2019apr\u00e8s<a href=\"https:\/\/www.sudouest.fr\/gironde\/bordeaux\/il-grimpe-la-facade-se-deshabille-et-tente-d-agresser-une-mineure-pres-de-bordeaux-25557548.php\" rel=\"nofollow noopener\" target=\"_blank\"> Sud Ouest<\/a>, a \u00e9t\u00e9 plac\u00e9 en garde \u00e0 vue pour <strong>violation de domicile<\/strong> et <strong>tentative d\u2019<a href=\"https:\/\/actu.fr\/tag\/violences-sexuelles\" rel=\"nofollow noopener\" target=\"_blank\">agression sexuelle<\/a><\/strong>. Selon nos confr\u00e8res, le mis en cause ferait l\u2019objet d\u2019une obligation de quitter le territoire fran\u00e7ais (OQTF).<\/p>\n<p class=\" wall-content\">Personnalisez votre actualit\u00e9 en ajoutant vos villes et m\u00e9dias en favori avec <a href=\"https:\/\/moncompte.actu.fr\" title=\"D\u00e9couvez Mon Actu\" rel=\"nofollow noopener\" data-trk=\"{&quot;cta&quot;:{&quot;action&quot;:&quot;https:\\\/\\\/moncompte.actu.fr&quot;,&quot;category&quot;:&quot;mon compte&quot;,&quot;from&quot;:&quot;article footer&quot;,&quot;name&quot;:&quot;Mon actu&quot;,&quot;type&quot;:&quot;cta&quot;}}\" target=\"_blank\">Mon Actu<\/a>.<\/p>\n","protected":false},"excerpt":{"rendered":"Par Charlotte Lesprit Publi\u00e9 le 18 ao\u00fbt 2025 \u00e0 12h05 Un individu en cale\u00e7on s\u2019est introduit dans la&hellip;\n","protected":false},"author":2,"featured_media":326846,"comment_status":"","ping_status":"","sticky":false,"template":"","format":"standard","meta":{"footnotes":""},"categories":[2817],"tags":[1111,11,1997,1777,674,118,1011,27,12,2219,25,799],"class_list":{"0":"post-326845","1":"post","2":"type-post","3":"status-publish","4":"format-standard","5":"has-post-thumbnail","7":"category-bordeaux","8":"tag-actu","9":"tag-actualites","10":"tag-bordeaux","11":"tag-eu","12":"tag-europe","13":"tag-faits-divers","14":"tag-fr","15":"tag-france","16":"tag-news","17":"tag-nouvelle-aquitaine","18":"tag-republique-francaise","19":"tag-violences-sexuelles"},"share_on_mastodon":{"url":"https:\/\/pubeurope.com\/@fr\/115049284445397928","error":""},"_links":{"self":[{"href":"https:\/\/www.europesays.com\/fr\/wp-json\/wp\/v2\/posts\/326845","targetHints":{"allow":["GET"]}}],"collection":[{"href":"https:\/\/www.europesays.com\/fr\/wp-json\/wp\/v2\/posts"}],"about":[{"href":"https:\/\/www.europesays.com\/fr\/wp-json\/wp\/v2\/types\/post"}],"author":[{"embeddable":true,"href":"https:\/\/www.europesays.com\/fr\/wp-json\/wp\/v2\/users\/2"}],"replies":[{"embeddable":true,"href":"https:\/\/www.europesays.com\/fr\/wp-json\/wp\/v2\/comments?post=326845"}],"version-history":[{"count":0,"href":"https:\/\/www.europesays.com\/fr\/wp-json\/wp\/v2\/posts\/326845\/revisions"}],"wp:featuredmedia":[{"embeddable":true,"href":"https:\/\/www.europesays.com\/fr\/wp-json\/wp\/v2\/media\/326846"}],"wp:attachment":[{"href":"https:\/\/www.europesays.com\/fr\/wp-json\/wp\/v2\/media?parent=326845"}],"wp:term":[{"taxonomy":"category","embeddable":true,"href":"https:\/\/www.europesays.com\/fr\/wp-json\/wp\/v2\/categories?post=326845"},{"taxonomy":"post_tag","embeddable":true,"href":"https:\/\/www.europesays.com\/fr\/wp-json\/wp\/v2\/tags?post=326845"}],"curies":[{"name":"wp","href":"https:\/\/api.w.org\/{rel}","templated":true}]}}