{"id":326847,"date":"2025-08-18T10:25:10","date_gmt":"2025-08-18T10:25:10","guid":{"rendered":"https:\/\/www.europesays.com\/fr\/326847\/"},"modified":"2025-08-18T10:25:10","modified_gmt":"2025-08-18T10:25:10","slug":"une-enquete-en-cours-apres-des-tirs-de-kalachnikov-dans-la-cite-des-aubiers","status":"publish","type":"post","link":"https:\/\/www.europesays.com\/fr\/326847\/","title":{"rendered":"une enqu\u00eate en cours apr\u00e8s des tirs de kalachnikov dans la cit\u00e9 des Aubiers"},"content":{"rendered":"<p>Plus d\u2019une vingtaine de douilles de calibre 7,62 millim\u00e8tres ont \u00e9t\u00e9 retrouv\u00e9es dans la cit\u00e9 bordelaise, dimanche matin. La piste d\u2019un r\u00e8glement de comptes sur fond de trafic de drogue est privil\u00e9gi\u00e9e par les enqu\u00eateurs.<\/p>\n<p class=\"fig-paragraph\">Les riverains de la place Ginette-Neveu, \u00e0 Bordeaux, ont \u00e9t\u00e9 r\u00e9veill\u00e9s par des\u00a0<a href=\"http:\/\/www.lefigaro.fr\/bordeaux\/ils-nous-ont-tires-comme-des-lapins-un-bordelais-rescape-d-une-fusillade-meurtriere-dans-la-cite-des-aubiers-se-confie-quatre-ans-apres-20250109\" data-fig-type=\"NewsFlash\" data-gtm-custom-categorie=\"navigation\" data-gtm-custom-action=\"crossclick\" data-gtm-custom-label=\"Contextuel\" data-gtm-event=\"customEventSPE\" data-fig-domain=\"LEFIGARO\" target=\"_blank\" rel=\"noopener\">tirs de kalachnikov<\/a>\u00a0aux alentours de 2 heures du matin dimanche. Plus d\u2019une vingtaine de douilles de calibre 7,62 millim\u00e8tres ont \u00e9t\u00e9 retrouv\u00e9es dans la\u00a0<a href=\"https:\/\/www.lefigaro.fr\/actualite-france\/2018\/09\/18\/01016-20180918ARTFIG00318--bordeaux-la-promesse-d-un-bras-de-fer-avec-les-trafiquants-des-aubiers.php\" data-fig-type=\"Article\" data-gtm-custom-categorie=\"navigation\" data-gtm-custom-action=\"crossclick\" data-gtm-custom-label=\"Contextuel\" data-gtm-event=\"customEventSPE\" data-fig-domain=\"LEFIGARO\" target=\"_blank\" rel=\"noopener\">cit\u00e9 des Aubiers<\/a>\u00a0&#8211; qui jouxte le\u00a0<a href=\"http:\/\/www.lefigaro.fr\/bordeaux\/bordeaux-sous-le-choc-apres-l-agression-d-une-grand-mere-et-de-sa-petite-fille-20230620\" data-fig-type=\"NewsFlash\" data-gtm-custom-categorie=\"navigation\" data-gtm-custom-action=\"crossclick\" data-gtm-custom-label=\"Contextuel\" data-gtm-event=\"customEventSPE\" data-fig-domain=\"LEFIGARO\" target=\"_blank\" rel=\"noopener\">quartier cossu des Chartrons<\/a>. Selon nos sources, les tirs visaient un domicile situ\u00e9 au rez-de-chauss\u00e9e d\u2019un des blocs HLM. Aucun bless\u00e9 n\u2019est \u00e0 d\u00e9plorer. En revanche, un voisin qui ne semble pas li\u00e9 aux faits a retrouv\u00e9 une balle perdue dans son appartement.<\/p>\n<p class=\"fig-paragraph\">Une enqu\u00eate a \u00e9t\u00e9 ouverte des chefs de \u00abd\u00e9gradations\u00bb et \u00abmise en danger de la vie d\u2019autrui\u00bb. Elle est confi\u00e9e \u00e0 la Division de la criminalit\u00e9 organis\u00e9e et sp\u00e9cialis\u00e9e (DCOS) de la police nationale de Bordeaux. D\u2019apr\u00e8s les premiers \u00e9l\u00e9ments de l\u2019enqu\u00eate, le voisinage est peu bavard. Des recherches ADN sur les douilles qui ont \u00e9t\u00e9 retrouv\u00e9es et l\u2019analyse de la vid\u00e9osurveillance sont en cours. Au regard des lieux et de l\u2019horaire des tirs, la piste d\u2019un r\u00e8glement de comptes criminel sur fond de trafic de drogue est privil\u00e9gi\u00e9e par les enqu\u00eateurs.<\/p>\n","protected":false},"excerpt":{"rendered":"Plus d\u2019une vingtaine de douilles de calibre 7,62 millim\u00e8tres ont \u00e9t\u00e9 retrouv\u00e9es dans la cit\u00e9 bordelaise, dimanche matin.&hellip;\n","protected":false},"author":2,"featured_media":326848,"comment_status":"","ping_status":"","sticky":false,"template":"","format":"standard","meta":{"footnotes":""},"categories":[2817],"tags":[1111,11,1997,1777,674,1011,27,12,2219,25,887],"class_list":{"0":"post-326847","1":"post","2":"type-post","3":"status-publish","4":"format-standard","5":"has-post-thumbnail","7":"category-bordeaux","8":"tag-actu","9":"tag-actualites","10":"tag-bordeaux","11":"tag-eu","12":"tag-europe","13":"tag-fr","14":"tag-france","15":"tag-news","16":"tag-nouvelle-aquitaine","17":"tag-republique-francaise","18":"tag-trafic-de-drogue"},"share_on_mastodon":{"url":"https:\/\/pubeurope.com\/@fr\/115049288394668890","error":""},"_links":{"self":[{"href":"https:\/\/www.europesays.com\/fr\/wp-json\/wp\/v2\/posts\/326847","targetHints":{"allow":["GET"]}}],"collection":[{"href":"https:\/\/www.europesays.com\/fr\/wp-json\/wp\/v2\/posts"}],"about":[{"href":"https:\/\/www.europesays.com\/fr\/wp-json\/wp\/v2\/types\/post"}],"author":[{"embeddable":true,"href":"https:\/\/www.europesays.com\/fr\/wp-json\/wp\/v2\/users\/2"}],"replies":[{"embeddable":true,"href":"https:\/\/www.europesays.com\/fr\/wp-json\/wp\/v2\/comments?post=326847"}],"version-history":[{"count":0,"href":"https:\/\/www.europesays.com\/fr\/wp-json\/wp\/v2\/posts\/326847\/revisions"}],"wp:featuredmedia":[{"embeddable":true,"href":"https:\/\/www.europesays.com\/fr\/wp-json\/wp\/v2\/media\/326848"}],"wp:attachment":[{"href":"https:\/\/www.europesays.com\/fr\/wp-json\/wp\/v2\/media?parent=326847"}],"wp:term":[{"taxonomy":"category","embeddable":true,"href":"https:\/\/www.europesays.com\/fr\/wp-json\/wp\/v2\/categories?post=326847"},{"taxonomy":"post_tag","embeddable":true,"href":"https:\/\/www.europesays.com\/fr\/wp-json\/wp\/v2\/tags?post=326847"}],"curies":[{"name":"wp","href":"https:\/\/api.w.org\/{rel}","templated":true}]}}