{"id":326851,"date":"2025-08-18T10:27:13","date_gmt":"2025-08-18T10:27:13","guid":{"rendered":"https:\/\/www.europesays.com\/fr\/326851\/"},"modified":"2025-08-18T10:27:13","modified_gmt":"2025-08-18T10:27:13","slug":"le-secteur-ou-il-va-le-plus-pleuvoir","status":"publish","type":"post","link":"https:\/\/www.europesays.com\/fr\/326851\/","title":{"rendered":"le secteur o\u00f9 il va le plus pleuvoir"},"content":{"rendered":"<p>            Par<br \/>\n        <strong><br \/>\n            <a href=\"https:\/\/actu.fr\/auteur\/david-saint-sernin\" title=\"Consulter tous les articles de David Saint-Sernin\" target=\"_blank\" rel=\"noopener\">David Saint-Sernin<\/a><br \/>\n        <\/strong><\/p>\n<p>        Publi\u00e9 le<\/p>\n<p>            18 ao\u00fbt 2025 \u00e0 12h21        <\/p>\n<p>\u00c0<a href=\"https:\/\/actu.fr\/toulouse\/\" target=\"_blank\" rel=\"noopener\"> Toulouse<\/a> et en Haute-Garonne,<a href=\"https:\/\/actu.fr\/occitanie\/toulouse_31555\/c-est-tout-simplement-historique-les-jours-de-canicule-s-enchainent-a-toulouse-a-quand-la-fin_63042138.html\" target=\"_blank\" rel=\"noopener\"> la canicule<\/a> est d\u00e9sormais derri\u00e8re nous. Ce lundi 18\u00a0ao\u00fbt 2025, l\u2019air est \u00e0 nouveau respirable dans la Ville rose. Et ce sont m\u00eame <a href=\"https:\/\/actu.fr\/occitanie\/toulouse_31555\/alerte-rouge-canicule-des-orages-se-profilent-en-haute-garonne-ou-et-quand-ils-devraient-tomber_63025891.html\" target=\"_blank\" rel=\"noopener\">des orages<\/a> qui sont d\u00e9sormais annonc\u00e9s d\u00e8s les prochaines heures. On fait le point.<\/p>\n<p>Premiers orages d\u00e8s ce lundi<\/p>\n<p class=\" wall-content\">\u00ab\u2009C\u2019est<strong> un temps orageux <\/strong>classique pour la saison qui s\u2019installe en Haute-Garonne, annonce M\u00e9t\u00e9o France \u00e0 Actu Toulouse. Les orages ont d\u00e9but\u00e9 sur l\u2019ouest de la r\u00e9gion Occitanie. Ce sont des averses orageuses que l\u2019on retrouve sur le d\u00e9partement du Gers ce lundi matin, et qui vont se d\u00e9caler vers la Haute-Garonne d\u00e8s lundi apr\u00e8s-midi. Cela ne sera pas tr\u00e8s significatif en termes de pr\u00e9cipitation\u2009\u00bb.<\/p>\n<p class=\" wall-content\">Ce lundi, c\u2019est le sud du d\u00e9partement qui sera principalement concern\u00e9\u2009: le Luchonnais et le secteur de Boulogne-sur-Gesse.<\/p>\n<p>    <img   decoding=\"async\" loading=\"lazy\" src=\"https:\/\/www.europesays.com\/fr\/wp-content\/uploads\/2025\/08\/capture-decran-2025-08-18-111624-770x640.png\" alt=\"Les premiers orages vont \u00e9clater au sud du d\u00e9partement lundi 18 aout 2025.\" width=\"770\" height=\"640\"\/><br \/>\n    Les premiers orages vont \u00e9clater au sud du d\u00e9partement lundi\u00a018 ao\u00fbt 2025. (\u00a9M\u00e9t\u00e9o France)Orages au nord du d\u00e9partement, Toulouse serait arros\u00e9e<\/p>\n<p class=\" wall-content\">Ce mardi, d\u2019autres secteurs la Haute-Garonne seront arros\u00e9s selon les pr\u00e9visions de M\u00e9t\u00e9o France.<\/p>\n<p class=\" wall-content\">\u00ab\u2009Les pluies les plus significatives seront situ\u00e9es <strong>sur la moiti\u00e9 nord du d\u00e9partement<\/strong>. Toulouse sera arros\u00e9e mais il n\u2019y aura pas de gros cumuls\u2009\u00bb, d\u00e9taille M\u00e9t\u00e9o France aupr\u00e8s d\u2019Actu Toulouse.<\/p>\n<p>Vid\u00e9os : en ce moment sur Actu<\/p>\n<p class=\" wall-content\">Une premi\u00e8re d\u00e9gradation orageuse traverserait la moiti\u00e9 nord de la Haute-Garonne dans la matin\u00e9e avec des pluies assez faibles.<\/p>\n<p class=\" wall-content\">Des cellules orageuses plus importantes se d\u00e9velopperaient en fin d\u2019apr\u00e8s-midi, vers 18h-19h, plus particuli\u00e8rement sur la moiti\u00e9 nord, du d\u00e9partement. <strong>C\u2019est dans le Frontonnais que les pluies seront les plus cons\u00e9quentes. <\/strong>Mais les cumuls ne d\u00e9passeraient pas les 10 mm sur la soir\u00e9e.\u00a0<\/p>\n<p>Votre r\u00e9gion, votre actu !<\/p>\n<p>Recevez chaque jour les infos qui comptent pour vous.<\/p>\n<p>\t<a href=\"https:\/\/actu.fr\/newsletter\" class=\"ac-btn ac-btn--corner ac-btn--medium ac-btn--blue800\" target=\"_blank\" rel=\"noopener\">S&rsquo;incrire<\/a><\/p>\n<p>    <img   decoding=\"async\" loading=\"lazy\" src=\"https:\/\/www.europesays.com\/fr\/wp-content\/uploads\/2025\/08\/capture-decran-2025-08-18-112043-794x640.png\" alt=\"Les pr\u00e9cipitations orageuses seront les plus importantes en Haute-Garonne, le mardi 19 ao\u00fbt 2025.\" width=\"794\" height=\"640\"\/><br \/>\n    Les pr\u00e9cipitations orageuses seront les plus importantes en Haute-Garonne, le mardi 19\u00a0ao\u00fbt 2025. (\u00a9M\u00e9t\u00e9o France)La Haute-Garonne en vigilance jaune aux orages<\/p>\n<p class=\" wall-content\">La Haute-Garonne a \u00e9t\u00e9 plac\u00e9e <strong>en vigilance jaune aux orages<\/strong> par M\u00e9t\u00e9o France pour les journ\u00e9es de lundi et mardi. Sans que des ph\u00e9nom\u00e8nes violents, avec gr\u00eale et rafales de vent soient attendus.<\/p>\n<p class=\" wall-content\">\n<p class=\" wall-content\">Ce sont les classiques orages d\u2019apr\u00e8s 15\u00a0ao\u00fbt qui vont \u00e9clater chez nous apr\u00e8s <a href=\"https:\/\/actu.fr\/occitanie\/toulouse_31555\/meteo-une-canicule-interminable-a-toulouse-et-en-occitanie-jusqu-a-41-c-annonces_63043467.html\" target=\"_blank\" rel=\"noopener\">une canicule extr\u00eame<\/a> sur la r\u00e9gion Occitanie.<\/p>\n<p>Des temp\u00e9ratures en fortes baisses<\/p>\n<p class=\" wall-content\">Des orages qui continueront d\u2019\u00e9clater dans la nuit de mardi \u00e0 mercredi, puis mercredi.<\/p>\n<p class=\" wall-content\">Avec des temp\u00e9ratures en fortes baisses\u2009: sous les orages, <strong>les temp\u00e9ratures ne d\u00e9passeront pas les 22\u00b0<\/strong>.<\/p>\n<p class=\" wall-content\">\n<p class=\" wall-content\">Personnalisez votre actualit\u00e9 en ajoutant vos villes et m\u00e9dias en favori avec <a href=\"https:\/\/moncompte.actu.fr\" title=\"D\u00e9couvez Mon Actu\" rel=\"nofollow noopener\" data-trk=\"{&quot;cta&quot;:{&quot;action&quot;:&quot;https:\\\/\\\/moncompte.actu.fr&quot;,&quot;category&quot;:&quot;mon compte&quot;,&quot;from&quot;:&quot;article footer&quot;,&quot;name&quot;:&quot;Mon actu&quot;,&quot;type&quot;:&quot;cta&quot;}}\" target=\"_blank\">Mon Actu<\/a>.<\/p>\n","protected":false},"excerpt":{"rendered":"Par David Saint-Sernin Publi\u00e9 le 18 ao\u00fbt 2025 \u00e0 12h21 \u00c0 Toulouse et en Haute-Garonne, la canicule est&hellip;\n","protected":false},"author":2,"featured_media":326852,"comment_status":"","ping_status":"","sticky":false,"template":"","format":"standard","meta":{"footnotes":""},"categories":[2816],"tags":[1111,11,6698,1777,674,1011,27,2357,12,2680,4594,25,104,2312],"class_list":{"0":"post-326851","1":"post","2":"type-post","3":"status-publish","4":"format-standard","5":"has-post-thumbnail","7":"category-toulouse","8":"tag-actu","9":"tag-actualites","10":"tag-canicule","11":"tag-eu","12":"tag-europe","13":"tag-fr","14":"tag-france","15":"tag-meteo-france","16":"tag-news","17":"tag-occitanie","18":"tag-orages","19":"tag-republique-francaise","20":"tag-societe","21":"tag-toulouse"},"share_on_mastodon":{"url":"https:\/\/pubeurope.com\/@fr\/115049296280487961","error":""},"_links":{"self":[{"href":"https:\/\/www.europesays.com\/fr\/wp-json\/wp\/v2\/posts\/326851","targetHints":{"allow":["GET"]}}],"collection":[{"href":"https:\/\/www.europesays.com\/fr\/wp-json\/wp\/v2\/posts"}],"about":[{"href":"https:\/\/www.europesays.com\/fr\/wp-json\/wp\/v2\/types\/post"}],"author":[{"embeddable":true,"href":"https:\/\/www.europesays.com\/fr\/wp-json\/wp\/v2\/users\/2"}],"replies":[{"embeddable":true,"href":"https:\/\/www.europesays.com\/fr\/wp-json\/wp\/v2\/comments?post=326851"}],"version-history":[{"count":0,"href":"https:\/\/www.europesays.com\/fr\/wp-json\/wp\/v2\/posts\/326851\/revisions"}],"wp:featuredmedia":[{"embeddable":true,"href":"https:\/\/www.europesays.com\/fr\/wp-json\/wp\/v2\/media\/326852"}],"wp:attachment":[{"href":"https:\/\/www.europesays.com\/fr\/wp-json\/wp\/v2\/media?parent=326851"}],"wp:term":[{"taxonomy":"category","embeddable":true,"href":"https:\/\/www.europesays.com\/fr\/wp-json\/wp\/v2\/categories?post=326851"},{"taxonomy":"post_tag","embeddable":true,"href":"https:\/\/www.europesays.com\/fr\/wp-json\/wp\/v2\/tags?post=326851"}],"curies":[{"name":"wp","href":"https:\/\/api.w.org\/{rel}","templated":true}]}}