{"id":326853,"date":"2025-08-18T10:29:10","date_gmt":"2025-08-18T10:29:10","guid":{"rendered":"https:\/\/www.europesays.com\/fr\/326853\/"},"modified":"2025-08-18T10:29:10","modified_gmt":"2025-08-18T10:29:10","slug":"pas-de-trains-entre-lille-et-lens-le-week-end-du-23-aout-des-bus-de-substitution-mis-en-place","status":"publish","type":"post","link":"https:\/\/www.europesays.com\/fr\/326853\/","title":{"rendered":"pas de trains entre Lille et Lens le week-end du 23 ao\u00fbt, des bus de substitution mis en place"},"content":{"rendered":"<p>La circulation des TER K51 et C41 sera interrompue entre Lille et Lens, du samedi 23 ao\u00fbt \u00e0 18h au dimanche 24 ao\u00fbt \u00e0 9h30, en raison de travaux de renouvellement des voies. Des bus de substitution assureront la liaison, a annonc\u00e9 la SNCF.<\/p>\n<p>\n      L\u2019actu des r\u00e9gions\n    <\/p>\n<p>\n      Chaque jour, un tour d\u2019horizon des principales infos de toutes les r\u00e9gions.\n    <\/p>\n<p>    France T\u00e9l\u00e9visions utilise votre adresse e-mail afin de vous envoyer la newsletter \u00ab\u00a0L\u2019actu des r\u00e9gions\u00a0\u00bb. Vous pouvez vous d\u00e9sinscrire \u00e0 tout moment via le lien en bas de cette newsletter. <a target=\"_blank\" href=\"https:\/\/www.francetelevisions.fr\/groupe\/confidentialite\/politique-de-confidentialite\/politique-de-confidentialite-de-france-televisions-6503\" rel=\"nofollow noopener\">Notre politique de confidentialit\u00e9<\/a><\/p>\n<p>Si vous comptez partir en week-end vers Lens, prudence, des travaux de renouvellement des voies vont \u00eatre r\u00e9alis\u00e9s sur la ligne TER entre Lille Flandres et Lens (via Don et Libercourt) le week-end du 23 et 24 ao\u00fbt 2025, annonce la SNCF.  <\/p>\n<p>Par cons\u00e9quent, les lignes de TER K51 et C41 ne circuleront pas entre le samedi 23 ao\u00fbt \u00e0 18 h et le dimanche 24 ao\u00fbt \u00e0 9 h 30.  <\/p>\n<p>Des bus de substitutions seront mis en place durant le d\u00e9lai de perturbation. <\/p>\n","protected":false},"excerpt":{"rendered":"La circulation des TER K51 et C41 sera interrompue entre Lille et Lens, du samedi 23 ao\u00fbt \u00e0&hellip;\n","protected":false},"author":2,"featured_media":326854,"comment_status":"","ping_status":"","sticky":false,"template":"","format":"standard","meta":{"footnotes":""},"categories":[2815],"tags":[1111,11,1777,674,1011,27,811,1307,12,25],"class_list":{"0":"post-326853","1":"post","2":"type-post","3":"status-publish","4":"format-standard","5":"has-post-thumbnail","7":"category-lille","8":"tag-actu","9":"tag-actualites","10":"tag-eu","11":"tag-europe","12":"tag-fr","13":"tag-france","14":"tag-hauts-de-france","15":"tag-lille","16":"tag-news","17":"tag-republique-francaise"},"share_on_mastodon":{"url":"https:\/\/pubeurope.com\/@fr\/115049304151238530","error":""},"_links":{"self":[{"href":"https:\/\/www.europesays.com\/fr\/wp-json\/wp\/v2\/posts\/326853","targetHints":{"allow":["GET"]}}],"collection":[{"href":"https:\/\/www.europesays.com\/fr\/wp-json\/wp\/v2\/posts"}],"about":[{"href":"https:\/\/www.europesays.com\/fr\/wp-json\/wp\/v2\/types\/post"}],"author":[{"embeddable":true,"href":"https:\/\/www.europesays.com\/fr\/wp-json\/wp\/v2\/users\/2"}],"replies":[{"embeddable":true,"href":"https:\/\/www.europesays.com\/fr\/wp-json\/wp\/v2\/comments?post=326853"}],"version-history":[{"count":0,"href":"https:\/\/www.europesays.com\/fr\/wp-json\/wp\/v2\/posts\/326853\/revisions"}],"wp:featuredmedia":[{"embeddable":true,"href":"https:\/\/www.europesays.com\/fr\/wp-json\/wp\/v2\/media\/326854"}],"wp:attachment":[{"href":"https:\/\/www.europesays.com\/fr\/wp-json\/wp\/v2\/media?parent=326853"}],"wp:term":[{"taxonomy":"category","embeddable":true,"href":"https:\/\/www.europesays.com\/fr\/wp-json\/wp\/v2\/categories?post=326853"},{"taxonomy":"post_tag","embeddable":true,"href":"https:\/\/www.europesays.com\/fr\/wp-json\/wp\/v2\/tags?post=326853"}],"curies":[{"name":"wp","href":"https:\/\/api.w.org\/{rel}","templated":true}]}}