{"id":326855,"date":"2025-08-18T10:30:11","date_gmt":"2025-08-18T10:30:11","guid":{"rendered":"https:\/\/www.europesays.com\/fr\/326855\/"},"modified":"2025-08-18T10:30:11","modified_gmt":"2025-08-18T10:30:11","slug":"sans-permis-il-sengage-dans-une-course-poursuite-entre-les-pennes-mirabeau-et-marseille","status":"publish","type":"post","link":"https:\/\/www.europesays.com\/fr\/326855\/","title":{"rendered":"Sans permis, il s&rsquo;engage dans une course-poursuite entre les Pennes Mirabeau et Marseille"},"content":{"rendered":"<p>Peu apr\u00e8s minuit, le 12\u00a0juillet\u00a02025, des policiers voient passer un conducteur \u00e0 vive allure, driftant autour d\u2019un rond-point aux <a href=\"https:\/\/www.laprovence.com\/article\/faits-divers-justice\/2722945655687614\/chute-dune-personne-dun-pont-autoroutier-sur-la7-a-la-sortie-de-marseille-ce-jeudi-matin\" target=\"_blank\" rel=\"noopener\">Pennes-Mirabeau<\/a>. Contr\u00f4le envisag\u00e9, plaque scann\u00e9e\u00a0: le v\u00e9hicule est signal\u00e9 vol\u00e9 depuis le 8\u00a0avril. Le gyrophare et les avertisseurs sonores sont enclench\u00e9s, mais le conducteur refuse d\u2019obtemp\u00e9rer.<\/p>\n<p>\u00c0 bord, Abdelkader C., 23\u00a0ans, Marseillais, sans permis \u2013 annul\u00e9 pour solde de points nul \u2013, il <a href=\"https:\/\/www.laprovence.com\/article\/faits-divers-justice\/1515420715011114\/marseille-percutee-lors-dune-course-poursuite-une-voiture-de-police-fait-un-tonneau-a-la-busserine\" target=\"_blank\" rel=\"noopener\">engage une fuite dangereuse\u00a0<\/a>: conduite \u00e0 contresens sur l\u2019A55, fausse sortie \u00e0 l\u2019Estaque, nouvelle tentative \u00e0 contresens sur une bretelle, puis demi-tour face \u00e0 un barrage de police pour repartir sur l\u2019A7.<\/p>\n<p>Les v\u00e9hicules crois\u00e9s doivent l\u2019\u00e9viter. La<a href=\"https:\/\/www.laprovence.com\/article\/gaming\/2749861356258615\/gta-6-le-jeu-video-grand-theft-auto-vi-sortira-a-lautomne-2025\" target=\"_blank\" rel=\"noopener\"> course-poursuite digne du jeu vid\u00e9o GTA<\/a> dure 25 minutes, mobilisant de nombreux \u00e9quipages, jusqu\u2019\u00e0 ce qu\u2019il s\u2019arr\u00eate, encercl\u00e9.<\/p>\n<p>Il reconna\u00eet les faits<\/p>\n<p>Positif au cannabis, le jeune homme reconna\u00eet les faits\u00a0: \u00ab\u00a0Je savais que je n\u2019avais pas le permis\u00a0\u00bb. Il explique <a href=\"https:\/\/www.laprovence.com\/article\/region\/3000142293819615\/tribunal-judiciaire-daix-en-provence-la-justice-ne-va-pas-bien\" target=\"_blank\" rel=\"noopener\">\u00e0 la barre du tribunal<\/a> avoir utilis\u00e9 la voiture pr\u00eat\u00e9e par un ami d\u2019ami pour travailler comme chauffeur VTC et y dormir\u2026 et ne lui a finalement jamais rendu le v\u00e9hicule. Le propri\u00e9taire a port\u00e9 plainte pour abus de confiance.<\/p>\n<p>Son casier judiciaire est vierge, et l\u2019enqu\u00eate sociale a soulign\u00e9 qu\u2019il a \u00e9t\u00e9 exclu du domicile familial peu de temps auparavant \u00e0 cause de son comportement agressif et violent. La d\u00e9fense, Maitre Guennoun, le d\u00e9crit comme un primo-d\u00e9linquant, qui a depuis, r\u00e9int\u00e9gr\u00e9 le domicile familial \u00ab\u00a0avec une structure qui permet d\u2019\u00eatre optimiste pour la suite\u00a0\u00bb.<\/p>\n<p>Prison avec sursis<\/p>\n<p>Le minist\u00e8re public d\u00e9nonce \u00ab\u00a0un comportement mettant en danger l\u2019ensemble des usagers de la route. Mais qu\u2019est-ce qui lui a pris\u00a0?, interroge-t-il, il aurait pu payer l\u2019amende et en rester l\u00e0. Mais non il a fait le choix de se lancer dans une <a href=\"https:\/\/www.laprovence.com\/article\/faits-divers-justice\/1515420715011114\/marseille-percutee-lors-dune-course-poursuite-une-voiture-de-police-fait-un-tonneau-a-la-busserine\" target=\"_blank\" rel=\"noopener\">course-poursuite<\/a> \u00e0 tambour battant\u00a0\u00bb. Il requiert 18 mois de prison avec sursis probatoire.<\/p>\n<p>Le tribunal correctionnel d\u2019Aix-en-Provence a d\u00e9cid\u00e9 de suivre ses r\u00e9quisitions. Le pr\u00e9venu est condamn\u00e9 \u00e0 18 mois de prison avec sursis probatoire pendant deux ans.<\/p>\n","protected":false},"excerpt":{"rendered":"Peu apr\u00e8s minuit, le 12\u00a0juillet\u00a02025, des policiers voient passer un conducteur \u00e0 vive allure, driftant autour d\u2019un rond-point&hellip;\n","protected":false},"author":2,"featured_media":326856,"comment_status":"","ping_status":"","sticky":false,"template":"","format":"standard","meta":{"footnotes":""},"categories":[2814],"tags":[17,1111,11,1102,12930,1446,2834,1777,674,274,1011,27,884,12,9121,882,25,27558,4561,96],"class_list":{"0":"post-326855","1":"post","2":"type-post","3":"status-publish","4":"format-standard","5":"has-post-thumbnail","7":"category-marseille","8":"tag-17","9":"tag-actu","10":"tag-actualites","11":"tag-breakingnews","12":"tag-course-poursuite","13":"tag-dans","14":"tag-entre","15":"tag-eu","16":"tag-europe","17":"tag-faits-divers-justice","18":"tag-fr","19":"tag-france","20":"tag-marseille","21":"tag-news","22":"tag-permis","23":"tag-provence-alpes-cote-dazur","24":"tag-republique-francaise","25":"tag-sengage","26":"tag-sans","27":"tag-une"},"share_on_mastodon":{"url":"https:\/\/pubeurope.com\/@fr\/115049308046554409","error":""},"_links":{"self":[{"href":"https:\/\/www.europesays.com\/fr\/wp-json\/wp\/v2\/posts\/326855","targetHints":{"allow":["GET"]}}],"collection":[{"href":"https:\/\/www.europesays.com\/fr\/wp-json\/wp\/v2\/posts"}],"about":[{"href":"https:\/\/www.europesays.com\/fr\/wp-json\/wp\/v2\/types\/post"}],"author":[{"embeddable":true,"href":"https:\/\/www.europesays.com\/fr\/wp-json\/wp\/v2\/users\/2"}],"replies":[{"embeddable":true,"href":"https:\/\/www.europesays.com\/fr\/wp-json\/wp\/v2\/comments?post=326855"}],"version-history":[{"count":0,"href":"https:\/\/www.europesays.com\/fr\/wp-json\/wp\/v2\/posts\/326855\/revisions"}],"wp:featuredmedia":[{"embeddable":true,"href":"https:\/\/www.europesays.com\/fr\/wp-json\/wp\/v2\/media\/326856"}],"wp:attachment":[{"href":"https:\/\/www.europesays.com\/fr\/wp-json\/wp\/v2\/media?parent=326855"}],"wp:term":[{"taxonomy":"category","embeddable":true,"href":"https:\/\/www.europesays.com\/fr\/wp-json\/wp\/v2\/categories?post=326855"},{"taxonomy":"post_tag","embeddable":true,"href":"https:\/\/www.europesays.com\/fr\/wp-json\/wp\/v2\/tags?post=326855"}],"curies":[{"name":"wp","href":"https:\/\/api.w.org\/{rel}","templated":true}]}}