{"id":326857,"date":"2025-08-18T10:31:09","date_gmt":"2025-08-18T10:31:09","guid":{"rendered":"https:\/\/www.europesays.com\/fr\/326857\/"},"modified":"2025-08-18T10:31:09","modified_gmt":"2025-08-18T10:31:09","slug":"avant-meme-son-ouverture-le-nouveau-batiment-de-la-prison-de-marseille-deja-surpeuple","status":"publish","type":"post","link":"https:\/\/www.europesays.com\/fr\/326857\/","title":{"rendered":"avant m\u00eame son ouverture, le nouveau b\u00e2timent de la prison de Marseille d\u00e9j\u00e0 surpeupl\u00e9 ?"},"content":{"rendered":"<p class=\"intro \">Manque criant de personnels, risques de surpopulation et climat de violence redout\u00e9 : syndicats et soignants tirent la sonnette d\u2019alarme \u00e0 quelques mois de l\u2019ouverture du nouveau b\u00e2timent des Baumettes. Pr\u00e9vue initialement en septembre, l\u2019inauguration devrait finalement \u00eatre report\u00e9e \u00e0 novembre.<\/p>\n<p>Pas encore ouvert mais d\u00e9j\u00e0 vivement critiqu\u00e9. Le nouveau b\u00e2timent des Baumettes, maison d&rsquo;arr\u00eat de <a href=\"https:\/\/www.europe1.fr\/dossiers\/marseille\" rel=\"nofollow noopener\" target=\"_blank\">Marseille<\/a>,\u00a0 doit, sur le papier, am\u00e9liorer un probl\u00e8me de surpopulation carc\u00e9rale qui tourne autour des 200%. Nomm\u00e9 \u00ab\u00a0Baumettes 3\u00a0\u00bb,\u00a0\u00a0les professionnels alertent sur une catastrophe annonc\u00e9e.<\/p>\n<p>    La suite apr\u00e8s cette publicit\u00e9<\/p>\n<p>    La suite apr\u00e8s cette publicit\u00e9<\/p>\n<p>Des professionnels d\u00e9noncent une ouverture \u00e0 marche forc\u00e9e alors que rien ne serait encore pr\u00eat. Paul Courtaro, secr\u00e9taire g\u00e9n\u00e9ral CGT p\u00e9nitentiaire PACA-Corse, se dit tr\u00e8s inquiet. \u00ab\u00a0On\u00a0 va droit dans le mur. Il manque 100 personnels aujourd&rsquo;hui pour ouvrir B3. C&rsquo;est beaucoup pr\u00e9cipit\u00e9, oui. D&rsquo;abord parce que pour ouvrir une prison, il faut mettre en route tout un sch\u00e9ma organisationnel pendant des mois'\u00a0\u00bb, t\u00e9moigne-t-il.<\/p>\n<p>\u00ab\u00a0Les gens sont de plus en plus agressifs\u00a0\u00bb<\/p>\n<p>En plus de ce manque de personnel, ce nouveau b\u00e2timent va lui aussi se retrouver surpeupl\u00e9 d\u00e9nonce Laurence Blisson, d\u00e9l\u00e9gu\u00e9e locale du syndicat de la magistrature. \u00ab\u00a0Le discours d\u00e9j\u00e0 de l&rsquo;administration, c&rsquo;est de dire que l&rsquo;\u00e9tablissement sera surpeupl\u00e9 dans quelques mois \u00e0 peine. On retrouvera \u00e0 nouveau ce taux de surpopulation. Et le climat d\u00e9l\u00e9t\u00e8re qui va avec\u00a0\u00bb, explique-t-elle.<\/p>\n<p>    La suite apr\u00e8s cette publicit\u00e9<\/p>\n<p>    La suite apr\u00e8s cette publicit\u00e9<\/p>\n<p>Pas assez de personnel, trop de d\u00e9tenus&#8230; Il s&rsquo;agit d&rsquo;un cocktail explosif, pour les surveillants, redoute la d\u00e9l\u00e9gu\u00e9e syndicale A\u00efcha Kelfa. \u00ab\u00a0Quand vous avez trois d\u00e9tenus dans une m\u00eame cellule de 9 m\u00e8tres carr\u00e9s, forc\u00e9ment, \u00e7a cr\u00e9e des tensions et \u00e7a cr\u00e9e des violences. Et on n&rsquo;est pas assez de personnel. Les gens sont de plus en plus agressifs et on a de plus en plus de personnes d\u00e9tenues qui ont des probl\u00e8mes psychiatriques\u00a0\u00bb, d\u00e9plore-t-elle.<\/p>\n<p>Et sur l&rsquo;aile m\u00e9dicale, les soignants recrut\u00e9s sont de nouveaux dipl\u00f4m\u00e9s, s&rsquo;alarme l&rsquo;infirmier Nour\u00e9dine Djazoun qui demande des personnels plus exp\u00e9riment\u00e9s.\u00a0Initialement pr\u00e9vue pour la rentr\u00e9e de septembre, l&rsquo;ouverture du b\u00e2timent Baumettes 3 devrait finalement se faire autour du mois de novembre prochain.<\/p>\n","protected":false},"excerpt":{"rendered":"Manque criant de personnels, risques de surpopulation et climat de violence redout\u00e9 : syndicats et soignants tirent la&hellip;\n","protected":false},"author":2,"featured_media":326858,"comment_status":"","ping_status":"","sticky":false,"template":"","format":"standard","meta":{"footnotes":""},"categories":[2814],"tags":[1111,11,1777,674,1011,27,884,12,882,25],"class_list":{"0":"post-326857","1":"post","2":"type-post","3":"status-publish","4":"format-standard","5":"has-post-thumbnail","7":"category-marseille","8":"tag-actu","9":"tag-actualites","10":"tag-eu","11":"tag-europe","12":"tag-fr","13":"tag-france","14":"tag-marseille","15":"tag-news","16":"tag-provence-alpes-cote-dazur","17":"tag-republique-francaise"},"share_on_mastodon":{"url":"https:\/\/pubeurope.com\/@fr\/115049311992995782","error":""},"_links":{"self":[{"href":"https:\/\/www.europesays.com\/fr\/wp-json\/wp\/v2\/posts\/326857","targetHints":{"allow":["GET"]}}],"collection":[{"href":"https:\/\/www.europesays.com\/fr\/wp-json\/wp\/v2\/posts"}],"about":[{"href":"https:\/\/www.europesays.com\/fr\/wp-json\/wp\/v2\/types\/post"}],"author":[{"embeddable":true,"href":"https:\/\/www.europesays.com\/fr\/wp-json\/wp\/v2\/users\/2"}],"replies":[{"embeddable":true,"href":"https:\/\/www.europesays.com\/fr\/wp-json\/wp\/v2\/comments?post=326857"}],"version-history":[{"count":0,"href":"https:\/\/www.europesays.com\/fr\/wp-json\/wp\/v2\/posts\/326857\/revisions"}],"wp:featuredmedia":[{"embeddable":true,"href":"https:\/\/www.europesays.com\/fr\/wp-json\/wp\/v2\/media\/326858"}],"wp:attachment":[{"href":"https:\/\/www.europesays.com\/fr\/wp-json\/wp\/v2\/media?parent=326857"}],"wp:term":[{"taxonomy":"category","embeddable":true,"href":"https:\/\/www.europesays.com\/fr\/wp-json\/wp\/v2\/categories?post=326857"},{"taxonomy":"post_tag","embeddable":true,"href":"https:\/\/www.europesays.com\/fr\/wp-json\/wp\/v2\/tags?post=326857"}],"curies":[{"name":"wp","href":"https:\/\/api.w.org\/{rel}","templated":true}]}}