{"id":326861,"date":"2025-08-18T10:33:13","date_gmt":"2025-08-18T10:33:13","guid":{"rendered":"https:\/\/www.europesays.com\/fr\/326861\/"},"modified":"2025-08-18T10:33:13","modified_gmt":"2025-08-18T10:33:13","slug":"lexplosion-dune-bonbonne-de-gaz-dans-un-appartement-pres-de-lyon-fait-un-mort","status":"publish","type":"post","link":"https:\/\/www.europesays.com\/fr\/326861\/","title":{"rendered":"l\u2019explosion d\u2019une bonbonne de gaz dans un appartement pr\u00e8s de Lyon fait un mort"},"content":{"rendered":"<p class=\"article-p mdl\">Dans la nuit du dimanche 17 au lundi 18 ao\u00fbt, l&rsquo;explosion d&rsquo;une bonbonne de gaz a provoqu\u00e9 un incendie dans un immeuble du quartier des Minguettes \u00e0 V\u00e9nissieux (Rh\u00f4ne), dans la banlieue sud de Lyon. Cela a entra\u00een\u00e9 <strong>la mort d\u2019un homme d\u2019environ 70 ans<\/strong>, selon la pr\u00e9fecture.<\/p>\n<p class=\"article-p mdl\">Ce dernier \u00e9tait l&rsquo;occupant de l&rsquo;appartement dans lequel l\u2019\u00e9v\u00e9nement s\u2019est produit, au quatri\u00e8me \u00e9tage de cet immeuble qui en compte sept. <strong>Les faits sont survenus aux alentours de 3 heures<\/strong>.<\/p>\n<p class=\"article-p mdl\">Neuf personnes ont \u00e9t\u00e9 transport\u00e9es \u00e0 l&rsquo;h\u00f4pital pour des examens. Environ <strong>150 personnes ont \u00e9t\u00e9 \u00e9vacu\u00e9es et regroup\u00e9es dans un centre communal<\/strong> mis \u00e0 disposition par la ville de\u00a0<a class=\"link\" href=\"https:\/\/www.rtl.fr\/actu\/justice-faits-divers\/les-infos-de-13h-venissieux-un-jeune-homme-de-19-ans-sauve-sa-famille-et-ses-voisins-lors-d-un-incendie-7900531100\" title=\"Les infos de 13h - V\u00e9nissieux : un jeune homme de 19 ans sauve sa famille et ses voisins lors d&#039;un incendie\" rel=\"nofollow noopener\" target=\"_blank\">V\u00e9nissieux<\/a>.<\/p>\n<p class=\"article-p mdl\">Une enqu\u00eate a \u00e9t\u00e9 ouverte pour identifier les circonstances de cette explosion. Elle serait d&rsquo;origine accidentelle, selon une source polici\u00e8re, cit\u00e9e par l\u2019AFP. \u00ab\u00a0Apr\u00e8s avoir proc\u00e9d\u00e9 \u00e0 des v\u00e9rifications, afin de s&rsquo;assurer de la solidit\u00e9 de l&rsquo;\u00e9difice, <strong>la moiti\u00e9 des occupants de l&rsquo;immeuble vont pouvoir r\u00e9int\u00e9grer leur logement dans la journ\u00e9e<\/strong>. Une op\u00e9ration de relogement est en cours par la commune de V\u00e9nissieux, pour le reste des r\u00e9sidents\u00a0\u00bb, a annonc\u00e9 la pr\u00e9fecture.<\/p>\n<p>    La r\u00e9daction vous recommande<\/p>\n<p class=\"s-newsletter__title\">\n                L\u2019actualit\u00e9 par la r\u00e9daction de RTL dans votre bo\u00eete mail.\n            <\/p>\n<p class=\"s-newsletter__subtitle\">\n                Gr\u00e2ce \u00e0 votre compte RTL abonnez-vous \u00e0 la newsletter RTL info pour suivre toute l&rsquo;actualit\u00e9 au quotidien\n            <\/p>\n<p>\n                                    Lire la suite\n                                <\/p>\n","protected":false},"excerpt":{"rendered":"Dans la nuit du dimanche 17 au lundi 18 ao\u00fbt, l&rsquo;explosion d&rsquo;une bonbonne de gaz a provoqu\u00e9 un&hellip;\n","protected":false},"author":2,"featured_media":326862,"comment_status":"","ping_status":"","sticky":false,"template":"","format":"standard","meta":{"footnotes":""},"categories":[1889],"tags":[1111,11,2430,1777,674,2688,107,1011,27,843,1310,2428,12,1072,25,2429],"class_list":{"0":"post-326861","1":"post","2":"type-post","3":"status-publish","4":"format-standard","5":"has-post-thumbnail","7":"category-lyon","8":"tag-actu","9":"tag-actualites","10":"tag-auvergne-rhone-alpes","11":"tag-eu","12":"tag-europe","13":"tag-explosion","14":"tag-fil-info","15":"tag-fr","16":"tag-france","17":"tag-gaz","18":"tag-incendie","19":"tag-lyon","20":"tag-news","21":"tag-police","22":"tag-republique-francaise","23":"tag-rhone"},"share_on_mastodon":{"url":"https:\/\/pubeurope.com\/@fr\/115049319826029266","error":""},"_links":{"self":[{"href":"https:\/\/www.europesays.com\/fr\/wp-json\/wp\/v2\/posts\/326861","targetHints":{"allow":["GET"]}}],"collection":[{"href":"https:\/\/www.europesays.com\/fr\/wp-json\/wp\/v2\/posts"}],"about":[{"href":"https:\/\/www.europesays.com\/fr\/wp-json\/wp\/v2\/types\/post"}],"author":[{"embeddable":true,"href":"https:\/\/www.europesays.com\/fr\/wp-json\/wp\/v2\/users\/2"}],"replies":[{"embeddable":true,"href":"https:\/\/www.europesays.com\/fr\/wp-json\/wp\/v2\/comments?post=326861"}],"version-history":[{"count":0,"href":"https:\/\/www.europesays.com\/fr\/wp-json\/wp\/v2\/posts\/326861\/revisions"}],"wp:featuredmedia":[{"embeddable":true,"href":"https:\/\/www.europesays.com\/fr\/wp-json\/wp\/v2\/media\/326862"}],"wp:attachment":[{"href":"https:\/\/www.europesays.com\/fr\/wp-json\/wp\/v2\/media?parent=326861"}],"wp:term":[{"taxonomy":"category","embeddable":true,"href":"https:\/\/www.europesays.com\/fr\/wp-json\/wp\/v2\/categories?post=326861"},{"taxonomy":"post_tag","embeddable":true,"href":"https:\/\/www.europesays.com\/fr\/wp-json\/wp\/v2\/tags?post=326861"}],"curies":[{"name":"wp","href":"https:\/\/api.w.org\/{rel}","templated":true}]}}