{"id":326867,"date":"2025-08-18T10:37:13","date_gmt":"2025-08-18T10:37:13","guid":{"rendered":"https:\/\/www.europesays.com\/fr\/326867\/"},"modified":"2025-08-18T10:37:13","modified_gmt":"2025-08-18T10:37:13","slug":"bad-omens-en-concert-au-zenith-de-paris-en-decembre-2025-news-rockurlife","status":"publish","type":"post","link":"https:\/\/www.europesays.com\/fr\/326867\/","title":{"rendered":"Bad Omens : en concert au Z\u00e9nith de Paris en d\u00e9cembre 2025 ! &#8211; News &#8211; RockUrLife"},"content":{"rendered":"<p>Apr\u00e8s avoir enflamm\u00e9 les sc\u00e8nes du monde entier avec des shows \u00e0 guichets ferm\u00e9s,\u00a0<strong>Bad Omens<\/strong>\u00a0annonce son grand retour en <strong>Europe<\/strong> cet hiver. La tourn\u00e9e\u00a0<strong>Do You Feel Love<\/strong>\u00a0passera notamment par la capitale fran\u00e7aise !<\/p>\n<p>Pr\u00e9parez-vous pour un rendez-vous explosif au\u00a0<strong>Z\u00e9nith Paris \u2013 La Villette le 2 d\u00e9cembre 2025<\/strong>.<\/p>\n<p>Le quatuor am\u00e9ricain s\u2019offrira une s\u00e9rie de\u00a013 dates\u00a0\u00e0 travers le continent, d\u00e9butant le 21 novembre \u00e0 <strong>Dublin<\/strong> et cl\u00f4turant le 12 d\u00e9cembre \u00e0 <strong>Amsterdam<\/strong>. <strong>Londres<\/strong>, <strong>Berlin<\/strong>, <strong>Bruxelles<\/strong> ou encore <strong>Zurich<\/strong> figurent \u00e9galement au programme, preuve de l\u2019aura grandissante du groupe sur la sc\u00e8ne internationale.<br \/>Pour <strong>Paris<\/strong>, l\u2019attente sera r\u00e9compens\u00e9e : <strong>Bad Omens<\/strong> foulera pour la toute premi\u00e8re fois la sc\u00e8ne du <strong>Z\u00e9nith<\/strong>, une \u00e9tape cl\u00e9 dans leur ascension fulgurante.<\/p>\n<p>Le line up sera renforc\u00e9 par\u00a0<strong>The Ghost Inside<\/strong>, v\u00e9ritables piliers du metalcore, et\u00a0<strong>Bilmuri<\/strong>, projet plus alternatif mais tout aussi intense.<\/p>\n<p>Les places seront en vente \u00e0 partir de ce vendredi 22 ao\u00fbt \u00e0 10h, <a href=\"https:\/\/www.livenation.fr\/en\/bad-omens-tickets-adp1378848\" target=\"_blank\" rel=\"noopener\">ici<\/a>.<\/p>\n<p>En parall\u00e8le de cette annonce, <strong>Bad Omens<\/strong> a d\u00e9voil\u00e9 d\u00e9but ao\u00fbt\u00a0\u201cSpecter\u201d, premier single in\u00e9dit depuis\u00a0<strong>Concrete Jungle (The OST)<\/strong>\u00a0en 2024. Avec son atmosph\u00e8re gla\u00e7ante et son clip visuel l\u00e9ch\u00e9, cor\u00e9alis\u00e9 par <strong>Noah Sebastian<\/strong>, le morceau marque une nouvelle \u00e8re artistique, plus cin\u00e9matographique que jamais. D\u00e9j\u00e0 salu\u00e9 pour son intensit\u00e9 et sa profondeur, \u201cSpecter\u201d s\u2019impose comme une promesse : le meilleur reste \u00e0 venir pour la formation am\u00e9ricaine.<\/p>\n<p>Depuis\u00a0<strong>The Death Of Peace Of Mind<\/strong>\u00a0(2022) et le succ\u00e8s mondial de \u201cJust Pretend\u201d, <strong>Bad Omens<\/strong> s\u2019est impos\u00e9 comme l\u2019un des groupes les plus captivants de la sc\u00e8ne rock\/metal moderne. Sa collaboration avec\u00a0<strong>Poppy<\/strong>\u00a0sur \u201cV.A.N.\u201d lui a m\u00eame valu le titre de chanson de l\u2019ann\u00e9e 2024 aux <strong>Rock Sound Awards<\/strong>.<\/p>\n<p>Avec un <strong>Z\u00e9nith<\/strong> qui promet de se transformer en jungle sonique et un single qui intrigue d\u00e9j\u00e0 les fans, la fin d\u2019ann\u00e9e s\u2019annonce \u00e9lectrique pour <strong>Bad Omens<\/strong>.<\/p>\n<p><img loading=\"lazy\" decoding=\"async\" width=\"1024\" height=\"576\" src=\"https:\/\/www.europesays.com\/fr\/wp-content\/uploads\/2025\/08\/IMG_1983-1024x576.jpeg\" alt=\"\" class=\"wp-image-225068\"\/><\/p>\n","protected":false},"excerpt":{"rendered":"Apr\u00e8s avoir enflamm\u00e9 les sc\u00e8nes du monde entier avec des shows \u00e0 guichets ferm\u00e9s,\u00a0Bad Omens\u00a0annonce son grand retour&hellip;\n","protected":false},"author":2,"featured_media":326868,"comment_status":"","ping_status":"","sticky":false,"template":"","format":"standard","meta":{"footnotes":""},"categories":[1888],"tags":[1111,1928,11,1927,46381,46382,1777,674,1011,27,12,1926,626,1925,25,13141],"class_list":{"0":"post-326867","1":"post","2":"type-post","3":"status-publish","4":"format-standard","5":"has-post-thumbnail","7":"category-paris","8":"tag-actu","9":"tag-actu-paris","10":"tag-actualites","11":"tag-actualites-paris","12":"tag-bad-omens","13":"tag-do-you-love","14":"tag-eu","15":"tag-europe","16":"tag-fr","17":"tag-france","18":"tag-news","19":"tag-news-paris","20":"tag-paris","21":"tag-paris-news","22":"tag-republique-francaise","23":"tag-zenith-paris-la-villette"},"share_on_mastodon":{"url":"https:\/\/pubeurope.com\/@fr\/115049335622605853","error":""},"_links":{"self":[{"href":"https:\/\/www.europesays.com\/fr\/wp-json\/wp\/v2\/posts\/326867","targetHints":{"allow":["GET"]}}],"collection":[{"href":"https:\/\/www.europesays.com\/fr\/wp-json\/wp\/v2\/posts"}],"about":[{"href":"https:\/\/www.europesays.com\/fr\/wp-json\/wp\/v2\/types\/post"}],"author":[{"embeddable":true,"href":"https:\/\/www.europesays.com\/fr\/wp-json\/wp\/v2\/users\/2"}],"replies":[{"embeddable":true,"href":"https:\/\/www.europesays.com\/fr\/wp-json\/wp\/v2\/comments?post=326867"}],"version-history":[{"count":0,"href":"https:\/\/www.europesays.com\/fr\/wp-json\/wp\/v2\/posts\/326867\/revisions"}],"wp:featuredmedia":[{"embeddable":true,"href":"https:\/\/www.europesays.com\/fr\/wp-json\/wp\/v2\/media\/326868"}],"wp:attachment":[{"href":"https:\/\/www.europesays.com\/fr\/wp-json\/wp\/v2\/media?parent=326867"}],"wp:term":[{"taxonomy":"category","embeddable":true,"href":"https:\/\/www.europesays.com\/fr\/wp-json\/wp\/v2\/categories?post=326867"},{"taxonomy":"post_tag","embeddable":true,"href":"https:\/\/www.europesays.com\/fr\/wp-json\/wp\/v2\/tags?post=326867"}],"curies":[{"name":"wp","href":"https:\/\/api.w.org\/{rel}","templated":true}]}}