{"id":326875,"date":"2025-08-18T10:41:10","date_gmt":"2025-08-18T10:41:10","guid":{"rendered":"https:\/\/www.europesays.com\/fr\/326875\/"},"modified":"2025-08-18T10:41:10","modified_gmt":"2025-08-18T10:41:10","slug":"les-ukrainiens-parviennent-a-endiguer-la-poussee-russe-vers-dobropillia","status":"publish","type":"post","link":"https:\/\/www.europesays.com\/fr\/326875\/","title":{"rendered":"les Ukrainiens parviennent \u00e0 endiguer la pouss\u00e9e russe vers Dobropillia"},"content":{"rendered":"<p><strong>CARTE<\/strong> &#8211; Alors que Volodymyr Zelensky rencontre ce lundi Donald Trump, les Ukrainiens sont parvenus \u00e0 contre-attaquer apr\u00e8s la dangereuse op\u00e9ration russe de la semaine derni\u00e8re. Mais la situation demeure critique \u00e0 Pokrovsk.<\/p>\n<p class=\"fig-paragraph\">Pendant que, sur\u00a0<a href=\"http:\/\/www.lefigaro.fr\/international\/guerre-en-ukraine-apres-la-rencontre-entre-poutine-et-trump-les-europeens-sur-un-fil-entre-pression-et-dialogue-20250816\" target=\"_blank\" data-fig-type=\"NewsFlash\" rel=\"noopener\" data-gtm-custom-categorie=\"navigation\" data-gtm-custom-action=\"crossclick\" data-gtm-custom-label=\"Contextuel\" data-gtm-event=\"customEventSPE\" data-fig-domain=\"LEFIGARO\">le front diplomatique<\/a>, Volodymyr Zelensky est \u00e0 Washington pour discuter avec Donald Trump d\u2019\u00e9ventuelles n\u00e9gociations de paix, une rare bonne nouvelle intervient sur le front militaire du c\u00f4t\u00e9 de Kiev. L\u2019arm\u00e9e ukrainienne est en effet parvenue \u00e0 repousser de plusieurs kilom\u00e8tres les forces russes qui \u00e9taient parvenues, en d\u00e9but de semaine derni\u00e8re, \u00e0\u00a0<a href=\"http:\/\/www.lefigaro.fr\/international\/guerre-en-ukraine-les-russes-percent-les-nouvelles-lignes-ukrainiennes-au-nord-de-pokrovsk-20250812\" target=\"_blank\" data-fig-type=\"NewsFlash\" rel=\"noopener\" data-gtm-custom-categorie=\"navigation\" data-gtm-custom-action=\"crossclick\" data-gtm-custom-label=\"Contextuel\" data-gtm-event=\"customEventSPE\" data-fig-domain=\"LEFIGARO\">percer les nouvelles fortifications au nord de Pokrovsk<\/a>\u00a0dans le Donbass. La pouss\u00e9e d\u2019une quinzaine de kilom\u00e8tres en quelques jours avait m\u00eame permis aux Russes de s\u2019approcher \u00e0 quelques encablures seulement de la ville de Dobropillia, \u00e0 10 kilom\u00e8tres au nord de Pokrovsk, et de couper au moins par les feux l\u2019autoroute entre Dobropillia et Kramatorsk, la capitale ukrainienne du Donbass depuis la chute en 2014 de Donetsk.<\/p>\n<p class=\"fig-paragraph\">Les Ukrainiens ont fait vite en red\u00e9ployant en urgence des renforts. La 12e brigade Azov, la 92e brigade d\u2019assaut, des \u00e9l\u00e9ments de la 93e brigade m\u00e9canis\u00e9e et quatre autres bataillons (Da Vinci et Kord notamment)\u2026<\/p>\n<p class=\"fig-premium-paywall__infos\">\n        Cet article est r\u00e9serv\u00e9 aux abonn\u00e9s.        Il vous reste 86% \u00e0 d\u00e9couvrir.\n    <\/p>\n<p>                <img  data- alt=\"Le Figaro\" class=\"fig-img--complete fig-img\"\/><\/p>\n<p class=\"fig-premium-paywall__title\">Vente Flash<\/p>\n<p class=\"fig-premium-paywall__subtitle\">4,99\u20ac par mois pendant 12 mois. Sans engagement<\/p>\n<p class=\"fig-premium-paywall__connect\">\n                D\u00e9j\u00e0 abonn\u00e9\u00a0?                <a class=\"fig-premium-paywall__connect-link\" href=\"https:\/\/connect.lefigaro.fr\/login?client=horizon_web&amp;type=main&amp;redirect_uri=https%3A%2F%2Fwww.lefigaro.fr%2Finternational%2Fguerre-en-ukraine-les-ukrainiens-parviennent-a-endiguer-la-poussee-russe-vers-dobropillia-20250818\" data-js-gtm=\"{&quot;customCategorie&quot;: &quot;conversion&quot;, &quot;customAction&quot;: &quot;before_Landing_Connexion_paywall_auto&quot;, &quot;customLabel&quot;: &quot;bGVmaWdhcm8uZnJfXzFmMDdhODMxLTNmY2EtNjUyOC1hOWY0LWZmNTg0YzU5MWM3MV9fTmV3c0ZsYXNo_Guerre en Ukraine\u00a0: les Ukrainiens parviennent \u00e0 endiguer la pouss\u00e9e russe vers Dobropillia_207&quot;, &quot;customIDSPE&quot;: &quot;bGVmaWdhcm8uZnJfXzFmMDdhODMxLTNmY2EtNjUyOC1hOWY0LWZmNTg0YzU5MWM3MV9fTmV3c0ZsYXNo&quot;, &quot;event&quot;: &quot;customEventSPE&quot;}\" target=\"_blank\" rel=\"noopener\"><br \/>\n                    Connectez-vous<br \/>\n                <\/a>\n            <\/p>\n","protected":false},"excerpt":{"rendered":"CARTE &#8211; Alors que Volodymyr Zelensky rencontre ce lundi Donald Trump, les Ukrainiens sont parvenus \u00e0 contre-attaquer apr\u00e8s&hellip;\n","protected":false},"author":2,"featured_media":326876,"comment_status":"","ping_status":"","sticky":false,"template":"","format":"standard","meta":{"footnotes":""},"categories":[1590],"tags":[11,1777,674,131,12,220],"class_list":{"0":"post-326875","1":"post","2":"type-post","3":"status-publish","4":"format-standard","5":"has-post-thumbnail","7":"category-ukraine","8":"tag-actualites","9":"tag-eu","10":"tag-europe","11":"tag-guerre-en-ukraine","12":"tag-news","13":"tag-ukraine"},"share_on_mastodon":{"url":"https:\/\/pubeurope.com\/@fr\/115049351452057072","error":""},"_links":{"self":[{"href":"https:\/\/www.europesays.com\/fr\/wp-json\/wp\/v2\/posts\/326875","targetHints":{"allow":["GET"]}}],"collection":[{"href":"https:\/\/www.europesays.com\/fr\/wp-json\/wp\/v2\/posts"}],"about":[{"href":"https:\/\/www.europesays.com\/fr\/wp-json\/wp\/v2\/types\/post"}],"author":[{"embeddable":true,"href":"https:\/\/www.europesays.com\/fr\/wp-json\/wp\/v2\/users\/2"}],"replies":[{"embeddable":true,"href":"https:\/\/www.europesays.com\/fr\/wp-json\/wp\/v2\/comments?post=326875"}],"version-history":[{"count":0,"href":"https:\/\/www.europesays.com\/fr\/wp-json\/wp\/v2\/posts\/326875\/revisions"}],"wp:featuredmedia":[{"embeddable":true,"href":"https:\/\/www.europesays.com\/fr\/wp-json\/wp\/v2\/media\/326876"}],"wp:attachment":[{"href":"https:\/\/www.europesays.com\/fr\/wp-json\/wp\/v2\/media?parent=326875"}],"wp:term":[{"taxonomy":"category","embeddable":true,"href":"https:\/\/www.europesays.com\/fr\/wp-json\/wp\/v2\/categories?post=326875"},{"taxonomy":"post_tag","embeddable":true,"href":"https:\/\/www.europesays.com\/fr\/wp-json\/wp\/v2\/tags?post=326875"}],"curies":[{"name":"wp","href":"https:\/\/api.w.org\/{rel}","templated":true}]}}