{"id":326877,"date":"2025-08-18T10:42:17","date_gmt":"2025-08-18T10:42:17","guid":{"rendered":"https:\/\/www.europesays.com\/fr\/326877\/"},"modified":"2025-08-18T10:42:17","modified_gmt":"2025-08-18T10:42:17","slug":"le-canada-et-trump-comme-un-ado-face-a-un-pere-abusif","status":"publish","type":"post","link":"https:\/\/www.europesays.com\/fr\/326877\/","title":{"rendered":"Le Canada et Trump | Comme un ado face \u00e0 un p\u00e8re abusif"},"content":{"rendered":"<p class=\"lead textModule textModule--type-lead \" style=\"\">L\u2019auteur et animateur de balado Stephen Marche veut faire comprendre aux Am\u00e9ricains \u00e0 quel point leur pr\u00e9sident a mis les Canadiens en col\u00e8re. Voici en fran\u00e7ais le texte qu\u2019il a r\u00e9cemment fait para\u00eetre dans le New\u00a0York Times\u00a01.<\/p>\n<p>                    Publi\u00e9 \u00e0 6\u00a0h\u00a000<\/p>\n<p>    <a class=\"print\" href=\"https:\/\/www.lapresse.ca\/dialogue\/opinions\/2025-08-18\/le-canada-et-trump\/javascript:window.print();\" title=\"Imprimer la page\" rel=\"nofollow noopener\" target=\"_blank\"><\/p>\n<p>        <img loading=\"lazy\" decoding=\"async\" width=\"16\" height=\"18\" src=\"https:\/\/www.europesays.com\/fr\/wp-content\/uploads\/2025\/04\/share-icon.png\" alt=\"Partager\"\/><\/p>\n<p>                                <img decoding=\"async\" src=\"https:\/\/www.europesays.com\/fr\/wp-content\/uploads\/2025\/08\/e623301d01983ccba7c617a63353125c.jpg\" alt=\"Stephen Marche\" itemprop=\"image\"\/><\/p>\n<p>\n                                    Stephen Marche<\/p>\n<p>                                                    Animateur du balado Gloves Off et auteur de The Next Civil War<\/p>\n<p class=\"paragraph textModule textModule--type-paragraph \" style=\"\">Le Canada traverse une \u00e8re de col\u00e8re aigu\u00eb, soutenue, profonde et persistante. La source en est le pr\u00e9sident Trump\u00a0; l\u2019objet en est les \u00c9tats-Unis. Le pr\u00e9sident, commandant de l\u2019arm\u00e9e la plus puissante que le monde ait connue, a d\u00e9clar\u00e9 \u00e0 plusieurs reprises qu\u2019il avait l\u2019intention d\u2019affaiblir l\u2019\u00e9conomie canadienne en vue d\u2019une annexion. <\/p>\n<p class=\"paragraph textModule textModule--type-paragraph \" style=\"\">Les Am\u00e9ricains, d\u2019apr\u00e8s ce que je peux constater, ne semblent pas prendre cette possibilit\u00e9 au s\u00e9rieux, m\u00eame si le pr\u00e9sident a entrepris la t\u00e2che s\u00e9rieusement r\u00e9cemment en imposant des droits de douane de 35\u00a0%. La menace am\u00e9ricaine sur notre souverainet\u00e9, si soudaine, si insens\u00e9e, est en train de remodeler la vie canadienne.<\/p>\n<p class=\"paragraph textModule textModule--type-paragraph \" style=\"\">Partout dans le monde, tandis que les \u00c9tats-Unis se retirent de l\u2019ordre mondial qu\u2019ils ont cr\u00e9\u00e9, les nations revoient leurs priorit\u00e9s, r\u00e9forment leurs institutions et, par cons\u00e9quent, transforment leurs identit\u00e9s. D\u2019ici 2027, le budget militaire du Japon aura augment\u00e9 de 60\u00a0% en 5\u00a0ans. L\u2019Allemagne, elle aussi, doit se remilitariser, bien qu\u2019elle ait du mal \u00e0 trouver des gens pr\u00eats \u00e0 s\u2019engager volontairement\u00a0; la stigmatisation de la guerre a marqu\u00e9 plusieurs g\u00e9n\u00e9rations l\u00e0-bas. Le Br\u00e9sil a d\u00e9j\u00e0 commenc\u00e9 \u00e0 commercer avec la Chine en monnaie chinoise, \u00e9vitant tout contact avec les \u00c9tats-Unis. Ce sont tous des changements radicaux dans la fa\u00e7on dont ces pays existent, dans ce qu\u2019ils sont. Mais c\u2019est peut-\u00eatre au Canada que le changement est le plus profond.<\/p>\n<p class=\"epigraph textModule textModule--type-epigraph \" style=\"\">En r\u00e9ponse aux menaces am\u00e9ricaines, le Canada est au milieu de la plus grande explosion de nationalisme de l\u2019histoire du pays, bien plus importante que le nationalisme des ann\u00e9es\u00a01960.<\/p>\n<p class=\"paragraph textModule textModule--type-paragraph \" style=\"\">\u00c0 l\u2019\u00e9poque, en particulier au Canada anglais, l\u2019identit\u00e9 canadienne avait \u00e9merg\u00e9 et s\u2019\u00e9tait exprim\u00e9e \u00e0 travers les livres, la musique et la CBC, ainsi que par des politiques officielles de bilinguisme et de multiculturalisme. Pendant tout ce temps, le Canada s\u2019int\u00e9grait \u00e9conomiquement et militairement aux \u00c9tats-Unis. Aujourd\u2019hui, l\u2019Ontario et le Qu\u00e9bec ont interdit toutes les ventes d\u2019alcool am\u00e9ricain. Plus des deux tiers des Canadiens pr\u00e9voient d\u2019acheter moins de produits am\u00e9ricains \u00e0 l\u2019\u00e9picerie cette ann\u00e9e. Les voyages canadiens vers les \u00c9tats-Unis restent en forte baisse, m\u00eame si cela a peut-\u00eatre moins \u00e0 voir avec la r\u00e9sistance politique qu\u2019avec le fait que les \u00c9tats-Unis ont clairement indiqu\u00e9 que les \u00e9trangers sur leur territoire peuvent \u00eatre soumis, sans recours, \u00e0 la d\u00e9tention, et peut-\u00eatre m\u00eame \u00e0 la violence.<\/p>\n<p>                                        <img decoding=\"async\" src=\"https:\/\/www.europesays.com\/fr\/wp-content\/uploads\/2025\/08\/07e0b73edd12323daf8cbb4d50b40dd9.jpg\" alt=\"\" class=\"photoModule__visual\" itemprop=\"contentUrl url\"\/><\/p>\n<p class=\"credit photoModule__caption photoModule__caption--credit\" style=\"\">\n                    PHOTO DAVID DEE DELGADO, ARCHIVES REUTERS\n                <\/p>\n<p class=\"description photoModule__caption photoModule__caption--description\" style=\"\">\n                    Des agents f\u00e9d\u00e9raux de l\u2019immigration masqu\u00e9s attendent pour proc\u00e9der \u00e0 des d\u00e9tentions au tribunal am\u00e9ricain de l\u2019immigration \u00e0 Manhattan, \u00e0 New York, d\u00e9but ao\u00fbt.\n                <\/p>\n<p class=\"paragraph textModule textModule--type-paragraph \" style=\"\">Des deux c\u00f4t\u00e9s de la fronti\u00e8re, on esp\u00e8re que cette antipathie \u00e9conomique sera temporaire. (Rien ne remplace le bourbon.) Mais la deuxi\u00e8me administration Trump a fait \u00e9merger une v\u00e9rit\u00e9 plus durable \u00e0 propos des \u00c9tats-Unis\u00a0: ce n\u2019est plus un pays qui respecte ses accords. M.\u00a0Trump a viol\u00e9 l\u2019accord de libre-\u00e9change qu\u2019il avait lui-m\u00eame conclu lors de son premier mandat. Vous ne devriez faire affaire avec de telles personnes que si vous y \u00eates oblig\u00e9. Selon un sondage de f\u00e9vrier, 91\u00a0% des Canadiens veulent moins d\u00e9pendre des \u00c9tats-Unis comme partenaire commercial.<\/p>\n<p>                    S\u2019extirper des \u00c9tats-Unis<\/p>\n<p class=\"paragraph textModule textModule--type-paragraph \" style=\"\">La question est de savoir comment nous extirper des \u00c9tats-Unis, et \u00e0 quel point ce sera douloureux. \u00ab\u00a0Notre ancienne relation avec les \u00c9tats-Unis, une relation bas\u00e9e sur une int\u00e9gration en constante augmentation, est termin\u00e9e\u00a0\u00bb, a d\u00e9clar\u00e9 le premier ministre Mark Carney lors de son discours de victoire. \u00ab\u00a0Le syst\u00e8me de commerce mondial ouvert soutenu par les \u00c9tats-Unis\u00a0\u2013 un syst\u00e8me sur lequel le Canada s\u2019est appuy\u00e9 depuis la Seconde Guerre mondiale, un syst\u00e8me qui, bien qu\u2019imparfait, a contribu\u00e9 \u00e0 apporter la prosp\u00e9rit\u00e9 \u00e0 un pays pendant des d\u00e9cennies \u2013 appartient au pass\u00e9.\u00a0\u00bb<\/p>\n<p class=\"paragraph textModule textModule--type-paragraph \" style=\"\">Cet \u00e9loignement des \u00c9tats-Unis n\u2019est pas seulement une position du Parti lib\u00e9ral. \u00ab\u00a0J\u2019\u00e9tais\u00a0\u2013 je pense qu\u2019il est juste de le dire \u2013 probablement le premier ministre le plus pro-am\u00e9ricain de l\u2019histoire du Canada\u00a0\u00bb, a r\u00e9cemment d\u00e9clar\u00e9 Stephen Harper, qui a dirig\u00e9 le pays de 2006 \u00e0 2015, \u00e0 la Midwestern Legislative Conference, une r\u00e9union transfrontali\u00e8re d\u2019\u00e9lus am\u00e9ricains et canadiens, avant de reconna\u00eetre qu\u2019il avait conseill\u00e9 au gouvernement lib\u00e9ral actuel de se diversifier aussi rapidement que possible. \u00ab\u00a0Nous ne pouvons tout simplement pas \u00eatre dans une position \u00e0 l\u2019avenir o\u00f9 nous pouvons \u00eatre menac\u00e9s de cette fa\u00e7on.\u00a0\u00bb<\/p>\n<p>                                        <img decoding=\"async\" src=\"https:\/\/www.europesays.com\/fr\/wp-content\/uploads\/2025\/08\/c5697c200731334dbe3631890c989095.jpg\" alt=\"\" class=\"photoModule__visual\" itemprop=\"contentUrl url\"\/><\/p>\n<p class=\"credit photoModule__caption photoModule__caption--credit\" style=\"\">\n                    PHOTO BLAIR GABLE, ARCHIVES LA PRESSE CANADIENNE\n                <\/p>\n<p class=\"description photoModule__caption photoModule__caption--description\" style=\"\">\n                    L\u2019ancien premier ministre Stephen Harper, en mai. L\u2019ex-dirigeant a dit avoir recommand\u00e9 au gouvernement de Mark Carney de diversifier ses partenariats \u00e9conomiques dans le tumulte provoqu\u00e9 par l\u2019administration Trump.\n                <\/p>\n<p class=\"paragraph textModule textModule--type-paragraph \" style=\"\">La premi\u00e8re livraison de gaz naturel liqu\u00e9fi\u00e9 du Canada vers l\u2019Asie est arriv\u00e9e en Cor\u00e9e du Sud \u00e0 la mi-juillet. La Chine ach\u00e8te notre p\u00e9trole brut plut\u00f4t que celui des \u00c9tats-Unis. Voil\u00e0 l\u2019avenir du Canada.<\/p>\n<p class=\"paragraph textModule textModule--type-paragraph \" style=\"\">Au-del\u00e0 du commerce, c\u2019est le discours sur l\u2019annexion qui a le plus profond\u00e9ment chang\u00e9 la perception que les Canadiens ont d\u2019eux-m\u00eames. L\u2019arm\u00e9e canadienne a \u00e9t\u00e9 con\u00e7ue, presque exclusivement, pour remplir les engagements contract\u00e9s aupr\u00e8s de nos alli\u00e9s. Pour cette raison, elle est petite et d\u2019\u00e9lite\u00a0\u2013 un peu plus de 70\u00a0000\u00a0soldats. D\u00e9fendre les fronti\u00e8res du pays n\u2019a jamais \u00e9t\u00e9 une question \u00e0 laquelle il a fallu beaucoup r\u00e9fl\u00e9chir.<\/p>\n<p class=\"paragraph textModule textModule--type-paragraph \" style=\"\">Je comprendrais si les Am\u00e9ricains, \u00e0 ce stade, consid\u00e9raient la possibilit\u00e9 d\u2019une annexion comme trop extravagante pour \u00eatre prise au s\u00e9rieux. Mais les \u00c9tats-Unis se sont montr\u00e9s capables des possibilit\u00e9s les plus extravagantes.<\/p>\n<p class=\"paragraph textModule textModule--type-paragraph \" style=\"\">Il y a un an, l\u2019id\u00e9e que des Marines seraient d\u00e9ploy\u00e9s \u00e0 Los\u00a0Angeles pour soutenir des agents masqu\u00e9s qui ne s\u2019identifient pas toujours aurait \u00e9t\u00e9 consid\u00e9r\u00e9e comme une fiction dystopique. La devise des \u00c9tats-Unis est pass\u00e9e de \u00ab\u00a0Nous croyons en Dieu\u00a0\u00bb \u00e0 \u00ab\u00a0Rien n\u2019est vrai, tout est permis\u00a0\u00bb.<\/p>\n<p>                                        <img decoding=\"async\" src=\"https:\/\/www.europesays.com\/fr\/wp-content\/uploads\/2025\/08\/78d29e251ac93089919f1384169446a7.jpg\" alt=\"\" class=\"photoModule__visual\" itemprop=\"contentUrl url\"\/><\/p>\n<p class=\"credit photoModule__caption photoModule__caption--credit\" style=\"\">\n                    PHOTO JILL CONNELLY, ARCHIVES ASSOCIATED PRESS\n                <\/p>\n<p class=\"description photoModule__caption photoModule__caption--description\" style=\"\">\n                    Des manifestants confrontent des Marines d\u00e9ploy\u00e9s devant un b\u00e2timent f\u00e9d\u00e9ral \u00e0 Los Angeles, lors d\u2019un rassemblement contre les raids du Service de l\u2019immigration et des douanes des \u00c9tats-Unis (ICE), le 4\u00a0juillet dernier.\n                <\/p>\n<p class=\"paragraph textModule textModule--type-paragraph \" style=\"\">Lorsque les pays s\u2019\u00e9loignent de la d\u00e9mocratie, l\u2019invasion des voisins est g\u00e9n\u00e9ralement le type de justification que les dirigeants autocratiques utilisent pour suspendre leurs propres lois. Parlez-en aux Ukrainiens.<\/p>\n<p class=\"epigraph textModule textModule--type-epigraph \" style=\"\">Si M.\u00a0Trump a effectivement l\u2019intention de se pr\u00e9senter pour un troisi\u00e8me mandat, une \u00ab\u00a0urgence\u00a0\u00bb \u00e0 la fronti\u00e8re nord est exactement le type de pr\u00e9texte pour la suspension des normes constitutionnelles dont il pourrait avoir besoin.<\/p>\n<p class=\"paragraph textModule textModule--type-paragraph \" style=\"\">En r\u00e9ponse \u00e0 cette menace, deux options sont actuellement discut\u00e9es au nord de la fronti\u00e8re. La premi\u00e8re concerne les armes nucl\u00e9aires. La seconde concerne une force de d\u00e9fense civile. C\u2019est l\u2019approche qu\u2019ont adopt\u00e9e les Finlandais qui vivent coll\u00e9s \u00e0 la Russie, un voisin beaucoup plus grand qui s\u2019effondre par intermittence sous le poids d\u2019un gouvernement incomp\u00e9tent et explose vers l\u2019ext\u00e9rieur avec une ambition imp\u00e9rialiste. Le Canada a une longue tradition de conscription pendant les crises et les guerres mondiales, mais ce n\u2019est pas un pays qui raffole de son arm\u00e9e.<\/p>\n<p>                    Un nouvel \u00e9tat d\u2019esprit<\/p>\n<p class=\"paragraph textModule textModule--type-paragraph \" style=\"\">L\u2019\u00e9tat d\u2019esprit du Canada change, et le changement est autant culturel qu\u2019\u00e9conomique ou politique. Depuis les ann\u00e9es\u00a01960, les \u00e9lites canadiennes ont tir\u00e9 profit de l\u2019int\u00e9gration avec les \u00c9tats-Unis. Des tireurs d\u2019\u00e9lite ont combattu avec les forces am\u00e9ricaines. Des scientifiques ont travaill\u00e9 dans des laboratoires am\u00e9ricains. Des \u00e9crivains ont \u00e9crit pour des publications new-yorkaises. Des acteurs ont connu le succ\u00e8s \u00e0 Hollywood. M.\u00a0Carney lui-m\u00eame \u00e9tait un repr\u00e9sentant de cette int\u00e9gration \u00e0 titre de pr\u00e9sident du conseil d\u2019administration de Bloomberg L.P., le g\u00e9ant de l\u2019information financi\u00e8re et des donn\u00e9es, aussi r\u00e9cemment qu\u2019en 2023.<\/p>\n<p>                                        <img decoding=\"async\" src=\"https:\/\/www.europesays.com\/fr\/wp-content\/uploads\/2025\/08\/658d4edc8c113ee6acc887c650ced8ea.jpg\" alt=\"\" class=\"photoModule__visual\" itemprop=\"contentUrl url\"\/><\/p>\n<p class=\"credit photoModule__caption photoModule__caption--credit\" style=\"\">\n                    PHOTO MARK SCHIEFELBEIN, ARCHIVES ASSOCIATED PRESS\n                <\/p>\n<p class=\"description photoModule__caption photoModule__caption--description\" style=\"\">\n                    Mark Carney \u00e9coute Donald Trump s\u2019exprimer lors d\u2019une photo de groupe au sommet du G7, en juin, \u00e0 Kananaskis, en Alberta.\n                <\/p>\n<p class=\"paragraph textModule textModule--type-paragraph \" style=\"\">Alors que l\u2019Am\u00e9rique d\u00e9mant\u00e8le ses institutions une par une, ce lien se dissout. La question n\u2019est plus de savoir comment arr\u00eater de nous comparer aux \u00c9tats-Unis, mais comment \u00e9chapper \u00e0 leur emprise et \u00e0 leur destin. Justin Trudeau, l\u2019ancien premier ministre, parlait autrefois du Canada comme d\u2019un \u00ab\u00a0\u00c9tat postnational\u00a0\u00bb, o\u00f9 l\u2019identit\u00e9 canadienne passait au second plan derri\u00e8re la n\u00e9cessit\u00e9 de r\u00e9parer les torts historiques<strong> <\/strong>et diverses formes vagues de vertu ostentatoire. Ces absurdit\u00e9s sont termin\u00e9es.<\/p>\n<p class=\"epigraph textModule textModule--type-epigraph \" style=\"\">Selon plusieurs sondages, le multiculturalisme est de loin ce qui rend le pays unique. Dans un monde qui s\u2019effondre sous le poids de haines stupides et appauvrissantes, c\u2019est cela, le projet national sp\u00e9cifiquement canadien.<\/p>\n<p class=\"paragraph textModule textModule--type-paragraph \" style=\"\">M\u00eame apr\u00e8s la COVID-19 et l\u2019\u00e9chec de la cr\u00e9ation d\u2019infrastructures ad\u00e9quates pour les nouveaux Canadiens, qui ont conduit \u00e0 un recul de l\u2019immigration, le Canada a toujours l\u2019un des taux de naturalisation les plus \u00e9lev\u00e9s au monde. Ce pays a toujours \u00e9t\u00e9 pluriel. Il a toujours contenu de nombreuses langues, ethnies et nations. Le triomphe du compromis face \u00e0 la diff\u00e9rence est le triomphe de l\u2019histoire canadienne. Cela semble \u00eatre un id\u00e9al qui vaut la peine d\u2019\u00eatre d\u00e9fendu.<\/p>\n<p class=\"paragraph textModule textModule--type-paragraph \" style=\"\">Le Canada est maintenant coinc\u00e9 dans une double r\u00e9alit\u00e9. Dans une r\u00e9cente enqu\u00eate du Pew Research Center, 59\u00a0% des Canadiens ont d\u00e9sign\u00e9 les \u00c9tats-Unis comme la principale menace pour leur pays, et 55\u00a0% des Canadiens ont d\u00e9sign\u00e9 les \u00c9tats-Unis comme son plus important alli\u00e9. C\u2019est \u00e0 la fois une contradiction intenable et une r\u00e9alit\u00e9 qui d\u00e9finira probablement le pays dans un avenir pr\u00e9visible.<\/p>\n<p class=\"paragraph textModule textModule--type-paragraph \" style=\"\">Le Canada est divis\u00e9 des \u00c9tats-Unis, et les \u00c9tats-Unis sont eux-m\u00eames divis\u00e9s. La relation entre le Canada et les \u00c9tats-Unis repose sur ces lignes de faille.<\/p>\n<p class=\"paragraph textModule textModule--type-paragraph \" style=\"\">Margaret Atwood \u00e9tait, et reste, l\u2019ic\u00f4ne ultime du nationalisme canadien des ann\u00e9es\u00a01960 et aussi l\u2019une des grandes figures proph\u00e9tiques de la dystopie am\u00e9ricaine. \u00ab\u00a0Premi\u00e8rement, ha\u00efr tous les Am\u00e9ricains est stupide\u00a0\u00bb, m\u2019a-t-elle dit dans Gloves Off, un balado sur la fa\u00e7on dont le Canada peut se d\u00e9fendre contre les nouvelles menaces am\u00e9ricaines. \u00ab\u00a0C\u2019est tout simplement idiot parce que la moiti\u00e9 d\u2019entre eux serait d\u2019accord avec vous\u00a0\u00bb, et \u00ab\u00a0m\u00eame un bon nombre d\u2019entre eux regrettent maintenant leur choix\u00a0\u00bb.<\/p>\n<p class=\"paragraph textModule textModule--type-paragraph \" style=\"\">De nombreux Canadiens, et sans doute aussi de nombreux Am\u00e9ricains, esp\u00e8rent que cette nouvelle animosit\u00e9 s\u2019estompera avec la fin du mandat de l\u2019administration Trump. \u00ab\u00a0Je ne peux pas cautionner la rh\u00e9torique de notre pr\u00e9sident\u00a0\u00bb, a r\u00e9cemment d\u00e9clar\u00e9 la gouverneure du Maine, Janet Mills, lors d\u2019un voyage en Nouvelle-\u00c9cosse. \u00ab\u00a0Il ne parle pas en notre nom quand il dit ces choses-l\u00e0.\u00a0\u00bb Sauf que si. L\u2019actuel ambassadeur des \u00c9tats-Unis au Canada, Pete Hoekstra, est le genre d\u2019homme qu\u2019on envoie dans un pays pour l\u2019indisposer. Durant le premier mandat de Trump, le d\u00e9partement d\u2019\u00c9tat a d\u00fb s\u2019excuser pour des remarques offensantes qu\u2019il avait faites et qu\u2019il avait d\u2019abord ni\u00e9es. Il a \u00e9galement affirm\u00e9 cet \u00e9t\u00e9 que l\u2019administration consid\u00e9rait les Canadiens comme \u00ab\u00a0m\u00e9chants et d\u00e9sagr\u00e9ables\u00a0\u00bb. De telles insultes de la part de ces gens sont un gage d\u2019honneur.<\/p>\n<p>                                        <img decoding=\"async\" src=\"https:\/\/www.europesays.com\/fr\/wp-content\/uploads\/2025\/08\/30fe84a2fcb1361eaf94dc3fc28e3259.jpg\" alt=\"\" class=\"photoModule__visual\" itemprop=\"contentUrl url\"\/><\/p>\n<p class=\"credit photoModule__caption photoModule__caption--credit\" style=\"\">\n                    PHOTO SEAN KILPATRICK, ARCHIVES LA PRESSE CANADIENNE\n                <\/p>\n<p class=\"description photoModule__caption photoModule__caption--description\" style=\"\">\n                    L\u2019ambassadeur am\u00e9ricain Pete Hoekstra et son \u00e9pouse, Diane Johnson, \u00e9coutent leur hymne national lors d\u2019une f\u00eate organis\u00e9e \u00e0 l\u2019occasion du 4\u00a0Juillet \u00e0 Lornado, la r\u00e9sidence de l\u2019ambassadeur des \u00c9tats-Unis \u00e0 Ottawa.\n                <\/p>\n<p class=\"paragraph textModule textModule--type-paragraph \" style=\"\">Mais c\u2019est le syst\u00e8me am\u00e9ricain\u00a0\u2013 pas seulement sa pr\u00e9sidence \u2013 qui est en train de s\u2019effondrer. Du c\u00f4t\u00e9 canadien de la fronti\u00e8re, il est \u00e9vident que la gauche am\u00e9ricaine capitule. Aucune institution am\u00e9ricaine, aussi riche ou privil\u00e9gi\u00e9e soit-elle, ne semble dispos\u00e9e \u00e0 faire le moindre sacrifice au nom des valeurs d\u00e9mocratiques. Si le pr\u00e9sident est Tony Soprano, les gouverneurs d\u00e9mocrates qui supplient les touristes canadiens de revenir sont des Carmela. Ils d\u00e9sapprouvent du bout des l\u00e8vres, mais ne peuvent croire que quiconque remette en question leur d\u00e9cence alors qu\u2019ils essaient de tirer leur \u00e9pingle du jeu.<\/p>\n<p class=\"epigraph textModule textModule--type-epigraph \" style=\"\">Le Canada est loin d\u2019\u00eatre impuissant dans ce nouveau monde\u00a0; nous sommes instruits et ing\u00e9nieux. Mais nous sommes isol\u00e9s comme jamais auparavant.<\/p>\n<p class=\"paragraph textModule textModule--type-paragraph \" style=\"\">Notre moment actuel de red\u00e9finition nationale est diff\u00e9rent des nationalismes pr\u00e9c\u00e9dents. Il s\u2019agira de connecter le Canada plus largement plut\u00f4t que de r\u00e9tr\u00e9cir son horizon. Nous pouvons d\u00e9montrer que le multiculturalisme fonctionne, qu\u2019il est toujours possible d\u2019avoir une soci\u00e9t\u00e9 ouverte qui ne se d\u00e9chire pas, o\u00f9 les divisions entre lib\u00e9raux et conservateurs sont r\u00e9elles et profondes, mais ne d\u00e9g\u00e9n\u00e8rent pas en violence et en haine. Le Canada devra \u00e9galement servir de trait d\u2019union entre les d\u00e9mocraties du monde, sur une ligne qui s\u2019\u00e9tend de Ta\u00efwan et de la Cor\u00e9e du Sud, puis traverse l\u2019Am\u00e9rique du Nord jusqu\u2019\u00e0 la Pologne et l\u2019Ukraine.<\/p>\n<p class=\"paragraph textModule textModule--type-paragraph \" style=\"\">Le Canada vit la deuxi\u00e8me administration Trump comme un adolescent qu\u2019un p\u00e8re violent a mis \u00e0 la porte. Nous devons grandir vite et nous ne pouvons pas revenir en arri\u00e8re. Les choix que nous faisons maintenant auront une importance \u00e9ternelle. Ils r\u00e9v\u00e9leront notre caract\u00e8re national. La col\u00e8re est une \u00e9motion utile, mais seulement comme point de d\u00e9part. Nous devons accepter le fait que d\u00e9sormais, notre pouvoir ne viendra que de nous-m\u00eames.<\/p>\n<p><a class=\"linkModule DIA\" href=\"https:\/\/www.nytimes.com\/2025\/08\/10\/opinion\/canada-america-allies.html\" target=\"_blank\" style=\"&#010;                \" rel=\"nofollow noopener\"><\/p>\n<p>        1. Lisez le texte original \u00ab\u00a0\u201cProfound and Abiding Rage\u201d\u00a0: Canada\u2019s Answer to America\u2019s Abandonment\u00a0\u00bb (en anglais\u00a0; abonnement requis)<\/p>\n<p><\/a><\/p>\n<p><a class=\"linkModule DIA\" href=\"https:\/\/aide.lapresse.ca\/hc\/fr-ca\/requests\/new?ticket_form_id=10389435197207&amp;tf_10389597715607=redac_opinion&amp;tf_16491764350743=dialogue_r%C3%A9agir&amp;tf_subject=f284c91+Comme+un+ado+face+%C3%A0+un+p%C3%A8re+abusif\" target=\"_blank\" style=\"&#010;                \" rel=\"nofollow noopener\"><\/p>\n<p>        Qu\u2019en pensez-vous\u00a0? Participez au dialogue<\/p>\n<p><\/a><\/p>\n","protected":false},"excerpt":{"rendered":"L\u2019auteur et animateur de balado Stephen Marche veut faire comprendre aux Am\u00e9ricains \u00e0 quel point leur pr\u00e9sident a&hellip;\n","protected":false},"author":2,"featured_media":326878,"comment_status":"","ping_status":"","sticky":false,"template":"","format":"standard","meta":{"footnotes":""},"categories":[1589],"tags":[11,73,1866,12,1864,1865,1863,308],"class_list":{"0":"post-326877","1":"post","2":"type-post","3":"status-publish","4":"format-standard","5":"has-post-thumbnail","7":"category-etats-unis","8":"tag-actualites","9":"tag-etats-unis","10":"tag-etats-unis-damerique","11":"tag-news","12":"tag-united-states","13":"tag-united-states-of-america","14":"tag-us","15":"tag-usa"},"share_on_mastodon":{"url":"https:\/\/pubeurope.com\/@fr\/115049355507360355","error":""},"_links":{"self":[{"href":"https:\/\/www.europesays.com\/fr\/wp-json\/wp\/v2\/posts\/326877","targetHints":{"allow":["GET"]}}],"collection":[{"href":"https:\/\/www.europesays.com\/fr\/wp-json\/wp\/v2\/posts"}],"about":[{"href":"https:\/\/www.europesays.com\/fr\/wp-json\/wp\/v2\/types\/post"}],"author":[{"embeddable":true,"href":"https:\/\/www.europesays.com\/fr\/wp-json\/wp\/v2\/users\/2"}],"replies":[{"embeddable":true,"href":"https:\/\/www.europesays.com\/fr\/wp-json\/wp\/v2\/comments?post=326877"}],"version-history":[{"count":0,"href":"https:\/\/www.europesays.com\/fr\/wp-json\/wp\/v2\/posts\/326877\/revisions"}],"wp:featuredmedia":[{"embeddable":true,"href":"https:\/\/www.europesays.com\/fr\/wp-json\/wp\/v2\/media\/326878"}],"wp:attachment":[{"href":"https:\/\/www.europesays.com\/fr\/wp-json\/wp\/v2\/media?parent=326877"}],"wp:term":[{"taxonomy":"category","embeddable":true,"href":"https:\/\/www.europesays.com\/fr\/wp-json\/wp\/v2\/categories?post=326877"},{"taxonomy":"post_tag","embeddable":true,"href":"https:\/\/www.europesays.com\/fr\/wp-json\/wp\/v2\/tags?post=326877"}],"curies":[{"name":"wp","href":"https:\/\/api.w.org\/{rel}","templated":true}]}}