{"id":32688,"date":"2025-04-17T23:35:08","date_gmt":"2025-04-17T23:35:08","guid":{"rendered":"https:\/\/www.europesays.com\/fr\/32688\/"},"modified":"2025-04-17T23:35:08","modified_gmt":"2025-04-17T23:35:08","slug":"atp-monte-carlo-nicolas-escude-la-prochaine-fois-que-carlos-alcaraz-va-se-retrouver-sur-le-terrain-face-a-arthur-fils-dautant-plus-sur-terre-battue-il-va-cogiter-et-ne-pas-regarder-le-match","status":"publish","type":"post","link":"https:\/\/www.europesays.com\/fr\/32688\/","title":{"rendered":"ATP &#8211; Monte Carlo > Nicolas Escud\u00e9 : \u00ab\u00a0La prochaine fois que Carlos Alcaraz va se retrouver sur le terrain face \u00e0 Arthur Fils, d&rsquo;autant plus sur terre battue, il va cogiter et ne pas regarder le match de la m\u00eame mani\u00e8re\u00a0\u00bb"},"content":{"rendered":"<p>Tombeur d\u2019Arthur Fils en quarts de finale du Masters 1000 de Monte\u2010Carlo de justesse, <a href=\"https:\/\/www.welovetennis.fr\/atp\/atp-barcelone\/carlos-alcaraz-sur-le-numero-1-francais-arthur-fils-quand-jai-quitte-le-court-apres-avoir-joue-contre-lui-pour-la-premiere-fois-a-monte-carlo-jetais-stupefait\" data-wpel-link=\"internal\" rel=\"nofollow noopener\" target=\"_blank\">Carlos Alcaraz a \u00e9t\u00e9 \u00ab\u202fstup\u00e9\u00adfait\u202f\u00bb par le niveau du jeune prodige Fran\u00e7ais<\/a>. Nicolas Escud\u00e9, consul\u00adtant Eurosport, revient sur cette rencontre qui pour\u00adrait bien \u00eatre le d\u00e9but d\u2019une s\u00e9rie de confron\u00adta\u00adtions int\u00e9\u00adres\u00adsantes entre l\u2019Espagnol et le Fran\u00e7ais.<\/p>\n<p><strong>\u00ab\u202fQuand on entend les d\u00e9cla\u00adra\u00adtions qu\u2019ont \u00e9t\u00e9 les siennes sur la conf\u00e9\u00adrence de presse apr\u00e8s le match contre Alcaraz, c\u2019est \u00e0 chaud. Forc\u00e9ment, avec le recul quand il est rentr\u00e9 le soir \u00e0 l\u2019h\u00f4tel, le lende\u00admain et \u00e0 laisser passer quelques jours, il a d\u00fb en tirer \u00e9nor\u00adm\u00e9\u00adment de positif. Alcaraz, la prochaine fois qu\u2019il va se retrouver sur le terrain face \u00e0 Arthur Fils, d\u2019au\u00adtant plus sur terre battue apr\u00e8s ce qu\u2019il s\u2019est pass\u00e9 \u00e0 Monte\u2010Carlo, \u00e7a va cogiter et il va pas regarder le match de la m\u00eame mani\u00e8re. Tout comme les autres joueurs qui forc\u00e9\u00adment ont vu sa perfor\u00admance, l\u00e0 on parle face \u00e0 un Alcaraz, mais face \u00e0 un Rublev il l\u2019a tota\u00adle\u00adment \u00e9teint. Donc, \u00e7a progresse, \u00e7a \u00e9volue, \u00e7a avance vrai\u00adment dans le bon sens pour Arthur\u202f\u00bb<\/strong>, a estim\u00e9 Escud\u00e9 dans l\u2019\u00e9mis\u00adsion \u00ab\u202fRetour Gagnant\u202f\u00bb.<\/p>\n<p class=\"post-published-date\" style=\"color: silver; font-size: 75%; text-align: left;\">Publi\u00e9 le mercredi 16 avril 2025 \u00e0 12:56<\/p>\n","protected":false},"excerpt":{"rendered":"Tombeur d\u2019Arthur Fils en quarts de finale du Masters 1000 de Monte\u2010Carlo de justesse, Carlos Alcaraz a \u00e9t\u00e9&hellip;\n","protected":false},"author":2,"featured_media":15686,"comment_status":"","ping_status":"","sticky":false,"template":"","format":"standard","meta":{"footnotes":""},"categories":[1415],"tags":[1744,3768,1011,27,60,1467],"class_list":{"0":"post-32688","1":"post","2":"type-post","3":"status-publish","4":"format-standard","5":"has-post-thumbnail","7":"category-tennis","8":"tag-alcaraz","9":"tag-arthur-fils","10":"tag-fr","11":"tag-france","12":"tag-sports","13":"tag-tennis"},"share_on_mastodon":{"url":"https:\/\/pubeurope.com\/@fr\/114355930623891143","error":""},"_links":{"self":[{"href":"https:\/\/www.europesays.com\/fr\/wp-json\/wp\/v2\/posts\/32688","targetHints":{"allow":["GET"]}}],"collection":[{"href":"https:\/\/www.europesays.com\/fr\/wp-json\/wp\/v2\/posts"}],"about":[{"href":"https:\/\/www.europesays.com\/fr\/wp-json\/wp\/v2\/types\/post"}],"author":[{"embeddable":true,"href":"https:\/\/www.europesays.com\/fr\/wp-json\/wp\/v2\/users\/2"}],"replies":[{"embeddable":true,"href":"https:\/\/www.europesays.com\/fr\/wp-json\/wp\/v2\/comments?post=32688"}],"version-history":[{"count":0,"href":"https:\/\/www.europesays.com\/fr\/wp-json\/wp\/v2\/posts\/32688\/revisions"}],"wp:featuredmedia":[{"embeddable":true,"href":"https:\/\/www.europesays.com\/fr\/wp-json\/wp\/v2\/media\/15686"}],"wp:attachment":[{"href":"https:\/\/www.europesays.com\/fr\/wp-json\/wp\/v2\/media?parent=32688"}],"wp:term":[{"taxonomy":"category","embeddable":true,"href":"https:\/\/www.europesays.com\/fr\/wp-json\/wp\/v2\/categories?post=32688"},{"taxonomy":"post_tag","embeddable":true,"href":"https:\/\/www.europesays.com\/fr\/wp-json\/wp\/v2\/tags?post=32688"}],"curies":[{"name":"wp","href":"https:\/\/api.w.org\/{rel}","templated":true}]}}