{"id":326895,"date":"2025-08-18T10:52:15","date_gmt":"2025-08-18T10:52:15","guid":{"rendered":"https:\/\/www.europesays.com\/fr\/326895\/"},"modified":"2025-08-18T10:52:15","modified_gmt":"2025-08-18T10:52:15","slug":"les-joueurs-sont-bien-arrives-en-bretagne-le-stage-a-debute","status":"publish","type":"post","link":"https:\/\/www.europesays.com\/fr\/326895\/","title":{"rendered":"les joueurs sont bien arriv\u00e9s en Bretagne, le stage a d\u00e9but\u00e9"},"content":{"rendered":"<p>Le Stade Toulousain peaufine sa pr\u00e9paration. Dernier club de Top 14 \u00e0 avoir repris le chemin des terrains, quelques semaines apr\u00e8s leur sacre de champion de France, les Rouge et Noir ont d\u2019abord d\u00e9but\u00e9 par du travail physique et technique \u00e0 Ernest-Wallon. Dimanche soir, ils ont pris l\u2019avion pour la Bretagne afin d\u2019y effectuer un stage d\u2019une semaine.<\/p>\n<blockquote class=\"twitter-tweet\">\n<p dir=\"ltr\" lang=\"fr\">Premier jour de stage \ud83d\udc4b <a href=\"https:\/\/t.co\/OoTysJJTuK\" rel=\"nofollow\">pic.twitter.com\/OoTysJJTuK<\/a><\/p>\n<p>\u2014 Stade Toulousain (@StadeToulousain) <a href=\"https:\/\/twitter.com\/StadeToulousain\/status\/1957343209975161085?ref_src=twsrc%5Etfw\" rel=\"nofollow noopener\" target=\"_blank\">August 18, 2025<\/a><\/p>\n<\/blockquote>\n<p>Dans un cadre tranquille \u00e0 Ploufragan, les joueurs toulousains vont pouvoir se pr\u00e9parer avant de disputer leur premier match de pr\u00e9paration face \u00e0 Vannes, ce jeudi soir \u00e0 Guingamp. Sur les r\u00e9seaux sociaux, le Stade Toulousain a publi\u00e9 des vid\u00e9os des joueurs \u00e0 l\u2019entra\u00eenement. On peut y voir les trois-quarts encha\u00eenaient les exercices techniques, avec notamment une belle complicit\u00e9 entre Paul Costes et la recrue Teddy Thomas. Pour rappel, le club d\u00e9butera sa saison le 7 septembre prochain par un d\u00e9placement \u00e0 Marcel-Michelin pour d\u00e9fier Clermont.<\/p>\n<blockquote class=\"twitter-tweet\">\n<p dir=\"ltr\" lang=\"fr\">Musculation pour nos 3\/4 \ud83d\ude24 <a href=\"https:\/\/t.co\/9ygR3YMaaV\" rel=\"nofollow\">pic.twitter.com\/9ygR3YMaaV<\/a><\/p>\n<p>\u2014 Stade Toulousain (@StadeToulousain) <a href=\"https:\/\/twitter.com\/StadeToulousain\/status\/1957352027530654174?ref_src=twsrc%5Etfw\" rel=\"nofollow noopener\" target=\"_blank\">August 18, 2025<\/a><\/p>\n<\/blockquote>\n<p>Partagez cette info avec vos amis et vos proches en cliquant ici<br \/>Pour r\u00e9sumer<\/p>\n<p>Le Stade Toulousain a d\u00e9but\u00e9 son stage d\u2019une semaine en Bretagne, qui se terminera par une rencontre de pr\u00e9paration face \u00e0 Vannes. Le club a publi\u00e9 les images sur les r\u00e9seaux sociaux. Les joueurs se pr\u00e9parent dans la fra\u00eecheur.<\/p>\n<p> <img decoding=\"async\" width=\"76\" height=\"76\" loading=\"lazy\" src=\"https:\/\/www.europesays.com\/fr\/wp-content\/uploads\/2025\/04\/avatar-quinze.png\" alt=\"Arnaud D\u00e9chelotte\"\/><script async src=\"https:\/\/platform.twitter.com\/widgets.js\" charset=\"utf-8\"><\/script><\/p>\n","protected":false},"excerpt":{"rendered":"Le Stade Toulousain peaufine sa pr\u00e9paration. Dernier club de Top 14 \u00e0 avoir repris le chemin des terrains,&hellip;\n","protected":false},"author":2,"featured_media":326896,"comment_status":"","ping_status":"","sticky":false,"template":"","format":"standard","meta":{"footnotes":""},"categories":[1416],"tags":[1011,27,479,1468,60],"class_list":{"0":"post-326895","1":"post","2":"type-post","3":"status-publish","4":"format-standard","5":"has-post-thumbnail","7":"category-rugby","8":"tag-fr","9":"tag-france","10":"tag-rugby","11":"tag-rugby-football","12":"tag-sports"},"share_on_mastodon":{"url":"https:\/\/pubeurope.com\/@fr\/115049394648552558","error":""},"_links":{"self":[{"href":"https:\/\/www.europesays.com\/fr\/wp-json\/wp\/v2\/posts\/326895","targetHints":{"allow":["GET"]}}],"collection":[{"href":"https:\/\/www.europesays.com\/fr\/wp-json\/wp\/v2\/posts"}],"about":[{"href":"https:\/\/www.europesays.com\/fr\/wp-json\/wp\/v2\/types\/post"}],"author":[{"embeddable":true,"href":"https:\/\/www.europesays.com\/fr\/wp-json\/wp\/v2\/users\/2"}],"replies":[{"embeddable":true,"href":"https:\/\/www.europesays.com\/fr\/wp-json\/wp\/v2\/comments?post=326895"}],"version-history":[{"count":0,"href":"https:\/\/www.europesays.com\/fr\/wp-json\/wp\/v2\/posts\/326895\/revisions"}],"wp:featuredmedia":[{"embeddable":true,"href":"https:\/\/www.europesays.com\/fr\/wp-json\/wp\/v2\/media\/326896"}],"wp:attachment":[{"href":"https:\/\/www.europesays.com\/fr\/wp-json\/wp\/v2\/media?parent=326895"}],"wp:term":[{"taxonomy":"category","embeddable":true,"href":"https:\/\/www.europesays.com\/fr\/wp-json\/wp\/v2\/categories?post=326895"},{"taxonomy":"post_tag","embeddable":true,"href":"https:\/\/www.europesays.com\/fr\/wp-json\/wp\/v2\/tags?post=326895"}],"curies":[{"name":"wp","href":"https:\/\/api.w.org\/{rel}","templated":true}]}}