{"id":326899,"date":"2025-08-18T10:55:13","date_gmt":"2025-08-18T10:55:13","guid":{"rendered":"https:\/\/www.europesays.com\/fr\/326899\/"},"modified":"2025-08-18T10:55:13","modified_gmt":"2025-08-18T10:55:13","slug":"alex-marquez-juge-le-long-lap-trop-penalisant-au-red-bull-ring","status":"publish","type":"post","link":"https:\/\/www.europesays.com\/fr\/326899\/","title":{"rendered":"\u00c1lex M\u00e1rquez juge le long-lap trop p\u00e9nalisant au Red Bull Ring"},"content":{"rendered":"<p>Avant m\u00eame d&rsquo;entamer le week-end, <a href=\"https:\/\/fr.motorsport.com\/driver\/alex-marquez\/96324\/\" target=\"_blank\" rel=\"noopener nofollow\">\u00c1lex M\u00e1rquez<\/a> savait que ses chances de briller au Red Bull Ring \u00e9taient compromises par le <a href=\"https:\/\/fr.motorsport.com\/motogp\/news\/penalite-long-lap-definition-fonctionnement-explications\/6516270\/\" rel=\"nofollow noopener\" target=\"_blank\">long-lap<\/a> re\u00e7u \u00e0 Brno pour avoir <a href=\"https:\/\/fr.motorsport.com\/motogp\/news\/alex-marquez-week-end-noir-chute-mir\/10743684\/\" rel=\"nofollow noopener\" target=\"_blank\">provoqu\u00e9 la chute<\/a> de <a href=\"https:\/\/fr.motorsport.com\/driver\/joan-mir\/289392\/\" target=\"_blank\" rel=\"noopener nofollow\">Joan Mir<\/a>. Passer dans le chemin impos\u00e9 a selon lui \u00e9t\u00e9 plus p\u00e9nalisant qu&rsquo;\u00e0 l&rsquo;accoutum\u00e9e en raison de la configuration du circuit.<\/p>\n<p>\u00c0 Spielberg, le long-lap est situ\u00e9 au premier virage et les pilotes doivent d&rsquo;abord tirer tout droit puis bifurquer sur la droite. Puisque M\u00e1rquez a d\u00fb faire ce passage dans la zone impos\u00e9e en d\u00e9but d&rsquo;\u00e9preuve, les pilotes \u00e9taient encore regroup\u00e9s et la sanction l&rsquo;a fait passer de la quatri\u00e8me \u00e0 la 13e place, en perdant plus de temps que s&rsquo;il avait \u00e9t\u00e9 p\u00e9nalis\u00e9 sur un autre trac\u00e9.<\/p>\n<p>\u00ab\u00a0Ce n&rsquo;est pas tr\u00e8s juste que tous les long-laps ne soient pas les m\u00eames, sur beaucoup de pistes on perd entre 1&Prime;7 et 2&Prime;3 mais ici j&rsquo;ai perdu 3&Prime;6, donc c&rsquo;est comme un double long-lap\u00a0\u00bb, a d\u00e9plor\u00e9 \u00c1lex M\u00e1rquez, interrog\u00e9 par le site officiel du championnat.<\/p>\n<p>Une fois face \u00e0 la presse \u00e9crite, le pilote Gresini a rappel\u00e9 que la question avait \u00e9t\u00e9 soulev\u00e9e en 2022, apr\u00e8s une situation inverse quand le long-lap <a href=\"https:\/\/fr.motorsport.com\/motogp\/news\/aleix-espargaro-long-lap-blague-silverstone\/10349305\/\" rel=\"nofollow noopener\" target=\"_blank\">ne paraissait pas suffisamment p\u00e9nalisant \u00e0 Silverstone<\/a>. Il d\u00e9plore que rien n&rsquo;ait \u00e9t\u00e9 fait pour am\u00e9liorer la situation.<\/p>\n<p>\u00ab\u00a0On en a parl\u00e9 il y a environ trois ans. En th\u00e9orie, ils \u00e9taient d\u00e9j\u00e0 \u00e9quivalents sur toutes les pistes mais tant qu&rsquo;on n&rsquo;en fait pas un, on ne r\u00e9alise pas que c&rsquo;est si long. Et ici, c&rsquo;est dangereux, parce que quand on passe \u00e0 gauche, on a vu Marc [M\u00e1rquez] tomber l\u00e0 pendant le warm-up en 2023, \u00e0 l&rsquo;endroit o\u00f9 on revient vers la piste. \u00c7a ne va pas. Tant qu&rsquo;un pilote ne dit rien, ils ne changent pas les choses. C&rsquo;est un \u00e9l\u00e9ment que le championnat devra am\u00e9liorer \u00e0 l&rsquo;avenir. Il faudra avancer sur ces probl\u00e8mes.\u00a0\u00bb<\/p>\n<p>La prudence assum\u00e9e de M\u00e1rquez<br \/>\n   <img decoding=\"async\" draggable=\"false\" src=\"https:\/\/www.europesays.com\/fr\/wp-content\/uploads\/2025\/08\/jorge-martin-aprilia-racing-fr.jpg\" alt=\"Jorge Martin, Aprilia Racing, Franco Morbidelli, VR46 Racing Team, Alex Marquez, Gresini Racing\" width=\"1200\" height=\"800\" loading=\"lazy\"\/> <\/p>\n<p class=\"title\">Le d\u00e9passement d&rsquo;\u00c1lex M\u00e1rquez sur Franco Morbidelli et Jorge Mart\u00edn.<\/p>\n<p class=\"photographer\">Photo de: Gold and Goose Photography \/ LAT Images \/ via Getty Images<\/p>\n<p>Le long-lap a totalement compromis la course d&rsquo;\u00c1lex M\u00e1rquez dimanche. Une fois la p\u00e9nalit\u00e9 effectu\u00e9e, il s&rsquo;est imm\u00e9diatement d\u00e9barrass\u00e9 de <a href=\"https:\/\/fr.motorsport.com\/driver\/franco-morbidelli\/109417\/\" target=\"_blank\" rel=\"noopener nofollow\">Franco Morbidelli<\/a> et <a href=\"https:\/\/fr.motorsport.com\/driver\/jorge-martin\/109391\/\" target=\"_blank\" rel=\"noopener nofollow\">Jorge Mart\u00edn<\/a>, dans une m\u00eame man\u0153uvre annon\u00e7ant une belle remont\u00e9e&#8230; qui ne s&rsquo;est pas concr\u00e9tis\u00e9e. M\u00e1rquez a longtemps but\u00e9 sur <a href=\"https:\/\/fr.motorsport.com\/driver\/johann-zarco\/96107\/\" target=\"_blank\" rel=\"noopener nofollow\">Johann Zarco<\/a>, finalement l&rsquo;unique pilote suppl\u00e9mentaire sur qui il a pris l&rsquo;avantage.<\/p>\n<p>Il assum\u00e9 d&rsquo;avoir pr\u00e9f\u00e9r\u00e9 assurer la dixi\u00e8me place que de risquer une nouvelle chute co\u00fbteuse, apr\u00e8s celles d&rsquo;Assen et Brno\u00a0: \u00ab\u00a0J&rsquo;\u00e9tais l\u00e0, je sentais qu&rsquo;avec les turbulences et cette forte chaleur, les sensations n&rsquo;\u00e9taient pas excellentes, donc on a d\u00e9cid\u00e9 d&rsquo;y aller calmement. Le gain aurait \u00e9t\u00e9 d&rsquo;un ou deux points de plus, pour peut-\u00eatre en perdre beaucoup.\u00a0\u00bb<\/p>\n<p>\u00ab\u00a0Je pr\u00e9f\u00e9rais juste finir la course, y aller calmement. Je pense qu&rsquo;on aurait pu faire mieux, je n&rsquo;ai pas tr\u00e8s bien pilot\u00e9 mais je pr\u00e9f\u00e9rais que ce soit comme \u00e7a que faire une nouvelle erreur.\u00a0\u00bb<\/p>\n<p>\u00c1lex M\u00e1rquez pense qu&rsquo;il aurait vu l&rsquo;arriv\u00e9e \u00ab\u00a0entre deuxi\u00e8me et quatri\u00e8me\u00a0\u00bb sans sa p\u00e9nalit\u00e9&#8230; tout en reconnaissant qu&rsquo;il ne figurait pas parmi les plus performants du groupe de t\u00eate\u00a0: \u00ab\u00a0Sinc\u00e8rement, je pense que \u00e7a aurait plus \u00e9t\u00e9 quatri\u00e8me que deuxi\u00e8me.\u00a0\u00bb<\/p>\n<p>En attendant, l&rsquo;\u00e9cart continue de grandir au <a href=\"https:\/\/fr.motorsport.com\/motogp\/news\/championnat-gp-autriche-marche-imperiale-marquez\/10751368\/\" rel=\"nofollow noopener\" target=\"_blank\">championnat<\/a>. Dimanche, <a href=\"https:\/\/fr.motorsport.com\/driver\/marc-marquez\/92646\/\" target=\"_blank\" rel=\"noopener nofollow\">Marc M\u00e1rquez<\/a> a inscrit 19 points de plus que son fr\u00e8re et port\u00e9 son avance \u00e0 142 points.<\/p>\n<p>Lire aussi :<\/p>\n<p>Dans cet article<\/p>\n<p>Soyez le premier inform\u00e9 et souscrivez aux alertes mails pour recevoir les infos en temps r\u00e9el<\/p>\n<p>    S&rsquo;abonner aux alertes de news<\/p>\n","protected":false},"excerpt":{"rendered":"Avant m\u00eame d&rsquo;entamer le week-end, \u00c1lex M\u00e1rquez savait que ses chances de briller au Red Bull Ring \u00e9taient&hellip;\n","protected":false},"author":2,"featured_media":326900,"comment_status":"","ping_status":"","sticky":false,"template":"","format":"standard","meta":{"footnotes":""},"categories":[1413],"tags":[1011,27,34489,3452,1457,1456,1458,34490,60,7896,46385],"class_list":{"0":"post-326899","1":"post","2":"type-post","3":"status-publish","4":"format-standard","5":"has-post-thumbnail","7":"category-moto","8":"tag-fr","9":"tag-france","10":"tag-gp-dautriche","11":"tag-gresini-racing","12":"tag-moto","13":"tag-motocycle","14":"tag-motogp","15":"tag-red-bull-ring","16":"tag-sports","17":"tag-u00c1lex-mu00e1rquez","18":"tag-u00c1lex-mu00e1rquez-juge-le-long-lap-trop-pu00e9nalisant-au-red-bull-ring"},"share_on_mastodon":{"url":"https:\/\/pubeurope.com\/@fr\/115049406413134645","error":""},"_links":{"self":[{"href":"https:\/\/www.europesays.com\/fr\/wp-json\/wp\/v2\/posts\/326899","targetHints":{"allow":["GET"]}}],"collection":[{"href":"https:\/\/www.europesays.com\/fr\/wp-json\/wp\/v2\/posts"}],"about":[{"href":"https:\/\/www.europesays.com\/fr\/wp-json\/wp\/v2\/types\/post"}],"author":[{"embeddable":true,"href":"https:\/\/www.europesays.com\/fr\/wp-json\/wp\/v2\/users\/2"}],"replies":[{"embeddable":true,"href":"https:\/\/www.europesays.com\/fr\/wp-json\/wp\/v2\/comments?post=326899"}],"version-history":[{"count":0,"href":"https:\/\/www.europesays.com\/fr\/wp-json\/wp\/v2\/posts\/326899\/revisions"}],"wp:featuredmedia":[{"embeddable":true,"href":"https:\/\/www.europesays.com\/fr\/wp-json\/wp\/v2\/media\/326900"}],"wp:attachment":[{"href":"https:\/\/www.europesays.com\/fr\/wp-json\/wp\/v2\/media?parent=326899"}],"wp:term":[{"taxonomy":"category","embeddable":true,"href":"https:\/\/www.europesays.com\/fr\/wp-json\/wp\/v2\/categories?post=326899"},{"taxonomy":"post_tag","embeddable":true,"href":"https:\/\/www.europesays.com\/fr\/wp-json\/wp\/v2\/tags?post=326899"}],"curies":[{"name":"wp","href":"https:\/\/api.w.org\/{rel}","templated":true}]}}