{"id":326905,"date":"2025-08-18T10:58:09","date_gmt":"2025-08-18T10:58:09","guid":{"rendered":"https:\/\/www.europesays.com\/fr\/326905\/"},"modified":"2025-08-18T10:58:09","modified_gmt":"2025-08-18T10:58:09","slug":"transfert-a-100me-ce-pote-de-mbappe-lache-sa-reponse-au-psg-le10sport","status":"publish","type":"post","link":"https:\/\/www.europesays.com\/fr\/326905\/","title":{"rendered":"Transfert \u00e0 100M\u20ac : Ce pote de Mbapp\u00e9 l\u00e2che sa r\u00e9ponse au PSG ! &#8211; Le10Sport"},"content":{"rendered":"<ol>\n<li><a href=\"https:\/\/news.google.com\/rss\/articles\/CBMiqwFBVV95cUxQZU9zc3AyUld2bGxhdmRLT2lYbGFwSUgyb1N4eHg1aEdxV0daekRKQm9zZngwSl9NUk1SdlRYTXpfenc5ajQtUi1kZDNORS1PbjFBbE04S2dQVFBaQ1RqbFNNVFpRd0FDS3gxYjdfc01fSmNDYTdHRTY0cFljZEhhMzQ1TWhUWktLTE9pb0ZWUnZhdFRXcmhBUVM0eXlud05QTVJkMWVvUThQVjA?oc=5\" target=\"_blank\" rel=\"nofollow noopener\">Transfert \u00e0 100M\u20ac : Ce pote de Mbapp\u00e9 l\u00e2che sa r\u00e9ponse au PSG !<\/a>&nbsp;&nbsp;Le10Sport<\/li>\n<li><a href=\"https:\/\/news.google.com\/rss\/articles\/CBMilgFBVV95cUxPM0VoRGk0NnlvZldEelNlbktGUFlJbjRfLVNHWnFDODNVWEhaN05ubld1YWZuc0tKWU1EdkZRSjlmVVE1bHRjUkpxWFBNT21tUkJLcEJqZVNaeEhodkpEQzN3dEw4LUlRMjdaY21xcktfS0ZBc3lrUTJoeWRKeks2azF3LUhaQ3RvZUhobDBTZ1NPUk1EVWc?oc=5\" target=\"_blank\" rel=\"nofollow noopener\">350 M\u20ac pour Mbapp\u00e9, c\u2019est du jamais vu !<\/a>&nbsp;&nbsp;Sports.fr<\/li>\n<li><a href=\"https:\/\/news.google.com\/rss\/articles\/CBMiiwFBVV95cUxONzBZdG5NZVRUSnc3S2wzNjExRHNpdHZjRVNZTDYxQm5uTFpycGZHbDFxSXhHaTRSaXRHNDV6TF90UTJrajNnT0JpTmlPbkl6X291NkNtUnZ2b1ZmZ0VvVHdNeHVRVXctb0dFYmN5VmVIdWktckQ1LXJFLWgzVjFmNVd3dDJMNXNvd0dj?oc=5\" target=\"_blank\" rel=\"nofollow noopener\">Arabie saoudite : un milliard pour Mbapp\u00e9 !<\/a>&nbsp;&nbsp;Yahoo Actualit\u00e9s<\/li>\n<li><a href=\"https:\/\/news.google.com\/rss\/articles\/CBMifkFVX3lxTE00YkFvdW8wbWpUcWh4UjlCWEFYVzVjdDcxSmcxQlkzcV9GYnRpOGdfWHJuNjdXMW14QVJyOXJQcUxWSW5pR2tBTjM4bEZKR0tJbDlGSnRwTGZyQWVoMC1pR1RFZFVoTWpwaENKb3ZuNkFPdEYtN01uMTlCNmdPdw?oc=5\" target=\"_blank\" rel=\"nofollow noopener\">Un club saoudien propose d&rsquo;acheter Mbapp\u00e9 \u00e0 un prix fou<\/a>&nbsp;&nbsp;Vietnam.vn<\/li>\n<li><a href=\"https:\/\/news.google.com\/rss\/articles\/CBMiZkFVX3lxTE5xSlFsU2QyMXpLV1pDQmNsNE4wOHFOT2d5am40ZzBiWXg3NnJSTUt3WURRY3B1ZHY0Z01kdzNOdmprSVQzMHBhT0Vfdk1YMkJWb2puZlZadjNWZnJIZlYyRVdqZW1lQQ?oc=5\" target=\"_blank\" rel=\"nofollow noopener\">Pour 250 millions, le PSG est pr\u00eat \u00e0 casser sa tirelire<\/a>&nbsp;&nbsp;Linternaute.com<\/li>\n<\/ol>\n","protected":false},"excerpt":{"rendered":"Transfert \u00e0 100M\u20ac : Ce pote de Mbapp\u00e9 l\u00e2che sa r\u00e9ponse au PSG !&nbsp;&nbsp;Le10Sport 350 M\u20ac pour Mbapp\u00e9,&hellip;\n","protected":false},"author":2,"featured_media":326906,"comment_status":"","ping_status":"","sticky":false,"template":"","format":"standard","meta":{"footnotes":""},"categories":[1410],"tags":[63,1011,27,60],"class_list":{"0":"post-326905","1":"post","2":"type-post","3":"status-publish","4":"format-standard","5":"has-post-thumbnail","7":"category-football","8":"tag-football","9":"tag-fr","10":"tag-france","11":"tag-sports"},"share_on_mastodon":{"url":"https:\/\/pubeurope.com\/@fr\/115049418250865259","error":""},"_links":{"self":[{"href":"https:\/\/www.europesays.com\/fr\/wp-json\/wp\/v2\/posts\/326905","targetHints":{"allow":["GET"]}}],"collection":[{"href":"https:\/\/www.europesays.com\/fr\/wp-json\/wp\/v2\/posts"}],"about":[{"href":"https:\/\/www.europesays.com\/fr\/wp-json\/wp\/v2\/types\/post"}],"author":[{"embeddable":true,"href":"https:\/\/www.europesays.com\/fr\/wp-json\/wp\/v2\/users\/2"}],"replies":[{"embeddable":true,"href":"https:\/\/www.europesays.com\/fr\/wp-json\/wp\/v2\/comments?post=326905"}],"version-history":[{"count":0,"href":"https:\/\/www.europesays.com\/fr\/wp-json\/wp\/v2\/posts\/326905\/revisions"}],"wp:featuredmedia":[{"embeddable":true,"href":"https:\/\/www.europesays.com\/fr\/wp-json\/wp\/v2\/media\/326906"}],"wp:attachment":[{"href":"https:\/\/www.europesays.com\/fr\/wp-json\/wp\/v2\/media?parent=326905"}],"wp:term":[{"taxonomy":"category","embeddable":true,"href":"https:\/\/www.europesays.com\/fr\/wp-json\/wp\/v2\/categories?post=326905"},{"taxonomy":"post_tag","embeddable":true,"href":"https:\/\/www.europesays.com\/fr\/wp-json\/wp\/v2\/tags?post=326905"}],"curies":[{"name":"wp","href":"https:\/\/api.w.org\/{rel}","templated":true}]}}